{"id":10305,"date":"2019-03-01T09:54:03","date_gmt":"2019-03-01T07:54:03","guid":{"rendered":"http:\/\/aluksne.lv\/?p=10305"},"modified":"2019-03-01T09:54:03","modified_gmt":"2019-03-01T07:54:03","slug":"10305","status":"publish","type":"post","link":"https:\/\/aluksne.lv\/index.php\/2019\/03\/01\/10305\/","title":{"rendered":""},"content":{"rendered":"<p><strong><a href=\"http:\/\/aluksne.lv\/wp-content\/uploads\/2019\/03\/IMG_0899.jpg\"><img loading=\"lazy\" decoding=\"async\" class=\" wp-image-10306 alignright\" src=\"http:\/\/aluksne.lv\/wp-content\/uploads\/2019\/03\/IMG_0899-1024x522.jpg\" alt=\"\" width=\"557\" height=\"284\" data-id=\"10306\" srcset=\"https:\/\/aluksne.lv\/wp-content\/uploads\/2019\/03\/IMG_0899-1024x522.jpg 1024w, https:\/\/aluksne.lv\/wp-content\/uploads\/2019\/03\/IMG_0899-300x153.jpg 300w, https:\/\/aluksne.lv\/wp-content\/uploads\/2019\/03\/IMG_0899-768x391.jpg 768w, https:\/\/aluksne.lv\/wp-content\/uploads\/2019\/03\/IMG_0899-1170x596.jpg 1170w\" sizes=\"auto, (max-width: 557px) 100vw, 557px\" \/><\/a>28. febru\u0101r\u012b Al\u016bksnes Kult\u016bras centr\u0101 notika skatuves runas konkurss, kur\u0101 uzst\u0101j\u0101s 61 dal\u012bbnieks no Al\u016bksnes un Apes novada.<\/strong><\/p>\n<p>\nDal\u012bbniekus v\u0113rt\u0113ja \u017e\u016brija- Al\u016bksnes novada pa\u0161vald\u012bbas Kult\u016bras un sporta noda\u013cas vad\u012bt\u0101ja Sanita Egl\u012bte un Zelti\u0146u tautas nama vad\u012bt\u0101ja Gunita Paleja. 4.-6. kla\u0161u grupu v\u0113rt\u0113ja Ulda Sedlenieka Al\u016bksnes Tautas te\u0101tra &#8220;Slieksnis&#8221; re\u017eisore Daiga B\u0113tere. <br \/>\nKonkursanti \u017e\u016brijas v\u0113rt\u0113jum\u0101 sa\u0146\u0113ma 1. un 2. pak\u0101pes. T\u0101l\u0101k tika izvirz\u012bti 4 jaunie\u0161i: 2.-3. kla\u0161u grup\u0101 Linda Kr\u016bmi\u0146a <br \/>\n4.-6. kla\u0161u grup\u0101 Baiba Laicena <br \/>\n7.-9. kla\u0161u grup\u0101 Evel\u012bna \u0100bolti\u0146a<br \/>\nNo Al\u016bksnes B\u0113rnu un jaunie\u0161u centra t\u0101l\u0101k tika izvirz\u012bta Elvita Keita \u0136ikute<br \/>\n\u017d\u016brija slav\u0113ja dal\u012bbnieku uzst\u0101\u0161anos un ir gandar\u012bta ar pan\u0101kumiem 9.-12. kla\u0161u grup\u0101.<br \/>\nApsveicam visus dal\u012bbniekus ar piedal\u012b\u0161anos un v\u0113lam pan\u0101kumus ar\u012b turpm\u0101k!<\/p>\n<p>\n<\/p>\n<p><a href=\"http:\/\/aluksne.lv\/wp-content\/uploads\/2019\/03\/IMG_0820.jpg\"><img loading=\"lazy\" decoding=\"async\" class=\"alignnone size-medium wp-image-10307\" src=\"http:\/\/aluksne.lv\/wp-content\/uploads\/2019\/03\/IMG_0820-200x300.jpg\" alt=\"\" width=\"200\" height=\"300\" data-id=\"10307\" srcset=\"https:\/\/aluksne.lv\/wp-content\/uploads\/2019\/03\/IMG_0820-200x300.jpg 200w, https:\/\/aluksne.lv\/wp-content\/uploads\/2019\/03\/IMG_0820.jpg 512w\" sizes=\"auto, (max-width: 200px) 100vw, 200px\" \/><\/a> <a href=\"http:\/\/aluksne.lv\/wp-content\/uploads\/2019\/03\/IMG_0856.jpg\"><img loading=\"lazy\" decoding=\"async\" class=\"alignnone  wp-image-10308\" src=\"http:\/\/aluksne.lv\/wp-content\/uploads\/2019\/03\/IMG_0856-1024x683.jpg\" alt=\"\" width=\"449\" height=\"300\" data-id=\"10308\" srcset=\"https:\/\/aluksne.lv\/wp-content\/uploads\/2019\/03\/IMG_0856-1024x683.jpg 1024w, https:\/\/aluksne.lv\/wp-content\/uploads\/2019\/03\/IMG_0856-300x200.jpg 300w, https:\/\/aluksne.lv\/wp-content\/uploads\/2019\/03\/IMG_0856-768x512.jpg 768w, https:\/\/aluksne.lv\/wp-content\/uploads\/2019\/03\/IMG_0856-320x213.jpg 320w, https:\/\/aluksne.lv\/wp-content\/uploads\/2019\/03\/IMG_0856-272x182.jpg 272w, https:\/\/aluksne.lv\/wp-content\/uploads\/2019\/03\/IMG_0856.jpg 1152w\" sizes=\"auto, (max-width: 449px) 100vw, 449px\" \/><\/a><\/p>\n","protected":false},"excerpt":{"rendered":"<p>28. febru\u0101r\u012b Al\u016bksnes Kult\u016bras centr\u0101 notika skatuves runas konkurss, kur\u0101 uzst\u0101j\u0101s 61 dal\u012bbnieks no Al\u016bksnes un Apes novada. Dal\u012bbniekus v\u0113rt\u0113ja \u017e\u016brija- Al\u016bksnes novada pa\u0161vald\u012bbas Kult\u016bras un sporta noda\u013cas vad\u012bt\u0101ja Sanita Egl\u012bte un Zelti\u0146u tautas nama vad\u012bt\u0101ja Gunita Paleja. 4.-6. kla\u0161u&#8230;<br \/><a class=\"read-more-button\" href=\"https:\/\/aluksne.lv\/index.php\/2019\/03\/01\/10305\/\">Las\u012bt visu<\/a><\/p>\n","protected":false},"author":1,"featured_media":10306,"comment_status":"closed","ping_status":"open","sticky":false,"template":"","format":"standard","meta":{"_crdt_document":"","_monsterinsights_skip_tracking":false,"_monsterinsights_sitenote_active":false,"_monsterinsights_sitenote_note":"","_monsterinsights_sitenote_category":0,"footnotes":"","_links_to":"","_links_to_target":""},"categories":[6],"tags":[],"class_list":["post-10305","post","type-post","status-publish","format-standard","has-post-thumbnail","hentry","category-aktuali"],"_links":{"self":[{"href":"https:\/\/aluksne.lv\/index.php\/wp-json\/wp\/v2\/posts\/10305","targetHints":{"allow":["GET"]}}],"collection":[{"href":"https:\/\/aluksne.lv\/index.php\/wp-json\/wp\/v2\/posts"}],"about":[{"href":"https:\/\/aluksne.lv\/index.php\/wp-json\/wp\/v2\/types\/post"}],"author":[{"embeddable":true,"href":"https:\/\/aluksne.lv\/index.php\/wp-json\/wp\/v2\/users\/1"}],"replies":[{"embeddable":true,"href":"https:\/\/aluksne.lv\/index.php\/wp-json\/wp\/v2\/comments?post=10305"}],"version-history":[{"count":0,"href":"https:\/\/aluksne.lv\/index.php\/wp-json\/wp\/v2\/posts\/10305\/revisions"}],"wp:featuredmedia":[{"embeddable":true,"href":"https:\/\/aluksne.lv\/index.php\/wp-json\/wp\/v2\/media\/10306"}],"wp:attachment":[{"href":"https:\/\/aluksne.lv\/index.php\/wp-json\/wp\/v2\/media?parent=10305"}],"wp:term":[{"taxonomy":"category","embeddable":true,"href":"https:\/\/aluksne.lv\/index.php\/wp-json\/wp\/v2\/categories?post=10305"},{"taxonomy":"post_tag","embeddable":true,"href":"https:\/\/aluksne.lv\/index.php\/wp-json\/wp\/v2\/tags?post=10305"}],"curies":[{"name":"wp","href":"https:\/\/api.w.org\/{rel}","templated":true}]}}