{"id":10747,"date":"2019-03-24T12:22:56","date_gmt":"2019-03-24T10:22:56","guid":{"rendered":"http:\/\/aluksne.lv\/?p=10747"},"modified":"2019-03-24T15:45:48","modified_gmt":"2019-03-24T13:45:48","slug":"aprit-70-gadi-kops-1949-gada-25-marta-represijam","status":"publish","type":"post","link":"https:\/\/aluksne.lv\/index.php\/2019\/03\/24\/aprit-70-gadi-kops-1949-gada-25-marta-represijam\/","title":{"rendered":"Aprit 70 gadi kop\u0161 1949. gada 25. marta represij\u0101m"},"content":{"rendered":"<p><a href=\"http:\/\/aluksne.lv\/wp-content\/uploads\/2019\/03\/70-gadi-1.png\"><img loading=\"lazy\" decoding=\"async\" class=\" wp-image-10751 alignright\" src=\"http:\/\/aluksne.lv\/wp-content\/uploads\/2019\/03\/70-gadi-1.png\" alt=\"\" width=\"492\" height=\"412\" data-id=\"10751\" srcset=\"https:\/\/aluksne.lv\/wp-content\/uploads\/2019\/03\/70-gadi-1.png 940w, https:\/\/aluksne.lv\/wp-content\/uploads\/2019\/03\/70-gadi-1-300x251.png 300w, https:\/\/aluksne.lv\/wp-content\/uploads\/2019\/03\/70-gadi-1-768x644.png 768w\" sizes=\"auto, (max-width: 492px) 100vw, 492px\" \/><\/a><strong>\u0160ogad aprit 70 gadi kop\u0161 padomju re\u017e\u012bma represij\u0101m pret Latvijas iedz\u012bvot\u0101jiem 1949. gada 25. mart\u0101.<\/strong><\/p>\n<p>Pieminot \u0161o notikumu septi\u0146desmitgadi, Al\u016bksn\u0113 25. mart\u0101 pulksten 9.30 pie M\u0101tes t\u0113la notiks Komunistisk\u0101 genoc\u012bda upuru piemi\u0146as dienai velt\u012bts piemi\u0146as pas\u0101kums, p\u0113c tam &#8211; piemi\u0146as br\u012bdis Al\u016bksnes Lielajos kapos.<\/p>\n<p>Savuk\u0101rt pulksten 11.00 Al\u016bksnes Kult\u016bras centra Mazaj\u0101 z\u0101l\u0113 muzik\u0101ls sveiciens no komponista M\u0101ra Lasma\u0146a, vok\u0101listes Ing\u016bnas Kalni\u0146as un aktrises Anitas Gr\u016bbes.<\/p>\n","protected":false},"excerpt":{"rendered":"<p>\u0160ogad aprit 70 gadi kop\u0161 padomju re\u017e\u012bma represij\u0101m pret Latvijas iedz\u012bvot\u0101jiem 1949. gada 25. mart\u0101. Pieminot \u0161o notikumu septi\u0146desmitgadi, Al\u016bksn\u0113 25. mart\u0101 pulksten 9.30 pie M\u0101tes t\u0113la notiks Komunistisk\u0101 genoc\u012bda upuru piemi\u0146as dienai velt\u012bts piemi\u0146as pas\u0101kums, p\u0113c tam &#8211; piemi\u0146as&#8230;<br \/><a class=\"read-more-button\" href=\"https:\/\/aluksne.lv\/index.php\/2019\/03\/24\/aprit-70-gadi-kops-1949-gada-25-marta-represijam\/\">Las\u012bt visu<\/a><\/p>\n","protected":false},"author":3,"featured_media":10748,"comment_status":"closed","ping_status":"open","sticky":false,"template":"","format":"standard","meta":{"_crdt_document":"","_monsterinsights_skip_tracking":false,"_monsterinsights_sitenote_active":false,"_monsterinsights_sitenote_note":"","_monsterinsights_sitenote_category":0,"footnotes":"","_links_to":"","_links_to_target":""},"categories":[9],"tags":[],"class_list":["post-10747","post","type-post","status-publish","format-standard","has-post-thumbnail","hentry","category-noderiga-informacija"],"_links":{"self":[{"href":"https:\/\/aluksne.lv\/index.php\/wp-json\/wp\/v2\/posts\/10747","targetHints":{"allow":["GET"]}}],"collection":[{"href":"https:\/\/aluksne.lv\/index.php\/wp-json\/wp\/v2\/posts"}],"about":[{"href":"https:\/\/aluksne.lv\/index.php\/wp-json\/wp\/v2\/types\/post"}],"author":[{"embeddable":true,"href":"https:\/\/aluksne.lv\/index.php\/wp-json\/wp\/v2\/users\/3"}],"replies":[{"embeddable":true,"href":"https:\/\/aluksne.lv\/index.php\/wp-json\/wp\/v2\/comments?post=10747"}],"version-history":[{"count":0,"href":"https:\/\/aluksne.lv\/index.php\/wp-json\/wp\/v2\/posts\/10747\/revisions"}],"wp:featuredmedia":[{"embeddable":true,"href":"https:\/\/aluksne.lv\/index.php\/wp-json\/wp\/v2\/media\/10748"}],"wp:attachment":[{"href":"https:\/\/aluksne.lv\/index.php\/wp-json\/wp\/v2\/media?parent=10747"}],"wp:term":[{"taxonomy":"category","embeddable":true,"href":"https:\/\/aluksne.lv\/index.php\/wp-json\/wp\/v2\/categories?post=10747"},{"taxonomy":"post_tag","embeddable":true,"href":"https:\/\/aluksne.lv\/index.php\/wp-json\/wp\/v2\/tags?post=10747"}],"curies":[{"name":"wp","href":"https:\/\/api.w.org\/{rel}","templated":true}]}}