{"id":20031,"date":"2020-05-29T08:11:10","date_gmt":"2020-05-29T05:11:10","guid":{"rendered":"https:\/\/aluksne.lv\/?p=20031"},"modified":"2020-05-29T08:11:10","modified_gmt":"2020-05-29T05:11:10","slug":"aicinajums-piedalities-akcija-apglezno-un-nobilde-ari-tu-savu-pastkastiti","status":"publish","type":"post","link":"https:\/\/aluksne.lv\/index.php\/2020\/05\/29\/aicinajums-piedalities-akcija-apglezno-un-nobilde-ari-tu-savu-pastkastiti\/","title":{"rendered":"Aicin\u0101jums piedal\u012bties akcij\u0101 \u201cApGLEZNO un noBILD\u0112 ar\u012b Tu savu pastkast\u012bti!\u201d"},"content":{"rendered":"<p><a href=\"https:\/\/aluksne.lv\/wp-content\/uploads\/2020\/05\/4-Pastkastites-afisa-majaslapai-scaled.jpg\"><img loading=\"lazy\" decoding=\"async\" class=\" wp-image-20032 alignright\" src=\"https:\/\/aluksne.lv\/wp-content\/uploads\/2020\/05\/4-Pastkastites-afisa-majaslapai-724x1024.jpg\" alt=\"\" width=\"659\" height=\"932\" data-id=\"20032\" srcset=\"https:\/\/aluksne.lv\/wp-content\/uploads\/2020\/05\/4-Pastkastites-afisa-majaslapai-724x1024.jpg 724w, https:\/\/aluksne.lv\/wp-content\/uploads\/2020\/05\/4-Pastkastites-afisa-majaslapai-212x300.jpg 212w, https:\/\/aluksne.lv\/wp-content\/uploads\/2020\/05\/4-Pastkastites-afisa-majaslapai-768x1086.jpg 768w, https:\/\/aluksne.lv\/wp-content\/uploads\/2020\/05\/4-Pastkastites-afisa-majaslapai-1086x1536.jpg 1086w, https:\/\/aluksne.lv\/wp-content\/uploads\/2020\/05\/4-Pastkastites-afisa-majaslapai-1448x2048.jpg 1448w, https:\/\/aluksne.lv\/wp-content\/uploads\/2020\/05\/4-Pastkastites-afisa-majaslapai-1170x1655.jpg 1170w, https:\/\/aluksne.lv\/wp-content\/uploads\/2020\/05\/4-Pastkastites-afisa-majaslapai-scaled.jpg 1810w\" sizes=\"auto, (max-width: 659px) 100vw, 659px\" \/><\/a>\u0160aj\u0101 visiem tik sare\u017e\u0123\u012btaj\u0101, trauksmes un p\u0101rdomu pilnaj\u0101 laik\u0101 <strong>\u201cBIL\u017dU BIROJS\u201d aicina<\/strong> saglab\u0101t mo\u017eu garu, nedaudz &#8220;izkr\u0101sot&#8221; savu ikdienu, <strong>piedaloties akcij\u0101 \u201cApGLEZNO un noBILD\u0112 ar\u012b Tu savu pastkast\u012bti!\u201d un k\u013c\u016bstot par m\u016bzikas un m\u0101kslas festiv\u0101la \u201cBILDES 2020\u201d nekl\u0101tienes dal\u012bbnieku.<\/strong><\/p>\n<p>M\u016bsdien\u0101s cilv\u0113ki aizvien vair\u0101k par sazi\u0146as avotu izmanto internetu un soci\u0101los t\u012bklus, bet nekas nevar b\u016bt personisk\u0101ks par pastkast\u012bt\u0113 sa\u0146emtu, ar roku rakst\u012btu v\u0113stuli vai atkl\u0101tni, ko uz m\u0101j\u0101m atg\u0101d\u0101jis pastnieks. Pastkast\u012bti ik dienu uzl\u016bkojam, ar\u012b gaidot savus iecien\u012btos preses izdevumus. Var\u0113tu teikt, ka pastkast\u012bte ir m\u0101jvieta zi\u0146\u0101m, p\u0101rsteigumiem, lab\u0101m dom\u0101m, v\u0113l\u0113jumiem un sap\u0146iem.<\/p>\n<p>T\u0101p\u0113c pal\u016bkosimies, k\u0101das ir m\u016bsu pastkast\u012btes \u2013 vai t\u0101s e\u0146\u0123es, kramp\u012b\u0161us v\u0113l nav pamat\u012bgi sa\u0113dis laika zobs? Varb\u016bt pa\u0161\u0101 pastkast\u012bt\u0113 jau k\u0101du laiku iem\u0101jojusi r\u016bsa? Vai daudzu gadu lietus un sniegi nav l\u012bdz nepaz\u012b\u0161anai p\u0101rv\u0113rtu\u0161i vect\u0113va darin\u0101to koka pastkast\u012bti? Iesp\u0113jams, ce\u013cmalas pastkast\u012bte klusi skumst p\u0113c svaigas kr\u0101sas k\u0101rtas un nelielas pielabo\u0161anas\u2026 bet tikko veikal\u0101 pirkt\u0101, jaun\u0101 pastkast\u012bte priec\u0101tos par nelielu, bet \u012bpa\u0161u akcentu.<\/p>\n<p><strong>Sakopjot savas m\u0101jas un d\u0101rzus, \u0146emsim rok\u0101s ne tikai gr\u0101bek\u013cus un l\u0101pstas, bet ar\u012b otas un kr\u0101su bund\u017eas un rado\u0161i atjaunosim un <em>m\u0101kslinieciskosim<\/em> savas pastkast\u012btes!<\/strong><\/p>\n<p><strong>Sar\u012bkosim talku un m\u0101kslas dienas sav\u0101 pagalm\u0101! Atjaunosim novecoju\u0161\u0101s vai darin\u0101sim jaunas, funkcion\u0101las pastkast\u012btes no m\u0101j\u0101s pieejamiem materi\u0101liem!<\/strong><\/p>\n<p><strong>Akcijas ietvaros priv\u0101to pastkast\u012b\u0161u \u012bpa\u0161nieki kop\u0101 ar b\u0113rniem un citiem \u0123imenes locek\u013ciem tiek aicin\u0101ti rado\u0161i izdai\u013cot savas piem\u0101jas pastkast\u012btes, padar\u012bt t\u0101s kr\u0101sainas un \u012bpa\u0161as, lai atjaunot\u0101 pastkast\u012bte k\u013c\u016btu par m\u0101jas viz\u012btkarti un ar\u012b par ori\u0123in\u0101lu vides objektu.<\/strong><\/p>\n<p><strong>Apgleznot savas pastkast\u012btes aicin\u0101tas ar\u012b novadu pa\u0161vald\u012bbas, pagastu p\u0101rvaldes, pils\u0113tu domes un apkaimju biedr\u012bbas, m\u0101c\u012bbu iest\u0101des, bibliot\u0113kas un nevalstisk\u0101s organiz\u0101cijas. <\/strong><\/p>\n<p>Ideju par pastkast\u012b\u0161u <em>m\u0101ksliniecisko\u0161anu<\/em>, dom\u0101jot par v\u0113stu\u013cu s\u016bt\u012b\u0161anas un sa\u0146em\u0161anas burv\u012bbu, festiv\u0101la \u201cBILDES\u201d dal\u012bbnieki (m\u016bzi\u0137i, m\u0101kslinieki, fotogr\u0101fi, \u017eurn\u0101listi u.c., k\u0101 ar\u012b vi\u0146u b\u0113rni) \u012bstenoja p\u0113rn, kad pie\u0161\u0137\u012bra t\u0101m jaunu, neierastu veidolu.<\/p>\n<p><strong>Akcijas izaicin\u0101jums Jums \u2013 dariet k\u0101 m\u0113s, dariet lab\u0101k par mums!<\/strong><\/p>\n<p><strong>Iedvesmai:<\/strong><\/p>\n<ul>\n<li>neliels atskats izst\u0101des tap\u0161an\u0101 \u201cBIL\u017dU 2019\u201d vasaras nometn\u0113\u00a0\u2013 <a href=\"https:\/\/ej.uz\/nometneBILDES2019\">https:\/\/ej.uz\/nometneBILDES2019<\/a> ;<\/li>\n<li>publik\u0101cija par izst\u0101des \u201cPastkast\u012btes\u201d atkl\u0101\u0161anu tirdzniec\u012bbas centr\u0101 \u201cSpice Home\u201d\u00a0\u2013 <a href=\"https:\/\/ej.uz\/bilzu-izstade2019\">https:\/\/ej.uz\/bilzu-izstade2019<\/a>.<\/li>\n<\/ul>\n<p>Pastkast\u012btes <em>m\u0101ksliniecisko\u0161anai<\/em> var izmantot jebk\u0101dus materi\u0101lus un tehnisko izpild\u012bjumu\u00a0\u2013 glezno\u0161anu, kal\u0161anu, kokgrebumu veido\u0161anu, \u0161\u016b\u0161anu, kl\u016bgu p\u012b\u0161anu, kol\u0101\u017eu veido\u0161anu, ploter\u0113\u0161anu, datorsalikumu izmanto\u0161anu vai pat pavisam jaunu \u012bpa\u0161u autortehniku. Lai sagatavotu ilgnotur\u012bgus darbus, j\u0101atceras, ka ikdien\u0101 pastkast\u012bte b\u016bs pak\u013cauta laikapst\u0101k\u013cu ietekmei, t\u0101p\u0113c ieteicams izv\u0113l\u0113ties \u0101ra darbiem piem\u0113rotas un notur\u012bgas kr\u0101sas un materi\u0101lus.<\/p>\n<p><strong>Lai piedal\u012btos akcij\u0101<\/strong>, m\u0101kslinieciskojuma autors vai t\u0101 p\u0101rst\u0101vis ar \u012bpa\u0161nieka piekri\u0161anu pastkast\u012bti nofotograf\u0113 lab\u0101 kvalit\u0101t\u0113 (divas fotogr\u0101fijas \u2013 viena tuvpl\u0101n\u0101, otra \u2013 re\u0101laj\u0101 vid\u0113) un l\u012bdz 2020. gada 10. septembrim nos\u016bta uz e-pastu <a href=\"mailto:pastkastites@bildes.lv\">pastkastites@bildes.lv<\/a>, v\u0113stul\u0113 nor\u0101dot darba autora\/-u v\u0101rdu, uzv\u0101rdu, vecumu, pilnu pastkast\u012btes atra\u0161an\u0101s vietas adresi, darba nosaukumu un \u012bsu st\u0101stu par pastkast\u012btes m\u0101ksliniecisko\u0161anas ideju. Papildus aicin\u0101m ies\u016bt\u012bt ar\u012b fotogr\u0101fijas ar pastkast\u012bt\u0113m pirms <em>m\u0101ksliniecisko\u0161anas<\/em>, k\u0101 ar\u012b autoru pa\u0161portretus kop\u0101 ar m\u0101kslinieciskojumu.<\/p>\n<p>M\u0101kslas darbu autori aicin\u0101ti public\u0113t savas apgleznot\u0101s pastkast\u012btes un to tap\u0161anas gaitu foto un video form\u0101t\u0101 soci\u0101lajos t\u012bklos Facebook, Instagram, Draugiem.lv izmantojot t\u0113mturus #Pastkastites un #paliecm\u0101j\u0101s un pievienojot\/<em>ietagojot<\/em> @FestivalsBildes, lai \u201cBIL\u017dU BIROJS\u201d var\u0113tu sekot l\u012bdzi un dal\u012bties ar \u0161iem ierakstiem savos soci\u0101lajos t\u012bklos.<\/p>\n<p>Akcijas laik\u0101 un p\u0113c t\u0101s nosl\u0113guma \u201cBIL\u017dU BIROJS\u201d apkopos ies\u016bt\u012bto darbu fotogr\u0101fijas. Interesant\u0101kie darbi tiks public\u0113ti festiv\u0101la \u201cBILDES\u201d virtu\u0101laj\u0101 galerij\u0101 m\u0101jaslap\u0101 <a href=\"http:\/\/www.bildes.lv\">www.bildes.lv<\/a> un festiv\u0101la soci\u0101lajos t\u012bklos.<\/p>\n<p>Festiv\u0101la \u201cBILDES\u201d m\u0101kslinieku \u017e\u016brija izv\u0113rt\u0113s ies\u016bt\u012btos darbus. Interesant\u0101ko ies\u016bt\u012bto darbu autori uz v\u0113stul\u0113 nor\u0101d\u012bto pastkast\u012btes atra\u0161an\u0101s vietas adresi sa\u0146ems \u201cBIL\u017dU BIROJA\u201d pateic\u012bbas rakstus \u2013 apliecin\u0101jumu par \u201cBIL\u017dU\u201d nekl\u0101tienes dal\u012bbnieka statusu. Ne maz\u0101k k\u0101 10 \u017e\u016brijas izv\u0113l\u0113tu darbu autoriem tiks pie\u0161\u0137irtas veicin\u0101\u0161anas balvas.<\/p>\n<p>P\u0113c ies\u016bt\u012bto darbu skaita un nor\u0101d\u012btaj\u0101m adres\u0113m tiks noteikti akcijas akt\u012bv\u0101kie novadi un pils\u0113tas.<\/p>\n<p>Nolikums un cita inform\u0101cija par akciju \u201cBIL\u017dU\u201d m\u0101jaslap\u0101 \u2013 <a href=\"http:\/\/www.bildes.lv\">www.bildes.lv<\/a>. Jaut\u0101jumu gad\u012bjum\u0101 dro\u0161i zvaniet (t\u0101lr.: 29282866 &#8211; Tija) vai rakstiet (e-pasts: <a href=\"mailto:bildes@bildes.lv\">bildes@bildes.lv<\/a>).<\/p>\n<p>Akcija iecer\u0113ta k\u0101 kr\u0101sains uzmundrin\u0101jums un sava rado\u0161uma apliecin\u0101jums pa\u0161iem sev un apk\u0101rt\u0113jiem.<\/p>\n<p><strong>Ceram, ka ar pla\u0161u pastkast\u012b\u0161u galeriju Latvijas laukos un pils\u0113t\u0101s \u0161aj\u0101 ruden\u012b sagaid\u012bsim Latvijas sen\u0101k\u0101 m\u016bzikas un m\u0101kslas festiv\u0101la \u201eBILDES\u201d\u00a0 35 gadu jubileju.<\/strong><\/p>\n<p>Rad\u012bsim prieku pa\u0161i sev, kaimi\u0146iem, gar\u0101mg\u0101j\u0113jiem un \u010daklajiem pastniekiem! Aicin\u0101sim akcijai pievienoties ar\u012b draugus, radus, darba kol\u0113\u0123us un skolasbiedrus!<br \/>\nLai PRIEKS vairo PRIEKU!<br \/>\nTIKAI T\u0100!<\/p>\n<p style=\"text-align: left;\">Akcijas aktualit\u0101t\u0113m var\u0113siet sekot m\u016bzikas un m\u0101kslas festiv\u0101la \u201cBILDES\u201d m\u0101jaslap\u0101 <a href=\"http:\/\/www.bildes.lv\">www.bildes.lv<\/a> un soci\u0101lo t\u012bklu lap\u0101s:<\/p>\n<p style=\"text-align: left;\"><em>Facebook &#8211; <\/em><a href=\"https:\/\/www.facebook.com\/FestivalsBildes\/\">https:\/\/www.facebook.com\/FestivalsBildes\/<\/a>;<br \/>\n<em>Instagram &#8211; <\/em><a href=\"https:\/\/www.instagram.com\/bilzu_birojs\/\">https:\/\/www.instagram.com\/bilzu_birojs\/<\/a>;<br \/>\n<em>Draugiem <\/em>&#8211; <a href=\"https:\/\/www.draugiem.lv\/festivalsBILDES\/\">https:\/\/www.draugiem.lv\/festivalsBILDES\/<\/a>.<\/p>\n<p style=\"text-align: right;\"><em>Tija Auzi\u0146a<\/em><br \/>\n<em>\u201eBIL\u017dU BIROJS\u201d<\/em><\/p>\n","protected":false},"excerpt":{"rendered":"<p>\u0160aj\u0101 visiem tik sare\u017e\u0123\u012btaj\u0101, trauksmes un p\u0101rdomu pilnaj\u0101 laik\u0101 \u201cBIL\u017dU BIROJS\u201d aicina saglab\u0101t mo\u017eu garu, nedaudz &#8220;izkr\u0101sot&#8221; savu ikdienu, piedaloties akcij\u0101 \u201cApGLEZNO un noBILD\u0112 ar\u012b Tu savu pastkast\u012bti!\u201d un k\u013c\u016bstot par m\u016bzikas un m\u0101kslas festiv\u0101la \u201cBILDES 2020\u201d nekl\u0101tienes dal\u012bbnieku. M\u016bsdien\u0101s&#8230;<br \/><a class=\"read-more-button\" href=\"https:\/\/aluksne.lv\/index.php\/2020\/05\/29\/aicinajums-piedalities-akcija-apglezno-un-nobilde-ari-tu-savu-pastkastiti\/\">Las\u012bt visu<\/a><\/p>\n","protected":false},"author":1,"featured_media":20033,"comment_status":"closed","ping_status":"open","sticky":false,"template":"","format":"standard","meta":{"_crdt_document":"","_monsterinsights_skip_tracking":false,"_monsterinsights_sitenote_active":false,"_monsterinsights_sitenote_note":"","_monsterinsights_sitenote_category":0,"footnotes":"","_links_to":"","_links_to_target":""},"categories":[9],"tags":[],"class_list":["post-20031","post","type-post","status-publish","format-standard","has-post-thumbnail","hentry","category-noderiga-informacija"],"_links":{"self":[{"href":"https:\/\/aluksne.lv\/index.php\/wp-json\/wp\/v2\/posts\/20031","targetHints":{"allow":["GET"]}}],"collection":[{"href":"https:\/\/aluksne.lv\/index.php\/wp-json\/wp\/v2\/posts"}],"about":[{"href":"https:\/\/aluksne.lv\/index.php\/wp-json\/wp\/v2\/types\/post"}],"author":[{"embeddable":true,"href":"https:\/\/aluksne.lv\/index.php\/wp-json\/wp\/v2\/users\/1"}],"replies":[{"embeddable":true,"href":"https:\/\/aluksne.lv\/index.php\/wp-json\/wp\/v2\/comments?post=20031"}],"version-history":[{"count":0,"href":"https:\/\/aluksne.lv\/index.php\/wp-json\/wp\/v2\/posts\/20031\/revisions"}],"wp:featuredmedia":[{"embeddable":true,"href":"https:\/\/aluksne.lv\/index.php\/wp-json\/wp\/v2\/media\/20033"}],"wp:attachment":[{"href":"https:\/\/aluksne.lv\/index.php\/wp-json\/wp\/v2\/media?parent=20031"}],"wp:term":[{"taxonomy":"category","embeddable":true,"href":"https:\/\/aluksne.lv\/index.php\/wp-json\/wp\/v2\/categories?post=20031"},{"taxonomy":"post_tag","embeddable":true,"href":"https:\/\/aluksne.lv\/index.php\/wp-json\/wp\/v2\/tags?post=20031"}],"curies":[{"name":"wp","href":"https:\/\/api.w.org\/{rel}","templated":true}]}}