{"id":20525,"date":"2020-07-14T23:26:08","date_gmt":"2020-07-14T20:26:08","guid":{"rendered":"https:\/\/aluksne.lv\/?p=20525"},"modified":"2020-07-30T13:32:48","modified_gmt":"2020-07-30T10:32:48","slug":"aluksnes-pilsetas-svetki-2020-gada-30-julijs-2-augusts","status":"publish","type":"post","link":"https:\/\/aluksne.lv\/index.php\/2020\/07\/14\/aluksnes-pilsetas-svetki-2020-gada-30-julijs-2-augusts\/","title":{"rendered":"AL\u016aKSNES PILS\u0112TAS SV\u0112TKI 2020. gada 30. j\u016blijs &#8211; 2. augusts"},"content":{"rendered":"<table class=\"pienem\">\n<tbody>\n<tr>\n<td style=\"width: 100%;\"><a href=\"https:\/\/aluksne.lv\/index.php\/2020\/07\/30\/aicina-velobrauciena-izgaismo-aluksni\/\" target=\"_blank\" rel=\"noopener noreferrer\">Aicina velobraucien\u0101 \u201cIzGAISMO AL\u016aKSNI\u201d<\/a><\/td>\n<\/tr>\n<tr>\n<td style=\"width: 100%;\"><a href=\"https:\/\/aluksne.lv\/index.php\/2020\/07\/30\/aluksnes-muziki-un-muzikanti-svetkos-prieces-vairakos-pagalmos\/\" target=\"_blank\" rel=\"noopener noreferrer\">Al\u016bksnes m\u016bzi\u0137i un muzikanti sv\u0113tkos priec\u0113s vair\u0101kos pagalmos<\/a><\/td>\n<\/tr>\n<tr>\n<td style=\"width: 100%;\"><a href=\"https:\/\/aluksne.lv\/index.php\/2020\/07\/27\/aluksnes-pilsetas-svetku-laika-autotransporta-kustibai-bus-slegti-vairaki-ielu-posmi\/\" target=\"_blank\" rel=\"noopener noreferrer\">Al\u016bksnes pils\u0113tas sv\u0113tku laik\u0101 autotransporta kust\u012bbai b\u016bs sl\u0113gti vair\u0101ki ielu posmi<\/a><\/td>\n<\/tr>\n<tr>\n<td style=\"width: 100%;\"><a href=\"https:\/\/aluksne.lv\/index.php\/2020\/07\/24\/31-julija-un-1-augusta-bus-papildu-maksas-reisi-uz-aluksnes-lielajiem-kapiem\/\" target=\"_blank\" rel=\"noopener noreferrer\">31. j\u016blij\u0101 un 1. august\u0101 b\u016bs papildu maksas reisi uz Al\u016bksnes Lielajiem kapiem<\/a><\/td>\n<\/tr>\n<tr>\n<td style=\"width: 100%;\"><a href=\"https:\/\/aluksne.lv\/wp-content\/uploads\/2020\/07\/iag.jpg\">Al\u016bksnes viesm\u012bl\u012bbas un \u0113din\u0101\u0161anas uz\u0146\u0113mumu pied\u0101v\u0101jums &#8211; \u201cIzbaudi Al\u016bksnes gar\u0161u!\u201d<\/a><\/td>\n<\/tr>\n<tr>\n<td style=\"width: 100%;\"><a href=\"https:\/\/aluksne.lv\/index.php\/2020\/07\/07\/guntara-raca-un-grupas-saldas-sejas-koncerts-uz-ezera-skatitajiem-laivas\/\" target=\"_blank\" rel=\"noopener noreferrer\">Guntara Ra\u010da un grupas\u00a0\u201cSald\u0101s sejas\u201d koncerts uz ezera skat\u012bt\u0101jiem laiv\u0101s<\/a><\/td>\n<\/tr>\n<tr>\n<td style=\"width: 100%;\"><a href=\"https:\/\/aluksne.lv\/index.php\/2020\/07\/02\/aluksnes-pilsetas-svetku-2020-amatnieku-un-majrazotaju-tirdzina-nolikums\/\" target=\"_blank\" rel=\"noopener noreferrer\">AL\u016aKSNES PILS\u0112TAS SV\u0112TKU 2020 AMATNIEKU UN M\u0100JRA\u017dOT\u0100JU TIRDZI\u0145A NOLIKUMS<\/a><strong><br \/>\n<\/strong><\/td>\n<\/tr>\n<tr>\n<td style=\"width: 100%;\"><strong><a href=\"https:\/\/aluksne.lv\/index.php\/2020\/07\/02\/aicinam-pieteikt-jaundzimusos-mazulus-suminasanai-aluksnes-pilsetas-svetkos\/\" target=\"_blank\" rel=\"noopener noreferrer\">Aicin\u0101m pieteikt jaundzimu\u0161os mazu\u013cus sumin\u0101\u0161anai Al\u016bksnes pils\u0113tas sv\u0113tkos<\/a><\/strong><\/td>\n<\/tr>\n<\/tbody>\n<\/table>\n<p>&nbsp;<\/p>\n<p><span style=\"font-size: 14pt;\"><strong><u>Ceturtdiena, 30. j\u016blijs<a href=\"https:\/\/aluksne.lv\/wp-content\/uploads\/2020\/06\/FB_event_2020-3.png\"><img loading=\"lazy\" decoding=\"async\" class=\"size-large wp-image-20526 alignright\" src=\"https:\/\/aluksne.lv\/wp-content\/uploads\/2020\/06\/FB_event_2020-3-1024x576.png\" alt=\"\" width=\"734\" height=\"413\" data-id=\"20526\" \/><\/a><\/u><\/strong><\/span><\/p>\n<p><strong>\u00a0<\/strong><\/p>\n<p><strong>Al\u016bksnes Kult\u016bras centra Lielaj\u0101 z\u0101l\u0113<\/strong><\/p>\n<p>20.00\u00a0\u00a0\u00a0\u00a0\u00a0\u00a0\u00a0\u00a0\u00a0\u00a0\u00a0\u00a0\u00a0\u00a0 <strong>Dokument\u0101l\u0101 filma \u201cApskrien Latviju\u201d<\/strong>. Arhitekts un garo distan\u010du skr\u0113j\u0113js, al\u016bksnietis Dins Vec\u0101ns dodas 22 dienu gar\u0101 piedz\u012bvojum\u0101. Ieejas maksa: 5,00 EUR<\/p>\n<p>&nbsp;<\/p>\n<p><strong>Laukum\u0101 pie administrat\u012bv\u0101s \u0113kas<\/strong><\/p>\n<p>21.00\u00a0\u00a0\u00a0\u00a0\u00a0\u00a0\u00a0\u00a0\u00a0\u00a0\u00a0\u00a0\u00a0\u00a0 <strong>Goda ap\u013ca brauciens cauri Al\u016bksnei ar izgaismotiem velosip\u0113diem <a href=\"https:\/\/aluksne.lv\/wp-content\/uploads\/2020\/07\/IzGAISMO-AL\u016aKSNI-PLAK\u0100TS.png\">\u201cIzgaismo Al\u016bksni!\u201d<\/a>. <\/strong>No plkst. 21.00 re\u0123istr\u0101cija, dekor\u0101ciju darbn\u012bcas, \u0161\u0137\u0113r\u0161\u013cu trase, plkst. 22.00 brauciena starts<\/p>\n<p><strong>\u00a0<\/strong><\/p>\n<p><span style=\"font-size: 14pt;\"><strong><u>Piektdiena, 31. j\u016blijs<\/u><\/strong><\/span><\/p>\n<p><strong>Pie Temp\u013ca kalna<\/strong><\/p>\n<p>20.00\u00a0\u00a0\u00a0\u00a0\u00a0\u00a0\u00a0\u00a0\u00a0\u00a0\u00a0\u00a0\u00a0\u00a0 <strong>Grupas<\/strong> \u201c<strong>SALD\u0100S SEJAS\u201d koncerts uz ezera skat\u012bt\u0101jiem laiv\u0101s<\/strong><\/p>\n<p><em>Iev\u0113rojot Ministru kabineta noteikumus Nr. 92 \u201cNoteikumi par ku\u0123o\u0161anas l\u012bdzek\u013cu satiksmi iek\u0161\u0113jos \u016bde\u0146os\u201d<\/em><\/p>\n<p><em>Atra\u0161an\u0101s laiv\u0101s bez gl\u0101b\u0161anas vest\u0113m stingri aizliegta<\/em><\/p>\n<p><em>Pas\u0101kuma laik\u0101 laivas ar motoriem dr\u012bkst atrasties tikai ar izsl\u0113gtiem dzin\u0113jiem<\/em><\/p>\n<p><em>Laivas nepiecie\u0161ams noenkurot<\/em><\/p>\n<p><em>Pirms, p\u0113c un pas\u0101kuma laik\u0101 p\u0101rvieto\u0161an\u0101s iek\u0161ezer\u0101, nep\u0101rsniedzot 5 km\/h<\/em><\/p>\n<p><em>Katrs pats piln\u012bb\u0101 atbild par dro\u0161\u012bbu uz \u016bdens<\/em><\/p>\n<p><strong>\u00a0<\/strong><\/p>\n<p><span style=\"font-size: 14pt;\"><strong><u>Sestdiena, 1. augusts<\/u><\/strong><\/span><\/p>\n<p><strong>Pie Al\u016bksnes Jaun\u0101s pils<\/strong><\/p>\n<p>9.00-15.00\u00a0\u00a0\u00a0\u00a0\u00a0\u00a0 <strong>Al\u016bksnes un kaimi\u0146novadu amatnieku, m\u0101jra\u017eot\u0101ju tirdzi\u0146\u0161 \u201cRad\u012bts Al\u016bksn\u0113 un kaimi\u0146os\u201d<\/strong><\/p>\n<p>11.00-12.00\u00a0\u00a0\u00a0\u00a0 <strong>Laimes stunda \u201cSatiec skurste\u0146slau\u0137us\u201d<\/strong><\/p>\n<p>12.00\u00a0\u00a0\u00a0\u00a0\u00a0\u00a0\u00a0\u00a0\u00a0\u00a0\u00a0\u00a0\u00a0\u00a0 <strong>Jaundzimu\u0161o al\u016bksnie\u0161u sveik\u0161ana, <\/strong><strong>Gada al\u016bksnie\u0161a godin\u0101\u0161ana<\/strong><\/p>\n<p>15.00\u00a0\u00a0\u00a0\u00a0\u00a0\u00a0\u00a0\u00a0\u00a0\u00a0\u00a0\u00a0\u00a0\u00a0 Roberto Meloni gr\u0101matas <strong>\u201cPa Latvijas novadiem ar Roberto\u201d <\/strong>prezent\u0101cijas pas\u0101kums.<\/p>\n<p>B\u016bs iesp\u0113ja ieg\u0101d\u0101ties Roberto gr\u0101matu ar autogr\u0101fu<\/p>\n<p>&nbsp;<\/p>\n<p><strong>Pils\u0113t\u0101<\/strong><\/p>\n<p>Visas dienas garum\u0101\u00a0\u00a0\u00a0\u00a0\u00a0\u00a0\u00a0 <strong>Al\u016bksnes viesm\u012bl\u012bbas un \u0113din\u0101\u0161anas uz\u0146\u0113mumi pied\u0101v\u0101 &#8211; \u201cIzbaudi Al\u016bksnes gar\u0161u!\u201d<\/strong> Kafejn\u012bc\u0101s b\u016bs skat\u0101ma Al\u016bksnes muzeja un viet\u0113jo fotogr\u0101fu un foto entuziastu prezent\u0101cija \u201cAl\u016bksnes \u0113ku foto albums 2020\u201d<\/p>\n<p>11.00-18.00\u00a0\u00a0\u00a0\u00a0 <strong>Muzik\u0101lais mar\u0161ruts \u201cAl\u016bksnes m\u016bzi\u0137i un muzikanti Tav\u0101 pagalm\u0101\u201d<\/strong><\/p>\n<p style=\"padding-left: 80px;\">11.00-13.00 Laurencenes ielas 2 un 4 pagalm\u0101, Apes ielas 4k-1, 4k-2 un 6 pagalm\u0101, O\u0161u ielas 5 pagalm\u0101, kroga \u201cKatr\u012bnkrogs\u201d pagalm\u0101, Pils ielas 9B pagalm\u0101, Pils ielas 34, 36 un Gan\u012bbu ielas 1 pagalm\u0101<\/p>\n<p style=\"padding-left: 80px;\">13.30-15.30 Pilssalas teritorij\u0101, Pils ielas un Oj\u0101ra V\u0101cie\u0161a ielas krustojum\u0101, Vidus ielas 2, 4 un 7 pagalm\u0101, Hel\u0113nas ielas 54 un 53k-3 pagalm\u0101, Pils\u0113tas bulv\u0101ra 5 un 6A pagalm\u0101, D\u0101rza ielas 25, 27 un Me\u017ea ielas 4 pagalm\u0101<\/p>\n<p style=\"padding-left: 80px;\">16.00-18.00 J\u0101\u0146kalna ielas un Br\u012bv\u012bbas ielas krustojums, Br\u012bv\u012bbas ielas 17, 19 un 21 pagalm\u0101, Mer\u0137e\u013ca ielas 17A, 19 un 19A pagalm\u0101, Tor\u0146a ielas 11 un 13 pagalm\u0101, Tor\u0146a ielas 1 un 3 pagalm\u0101, Br\u016b\u017ea ielas 7 pagalm\u0101<\/p>\n<p>20.00\u00a0\u00a0\u00a0\u00a0\u00a0\u00a0\u00a0\u00a0\u00a0\u00a0\u00a0\u00a0\u00a0\u00a0 <strong>Ball\u012bte tie\u0161saist\u0113. Grupa \u201cPutukvass\u201d un \u012bpa\u0161ie viesi<\/strong><\/p>\n<p>Tie\u0161saist\u0113 aicin\u0101m pievienoties Al\u016bksnes novada Facebook kont\u0101<\/p>\n<p>&nbsp;<\/p>\n<p><strong>Al\u016bksnes eva\u0146\u0123\u0113liski luterisk\u0101s bazn\u012bcas d\u0101rz\u0101<\/strong><\/p>\n<p>21.00\u00a0\u00a0\u00a0\u00a0\u00a0\u00a0\u00a0\u00a0\u00a0\u00a0\u00a0\u00a0\u00a0\u00a0 <strong>Noska\u0146u koncerts \u201cZied rozes Al\u016bksnei\u201d<\/strong><\/p>\n<p>\u00a0\u00a0\u00a0\u00a0\u00a0\u00a0\u00a0\u00a0\u00a0\u00a0\u00a0\u00a0\u00a0\u00a0\u00a0\u00a0\u00a0\u00a0\u00a0\u00a0\u00a0\u00a0\u00a0 Muzic\u0113s Rom\u0101ns Vendi\u0146\u0161, Zintis \u017dvarts un Didzis Bi\u010devskis<\/p>\n<p>&nbsp;<\/p>\n<p><strong>Al\u016bksnes Kult\u016bras centra Lielaj\u0101 z\u0101l\u0113<\/strong><\/p>\n<p>13.00\u00a0\u00a0\u00a0\u00a0\u00a0\u00a0\u00a0\u00a0\u00a0\u00a0\u00a0\u00a0\u00a0\u00a0 <strong>Ulda Sedlenieka<\/strong> <strong>Al\u016bksnes Tautas te\u0101tra \u201cSlieksnis\u201d izr\u0101de, <\/strong><strong>Rafijs \u0160arts \u201cMANU SIEVU SAUC MORISS\u201d. <\/strong>Vietu skaits ierobe\u017eots, vecuma ierobe\u017eojums 12+. Ieejas maksa: 5,00\u00a0EUR.<\/p>\n<p>18.00<strong> \u00a0\u00a0\u00a0\u00a0\u00a0\u00a0\u00a0\u00a0\u00a0\u00a0\u00a0\u00a0\u00a0 Al\u016bksnes novada pa\u0161vald\u012bbas apbalvojumu izgl\u012bt\u012bb\u0101, kult\u016br\u0101, uz\u0146\u0113m\u0113jdarb\u012bb\u0101, sport\u0101 un pa\u0161vald\u012bbas darb\u0101 pasnieg\u0161anas ceremonija <\/strong>(sl\u0113gtais pas\u0101kums valst\u012b noteikto ierobe\u017eojumu d\u0113\u013c)<\/p>\n<p>&nbsp;<\/p>\n<p><strong>Al\u016bksnes Kult\u016bras centra st\u0101vlaukum\u0101<\/strong><\/p>\n<p>11.00\u00a0\u00a0\u00a0\u00a0\u00a0\u00a0\u00a0\u00a0\u00a0\u00a0\u00a0\u00a0\u00a0\u00a0 <strong>GHETTO GAMES sacens\u012bbas ielu basketbol\u0101<\/strong><\/p>\n<p style=\"padding-left: 80px;\">Sp\u0113\u013cu norise 11.00-16.00. Piedal\u012bsies komandas no Daugavpils, J\u016brmalas, Siguldas, J\u0113kabpils, Al\u016bksnes u.c.<\/p>\n<p><strong>\u00a0<\/strong><\/p>\n<p><strong>Pilssalas stadion\u0101<\/strong><\/p>\n<p>10.00\u00a0\u00a0\u00a0\u00a0\u00a0\u00a0\u00a0\u00a0\u00a0\u00a0\u00a0\u00a0\u00a0\u00a0 <strong>Latvijas futbola veter\u0101nu komandu sacens\u012bbas<\/strong><\/p>\n<p>&nbsp;<\/p>\n<p><span style=\"font-size: 14pt;\"><strong><u>Sv\u0113tdiena, 2. augusts<\/u><\/strong><\/span><\/p>\n<p><strong>Al\u016bksnes Sv\u0113t\u0101 Bonif\u0101cija Romas kato\u013cu bazn\u012bc\u0101<\/strong><\/p>\n<p>10.00\u00a0\u00a0\u00a0\u00a0\u00a0\u00a0\u00a0\u00a0\u00a0\u00a0\u00a0\u00a0\u00a0\u00a0 <strong>Sv\u0113t\u0101 Mise ar aizl\u016bgumu par miru\u0161ajiem<\/strong><\/p>\n<p><strong>\u00a0<\/strong><\/p>\n<p><strong>Al\u016bksnes eva\u0146\u0123\u0113liski luterisk\u0101 bazn\u012bc\u0101<\/strong><\/p>\n<p>11.00\u00a0\u00a0\u00a0\u00a0\u00a0\u00a0\u00a0\u00a0\u00a0\u00a0\u00a0\u00a0\u00a0\u00a0 <strong>Dievkalpojums ar aizl\u016bgumu par miru\u0161ajiem<\/strong><\/p>\n<p>Dievnamos vietu skaits ierobe\u017eots valst\u012b noteikto ierobe\u017eojumu d\u0113\u013c, aicin\u0101m \u0161aj\u0101 laik\u0101 rast iesp\u0113ju l\u016bgties ar\u012b att\u0101lin\u0101ti.<\/p>\n<p>&nbsp;<\/p>\n<p><strong><u>Sestdiena, 1. augusts \u2013 sv\u0113tdiena, 2. augusts<\/u><\/strong><\/p>\n<p><strong>Atceres laiks Al\u016bksnes Lielajos un Mazajos kapos<\/strong><\/p>\n<p><em>Sakar\u0101 ar ierobe\u017eojumiem, k\u0101di valst\u012b noteikti publisku pas\u0101kumu apmekl\u0113t\u0101ju skaitam, aicin\u0101m iedz\u012bvot\u0101jus savus Al\u016bksnes Lielajos un Mazajos kapos apglab\u0101tos tuviniekus piemin\u0113t un vi\u0146u kapu kopi\u0146as sakopt 1. un 2. august\u0101 visas dienas garum\u0101 vai ar\u012b cit\u0101 sev piem\u0113rot\u0101 laik\u0101, cer\u012bb\u0101, ka n\u0101kamgad kapusv\u0113tki var\u0113s notikt, k\u0101 tas Al\u016bksn\u0113 pierasts. Aicin\u0101m tuviniekus piemin\u0113t dievkalpojumos, kas notiks Al\u016bksnes ev.\u00a0lut. bazn\u012bc\u0101 un Sv.\u00a0Bonif\u0101cija Romas kato\u013cu bazn\u012bc\u0101. Inform\u0113jam, ka bezmaksas papildu autobusu reisi netiks nodro\u0161in\u0101ti sakar\u0101 ar to, ka kapusv\u0113tki netiek organiz\u0113ti. <\/em><\/p>\n<p><span style=\"font-size: 12pt;\"><strong>\u00a0<\/strong><\/span><\/p>\n<p style=\"text-align: center;\"><span style=\"font-size: 14pt;\"><strong>Uz tik\u0161anos Al\u016bksnes pils\u0113tas gadsimta sv\u0113tkos 2021. gad\u0101!<\/strong><\/span><\/p>\n","protected":false},"excerpt":{"rendered":"<p>Aicina velobraucien\u0101 \u201cIzGAISMO AL\u016aKSNI\u201d Al\u016bksnes m\u016bzi\u0137i un muzikanti sv\u0113tkos priec\u0113s vair\u0101kos pagalmos Al\u016bksnes pils\u0113tas sv\u0113tku laik\u0101 autotransporta kust\u012bbai b\u016bs sl\u0113gti vair\u0101ki ielu posmi 31. j\u016blij\u0101 un 1. august\u0101 b\u016bs papildu maksas reisi uz Al\u016bksnes Lielajiem kapiem Al\u016bksnes viesm\u012bl\u012bbas un \u0113din\u0101\u0161anas&#8230;<br \/><a class=\"read-more-button\" href=\"https:\/\/aluksne.lv\/index.php\/2020\/07\/14\/aluksnes-pilsetas-svetki-2020-gada-30-julijs-2-augusts\/\">Las\u012bt visu<\/a><\/p>\n","protected":false},"author":3,"featured_media":20526,"comment_status":"closed","ping_status":"open","sticky":false,"template":"","format":"standard","meta":{"_crdt_document":"","_monsterinsights_skip_tracking":false,"_monsterinsights_sitenote_active":false,"_monsterinsights_sitenote_note":"","_monsterinsights_sitenote_category":0,"footnotes":"","_links_to":"","_links_to_target":""},"categories":[6],"tags":[],"class_list":["post-20525","post","type-post","status-publish","format-standard","has-post-thumbnail","hentry","category-aktuali"],"_links":{"self":[{"href":"https:\/\/aluksne.lv\/index.php\/wp-json\/wp\/v2\/posts\/20525","targetHints":{"allow":["GET"]}}],"collection":[{"href":"https:\/\/aluksne.lv\/index.php\/wp-json\/wp\/v2\/posts"}],"about":[{"href":"https:\/\/aluksne.lv\/index.php\/wp-json\/wp\/v2\/types\/post"}],"author":[{"embeddable":true,"href":"https:\/\/aluksne.lv\/index.php\/wp-json\/wp\/v2\/users\/3"}],"replies":[{"embeddable":true,"href":"https:\/\/aluksne.lv\/index.php\/wp-json\/wp\/v2\/comments?post=20525"}],"version-history":[{"count":0,"href":"https:\/\/aluksne.lv\/index.php\/wp-json\/wp\/v2\/posts\/20525\/revisions"}],"wp:featuredmedia":[{"embeddable":true,"href":"https:\/\/aluksne.lv\/index.php\/wp-json\/wp\/v2\/media\/20526"}],"wp:attachment":[{"href":"https:\/\/aluksne.lv\/index.php\/wp-json\/wp\/v2\/media?parent=20525"}],"wp:term":[{"taxonomy":"category","embeddable":true,"href":"https:\/\/aluksne.lv\/index.php\/wp-json\/wp\/v2\/categories?post=20525"},{"taxonomy":"post_tag","embeddable":true,"href":"https:\/\/aluksne.lv\/index.php\/wp-json\/wp\/v2\/tags?post=20525"}],"curies":[{"name":"wp","href":"https:\/\/api.w.org\/{rel}","templated":true}]}}