{"id":20609,"date":"2020-07-01T09:04:06","date_gmt":"2020-07-01T06:04:06","guid":{"rendered":"https:\/\/aluksne.lv\/?p=20609"},"modified":"2020-07-01T16:52:13","modified_gmt":"2020-07-01T13:52:13","slug":"nodarbinatie-var-pieteikties-apmacibam","status":"publish","type":"post","link":"https:\/\/aluksne.lv\/index.php\/2020\/07\/01\/nodarbinatie-var-pieteikties-apmacibam\/","title":{"rendered":"S\u0101kas pieteik\u0161an\u0101s att\u0101lin\u0101t\u0101m m\u0101c\u012bb\u0101m ES fondu projekt\u0101"},"content":{"rendered":"<p><span style=\"font-size: 12pt;\"><strong>\u00a0<\/strong><strong>Otrdien, 30. j\u016bnij\u0101, atkl\u0101ta pieteik\u0161an\u0101s att\u0101lin\u0101to m\u0101c\u012bbu k\u0101rtai Eiropas Savien\u012bbas (ES) fondu pieaugu\u0161o izgl\u012bt\u012bbas projekt\u0101 \u201cNodarbin\u0101to personu profesion\u0101l\u0101s kompetences pilnveide\u201d, kuru \u012bsteno Valsts izgl\u012bt\u012bbas att\u012bst\u012bbas a\u0123ent\u016bra (VIAA). \u0160aj\u0101 k\u0101rt\u0101 str\u0101d\u0101jo\u0161ajiem vecum\u0101 no 25 gadiem ir iesp\u0113ja izv\u0113l\u0113ties no vair\u0101k nek\u0101 200 izgl\u012bt\u012bbas programm\u0101m. Pieteik\u0161an\u0101s m\u0101c\u012bb\u0101m notiek l\u012bdz 15. j\u016blijam, un \u0161aj\u0101 k\u0101rt\u0101 m\u0101c\u012bbu process norit\u0113s tikai att\u0101lin\u0101ti. <\/strong><\/span><\/p>\n<p><span style=\"font-size: 12pt;\"><strong>Jaunas m\u0101c\u012bbu iesp\u0113jas<\/strong><\/span><\/p>\n<p><span style=\"font-size: 12pt;\">Att\u0101lin\u0101to m\u0101c\u012bbu k\u0101rt\u0101 m\u0101c\u012bbas 11 tautsaimniec\u012bbas nozar\u0113s pied\u0101v\u0101 23 izgl\u012bt\u012bbas iest\u0101des. \u0160aj\u0101 k\u0101rt\u0101 izgl\u012bt\u012bbas programmu pied\u0101v\u0101jums tiek papla\u0161in\u0101ts ar iepriek\u0161 nebiju\u0161u iesp\u0113ju izv\u0113l\u0113ties k\u0101du no interes\u0113jo\u0161\u0101m izgl\u012bt\u012bbas programm\u0101m ar\u012b studiju modu\u013ca vai studiju kursa apguvei augstskol\u0101 vai koled\u017e\u0101.<\/span><\/p>\n<p><span style=\"font-size: 12pt;\">T\u0101pat k\u0101 iepriek\u0161, ar\u012b att\u0101lin\u0101t\u0101m m\u0101c\u012bb\u0101m pieteik\u0161an\u0101s norit tie\u0161saist\u0113 m\u0101jaslap\u0101 <a href=\"http:\/\/www.macibaspieaugusajiem.lv\">www.macibaspieaugusajiem.lv<\/a>, izmantojot latvija.lv autentifik\u0101ciju un e-pakalpojumu jebkur\u0101 diennakts laik\u0101.<\/span><\/p>\n<p><span style=\"font-size: 12pt;\">M\u0101c\u012bb\u0101m var pieteikties str\u0101d\u0101jo\u0161i un pa\u0161nodarbin\u0101ti iedz\u012bvot\u0101ji vecum\u0101 no 25 gadiem l\u012bdz neierobe\u017eotam vecumam, tostarp jaunie vec\u0101ki b\u0113rna kop\u0161anas atva\u013cin\u0101jum\u0101, saglab\u0101jot darba attiec\u012bbas, un str\u0101d\u0101jo\u0161i pension\u0101ri. Saska\u0146\u0101 ar 2020. gada 16. j\u016bnij\u0101 vald\u012bb\u0101 apstiprin\u0101tajiem <a href=\"http:\/\/tap.mk.gov.lv\/lv\/mk\/tap\/?pid=40488498&amp;mode=mk&amp;date=2020-06-16\">noteikumu groz\u012bjumiem<\/a>, tagad katrs str\u0101d\u0101jo\u0161ais projekta laik\u0101 var m\u0101c\u012bties divas reizes neatkar\u012bgi no pieteik\u0161an\u0101s k\u0101rtu skaita, ta\u010du vienlaic\u012bgi m\u0101c\u012bties var tika vien\u0101 izgl\u012bt\u012bbas programm\u0101. M\u0101c\u012bbu grupu komplekt\u0113\u0161ana un m\u0101c\u012bbas tiem, kas pieteiksies att\u0101lin\u0101to m\u0101c\u012bbu k\u0101rt\u0101, s\u0101ksies 2020. gada j\u016blij\u0101 un august\u0101.<\/span><\/p>\n<p><span style=\"font-size: 12pt;\"><strong>\u0160oreiz m\u0101c\u012bbas tikai att\u0101lin\u0101ti<\/strong><\/span><\/p>\n<p><span style=\"font-size: 12pt;\">\u201cLatvijas iedz\u012bvot\u0101ju profesion\u0101l\u0101 pilnveide un kompeten\u010du paaugstin\u0101\u0161ana, rea\u0123\u0113jot uz aktu\u0101laj\u0101m tautsaimniec\u012bbas vajadz\u012bb\u0101m, ir b\u016btisks kr\u012bzes seku mazin\u0101\u0161anas un ekonomikas atvese\u013co\u0161anas pas\u0101kums. Apst\u0101k\u013cos, kad m\u0101c\u012bbu norise kl\u0101tien\u0113 ir ierobe\u017eota, \u0161aj\u0101 k\u0101rt\u0101 iedz\u012bvot\u0101jiem ir sar\u016bp\u0113ta iesp\u0113ja apg\u016bt kompetences att\u0101lin\u0101t\u0101 form\u0101. M\u0101coties att\u0101lin\u0101ti, ir vair\u0101ki ieguvumi &#8211;\u00a0 laik\u0101, kad samazin\u0101ju\u0161ies ien\u0101kumi, att\u0101lin\u0101t\u0101m m\u0101c\u012bb\u0101m nav nepiecie\u0161ami ce\u013ca izdevumi, un laiks, kas cit\u0101di b\u016btu j\u0101pat\u0113r\u0113, dodoties uz savu m\u0101c\u012bbu vietu. \u0160oreiz nav j\u0101mekl\u0113 tuv\u0101k\u0101 izgl\u012bt\u012bbas iest\u0101de ar vajadz\u012bgo m\u0101c\u012bbu pied\u0101v\u0101jumu,\u201d nor\u0101da VIAA direktore <strong>Dita Traid\u0101s<\/strong>.<\/span><\/p>\n<p><span style=\"font-size: 12pt;\">Lai motiv\u0113tu str\u0101d\u0101jo\u0161os m\u0101c\u012bties, projekt\u0101 liel\u0101ko da\u013cu m\u0101c\u012bbu izmaksu sedz ES fondi un valsts, savuk\u0101rt iedz\u012bvot\u0101jiem j\u0101nodro\u0161ina 10% l\u012bdzmaks\u0101jums, kuru var apmaks\u0101t ar\u012b darba dev\u0113js.<\/span><\/p>\n<p><span style=\"font-size: 12pt;\">Maznodro\u0161in\u0101tajiem un tr\u016bc\u012bgajiem m\u0101c\u012bbas ir bez maksas, savuk\u0101rt str\u0101d\u0101jo\u0161ie ar invalidit\u0101ti var pretend\u0113t uz asistenta vai surdotulka izmaksu kompens\u0101ciju m\u0101c\u012bbu laik\u0101.<\/span><\/p>\n<p><span style=\"font-size: 12pt;\">Gad\u012bjumos, ja str\u0101d\u0101jo\u0161ajiem nepiecie\u0161ams informat\u012bvs atbalsts piem\u0113rot\u0101ko m\u0101c\u012bbu izv\u0113lei vai nav iesp\u0113ju pieteikties m\u0101c\u012bb\u0101m tie\u0161saist\u0113, aicin\u0101m v\u0113rsties pie pieaugu\u0161o izgl\u012bt\u012bbas koordinatoriem 81 VIAA sadarb\u012bbas pa\u0161vald\u012bb\u0101. M\u0101c\u012bbu pieteikumu var noform\u0113t ar\u012b kl\u0101tien\u0113 VIAA, iepriek\u0161 piesakoties un uzr\u0101dot personu apliecino\u0161u dokumentu. Savuk\u0101rt Nodarbin\u0101t\u012bbas valsts a\u0123ent\u016bras fili\u0101l\u0113s var sa\u0146emt karjeras konsult\u0101ciju.<\/span><\/p>\n<p><span style=\"font-size: 12pt;\">Pla\u0161\u0101ka inform\u0101cija par uz\u0146em\u0161anas nosac\u012bjumiem, m\u0101c\u012bbu un atbalsta iesp\u0113j\u0101m, nepiecie\u0161amajiem digit\u0101lajiem r\u012bkiem un programmat\u016bru att\u0101lin\u0101to m\u0101c\u012bbu k\u0101rt\u0101, k\u0101 ar\u012b visu m\u0101c\u012bbu saraksts ir public\u0113ts projekta t\u012bmek\u013ca vietn\u0113 <a href=\"http:\/\/www.macibaspieaugusajiem.lv\">www.macibaspieaugusajiem.lv<\/a>.<\/span><\/p>\n<p><span style=\"font-size: 12pt;\"><strong>Iesaist\u012bju\u0161ies 26 t\u016bksto\u0161i str\u0101d\u0101jo\u0161o <\/strong><\/span><\/p>\n<p><span style=\"font-size: 12pt;\">Kop\u0161 projekta uzs\u0101k\u0161anas 2017. gad\u0101 norit\u0113ju\u0161as jau \u010detras pieteik\u0161an\u0101s k\u0101rtas, kur\u0101s m\u0101c\u012bbas uzs\u0101ku\u0161i vair\u0101k nek\u0101 26 028 str\u0101d\u0101jo\u0161o, no kuriem vair\u0101k nek\u0101 22 000 izgl\u012bto\u0161anos jau pabeigu\u0161i. 32% visu m\u0101c\u012bbu dal\u012bbnieku ir vecum\u0101 no 45 gadiem, savuk\u0101rt 20% &#8211; vecum\u0101 virs 50 gadiem.\u00a031% m\u0101c\u012bbu dal\u012bbnieku ir r\u012bdzinieki, bet 69% dz\u012bvo \u0101rpus galvaspils\u0113tas. Kopum\u0101 projekt\u0101 l\u012bdz 2023. gadam pl\u0101nots iesaist\u012bt 53 t\u016bksto\u0161us nodarbin\u0101to.<\/span><\/p>\n<p><span style=\"font-size: 12pt;\">ES fondu pieaugu\u0161o izgl\u012bt\u012bbas projekta \u201cNodarbin\u0101to personu profesion\u0101l\u0101s kompetences pilnveide\u201d m\u0113r\u0137is ir pilnveidot nodarbin\u0101to personu profesion\u0101lo kompetenci, lai nov\u0113rstu darbasp\u0113ka kvalifik\u0101cijas neatbilst\u012bbu darba tirgus piepras\u012bjumam un veicin\u0101tu gan str\u0101d\u0101jo\u0161o konkur\u0113tsp\u0113ju, gan darba produktivit\u0101tes pieaugumu. Projektu finans\u0113 Eiropas Soci\u0101lais fonds un Latvijas valsts, ieguldot taj\u0101 vair\u0101k gandr\u012bz 47 miljonus eiro.<\/span><\/p>\n<p><span style=\"font-size: 12pt;\"><u>Papildu inform\u0101cija:<\/u><\/span><\/p>\n<p><span style=\"font-size: 12pt;\">Alise B\u0113rzi\u0146a<\/span><br \/>\n<span style=\"font-size: 12pt;\">VIAA Komunik\u0101cijas un programmu publicit\u0101tes noda\u013cas<\/span><br \/>\n<span style=\"font-size: 12pt;\">vec\u0101k\u0101 inform\u0101cijas speci\u0101liste<\/span><br \/>\n<span style=\"font-size: 12pt;\">T\u0101lr.: 67785462 <\/span><br \/>\n<span style=\"font-size: 12pt;\">e-pasts:\u00a0<a href=\"mailto:alise.berzina@viaa.gov.lv\">alise.berzina@viaa.gov.lv<\/a><\/span><\/p>\n<p>&nbsp;<\/p>\n<p>&nbsp;<\/p>\n<p>&nbsp;<\/p>\n<p style=\"text-align: center;\"><span style=\"font-size: 12pt;\"><a href=\"https:\/\/aluksne.lv\/wp-content\/uploads\/2020\/07\/djwdlfwo.bmp\"><img loading=\"lazy\" decoding=\"async\" class=\"alignnone size-large wp-image-20611\" src=\"https:\/\/aluksne.lv\/wp-content\/uploads\/2020\/07\/djwdlfwo-1024x169.jpg\" alt=\"\" width=\"734\" height=\"121\" data-id=\"20611\" srcset=\"https:\/\/aluksne.lv\/wp-content\/uploads\/2020\/07\/djwdlfwo-1024x169.jpg 1024w, https:\/\/aluksne.lv\/wp-content\/uploads\/2020\/07\/djwdlfwo-300x49.jpg 300w, https:\/\/aluksne.lv\/wp-content\/uploads\/2020\/07\/djwdlfwo-768x126.jpg 768w, https:\/\/aluksne.lv\/wp-content\/uploads\/2020\/07\/djwdlfwo-1536x253.jpg 1536w, https:\/\/aluksne.lv\/wp-content\/uploads\/2020\/07\/djwdlfwo-2048x337.jpg 2048w, https:\/\/aluksne.lv\/wp-content\/uploads\/2020\/07\/djwdlfwo-1170x193.jpg 1170w\" sizes=\"auto, (max-width: 734px) 100vw, 734px\" \/><\/a><\/span><\/p>\n","protected":false},"excerpt":{"rendered":"<p>\u00a0Otrdien, 30. j\u016bnij\u0101, atkl\u0101ta pieteik\u0161an\u0101s att\u0101lin\u0101to m\u0101c\u012bbu k\u0101rtai Eiropas Savien\u012bbas (ES) fondu pieaugu\u0161o izgl\u012bt\u012bbas projekt\u0101 \u201cNodarbin\u0101to personu profesion\u0101l\u0101s kompetences pilnveide\u201d, kuru \u012bsteno Valsts izgl\u012bt\u012bbas att\u012bst\u012bbas a\u0123ent\u016bra (VIAA). \u0160aj\u0101 k\u0101rt\u0101 str\u0101d\u0101jo\u0161ajiem vecum\u0101 no 25 gadiem ir iesp\u0113ja izv\u0113l\u0113ties no vair\u0101k nek\u0101&#8230;<br \/><a class=\"read-more-button\" href=\"https:\/\/aluksne.lv\/index.php\/2020\/07\/01\/nodarbinatie-var-pieteikties-apmacibam\/\">Las\u012bt visu<\/a><\/p>\n","protected":false},"author":1,"featured_media":20613,"comment_status":"closed","ping_status":"open","sticky":false,"template":"","format":"standard","meta":{"_crdt_document":"","_monsterinsights_skip_tracking":false,"_monsterinsights_sitenote_active":false,"_monsterinsights_sitenote_note":"","_monsterinsights_sitenote_category":0,"footnotes":"","_links_to":"","_links_to_target":""},"categories":[9],"tags":[],"class_list":["post-20609","post","type-post","status-publish","format-standard","has-post-thumbnail","hentry","category-noderiga-informacija"],"_links":{"self":[{"href":"https:\/\/aluksne.lv\/index.php\/wp-json\/wp\/v2\/posts\/20609","targetHints":{"allow":["GET"]}}],"collection":[{"href":"https:\/\/aluksne.lv\/index.php\/wp-json\/wp\/v2\/posts"}],"about":[{"href":"https:\/\/aluksne.lv\/index.php\/wp-json\/wp\/v2\/types\/post"}],"author":[{"embeddable":true,"href":"https:\/\/aluksne.lv\/index.php\/wp-json\/wp\/v2\/users\/1"}],"replies":[{"embeddable":true,"href":"https:\/\/aluksne.lv\/index.php\/wp-json\/wp\/v2\/comments?post=20609"}],"version-history":[{"count":0,"href":"https:\/\/aluksne.lv\/index.php\/wp-json\/wp\/v2\/posts\/20609\/revisions"}],"wp:featuredmedia":[{"embeddable":true,"href":"https:\/\/aluksne.lv\/index.php\/wp-json\/wp\/v2\/media\/20613"}],"wp:attachment":[{"href":"https:\/\/aluksne.lv\/index.php\/wp-json\/wp\/v2\/media?parent=20609"}],"wp:term":[{"taxonomy":"category","embeddable":true,"href":"https:\/\/aluksne.lv\/index.php\/wp-json\/wp\/v2\/categories?post=20609"},{"taxonomy":"post_tag","embeddable":true,"href":"https:\/\/aluksne.lv\/index.php\/wp-json\/wp\/v2\/tags?post=20609"}],"curies":[{"name":"wp","href":"https:\/\/api.w.org\/{rel}","templated":true}]}}