{"id":21351,"date":"2020-08-19T10:47:36","date_gmt":"2020-08-19T07:47:36","guid":{"rendered":"https:\/\/aluksne.lv\/?p=21351"},"modified":"2020-08-19T10:47:36","modified_gmt":"2020-08-19T07:47:36","slug":"ermanu-muiza-skanes-uga-praulina-odi-et-amo","status":"publish","type":"post","link":"https:\/\/aluksne.lv\/index.php\/2020\/08\/19\/ermanu-muiza-skanes-uga-praulina-odi-et-amo\/","title":{"rendered":"\u0112rma\u0146u mui\u017e\u0101 skan\u0113s U\u0123a Prauli\u0146a \u201cOdi et amo\u201d"},"content":{"rendered":"<p><span style=\"font-size: 12pt;\"><a href=\"https:\/\/aluksne.lv\/wp-content\/uploads\/2020\/08\/117798777_3178768262204697_5739083910717509293_o.jpg\"><img loading=\"lazy\" decoding=\"async\" class=\"size-large wp-image-21352 alignright\" src=\"https:\/\/aluksne.lv\/wp-content\/uploads\/2020\/08\/117798777_3178768262204697_5739083910717509293_o-1024x681.jpg\" alt=\"\" width=\"734\" height=\"488\" data-id=\"21352\" srcset=\"https:\/\/aluksne.lv\/wp-content\/uploads\/2020\/08\/117798777_3178768262204697_5739083910717509293_o-1024x681.jpg 1024w, https:\/\/aluksne.lv\/wp-content\/uploads\/2020\/08\/117798777_3178768262204697_5739083910717509293_o-300x200.jpg 300w, https:\/\/aluksne.lv\/wp-content\/uploads\/2020\/08\/117798777_3178768262204697_5739083910717509293_o-768x511.jpg 768w, https:\/\/aluksne.lv\/wp-content\/uploads\/2020\/08\/117798777_3178768262204697_5739083910717509293_o-1536x1022.jpg 1536w, https:\/\/aluksne.lv\/wp-content\/uploads\/2020\/08\/117798777_3178768262204697_5739083910717509293_o-320x213.jpg 320w, https:\/\/aluksne.lv\/wp-content\/uploads\/2020\/08\/117798777_3178768262204697_5739083910717509293_o-1170x778.jpg 1170w, https:\/\/aluksne.lv\/wp-content\/uploads\/2020\/08\/117798777_3178768262204697_5739083910717509293_o-272x182.jpg 272w, https:\/\/aluksne.lv\/wp-content\/uploads\/2020\/08\/117798777_3178768262204697_5739083910717509293_o.jpg 2048w\" sizes=\"auto, (max-width: 734px) 100vw, 734px\" \/><\/a>Sv\u0113tdien, 23. august\u0101 plkst.16.00 \u0112rma\u0146u mui\u017e\u0101 skan\u0113s komponista, mui\u017eas saimnieka U\u0123a Prauli\u0146a kant\u0101te-oratorija \u201cOdi et amo\u201d. Koncert\u0101, pa\u0161am autoram kl\u0101tesot, piedal\u012bsies Latvijas Universit\u0101tes kamerkoris \u201cDeCoro\u201d \/diri\u0123enti P\u0113teris un Kristi\u0101na Vaickovski\/, Anti Kortelainens \/vijole\/, Signe \u0160teimane \/vijole\/, D\u0101vis Sliec\u0101ns \/alts\/, K\u0101rlis Kloti\u0146\u0161 \/\u010dells\/, Mikus B\u0101li\u0146\u0161 \/sitamie instrumenti\/.<\/span><\/p>\n<p><span style=\"font-size: 12pt;\">S\u0101kotn\u0113ji ska\u0146darbs \u201eOdi et amo\u201c sacer\u0113ts R\u012bgas Doma z\u0113nu korim, ieska\u0146ots un izdots k\u0101 ska\u0146u albums 1999. gad\u0101, ieguvis Latvijas m\u016bzikas ierakstu galveno balvu. \u201cAr \u0161o opusu ir saist\u012btas manas person\u012bg\u0101s atmi\u0146as, jo tikko uzs\u0101kot z\u0113nu kora gaitas man bija iesp\u0113ja piedal\u012bties \u201cOdi et amo\u201d pirmatska\u0146ojum\u0101 un ieska\u0146ojuma tap\u0161an\u0101. \u0160\u012b pirmreiz\u0113j\u0101 pieredze nenoliedzami ir zin\u0101ms pamats visai manai izj\u016btai ne tikai par U\u0123a Prauli\u0146a person\u012bbu, bet visp\u0101r saj\u016btai par to, kas ir j\u0113gpilna, vienlaikus trad\u012bcij\u0101 un m\u016bsdienu iesp\u0113j\u0101s apvienota m\u016bzika. U\u0123is caur m\u016bziku nodod \u013coti aktu\u0101las un svar\u012bgas domas, idejas un aicin\u0101jumus &#8211; vi\u0146a darbu tematika ir \u0101rpus laika\u201d, savos iespaidos dal\u0101s Latvijas Universit\u0101tes kamerkora \u201cDeCoro\u201d diri\u0123ents P\u0113teris Vaickovskis.<\/span><\/p>\n<p>&nbsp;<\/p>\n<p><span style=\"font-size: 12pt;\">Ieeja koncert\u0101 br\u012bva.<\/span><\/p>\n<p><span style=\"font-size: 12pt;\">Koncertu r\u012bko biedr\u012bba \u201c\u0112rma\u0146u mui\u017ea\u201d sadarb\u012bb\u0101 ar Latvijas Universit\u0101ti.<\/span><\/p>\n<p><span style=\"font-size: 12pt;\">Inform\u0101cija par pas\u0101kumu: <a href=\"https:\/\/www.facebook.com\/events\/329441824859572\/\">https:\/\/www.facebook.com\/events\/329441824859572\/<\/a><\/span><\/p>\n<p><span style=\"font-size: 12pt;\">Inform\u0101cija par \u0112rma\u0146u mui\u017eu: <a href=\"https:\/\/www.facebook.com\/ErmanuMuiza\/\">https:\/\/www.facebook.com\/ErmanuMuiza\/<\/a><\/span><\/p>\n<p><span style=\"font-size: 12pt;\">Inform\u0101cija par Latvijas Universit\u0101tes kamerkori \u201cDeCoro\u201d: <a href=\"https:\/\/www.facebook.com\/mixedchoirdecoro\/\">https:\/\/www.facebook.com\/mixedchoirdecoro\/<\/a><\/span><\/p>\n","protected":false},"excerpt":{"rendered":"<p>Sv\u0113tdien, 23. august\u0101 plkst.16.00 \u0112rma\u0146u mui\u017e\u0101 skan\u0113s komponista, mui\u017eas saimnieka U\u0123a Prauli\u0146a kant\u0101te-oratorija \u201cOdi et amo\u201d. Koncert\u0101, pa\u0161am autoram kl\u0101tesot, piedal\u012bsies Latvijas Universit\u0101tes kamerkoris \u201cDeCoro\u201d \/diri\u0123enti P\u0113teris un Kristi\u0101na Vaickovski\/, Anti Kortelainens \/vijole\/, Signe \u0160teimane \/vijole\/, D\u0101vis Sliec\u0101ns \/alts\/, K\u0101rlis&#8230;<br \/><a class=\"read-more-button\" href=\"https:\/\/aluksne.lv\/index.php\/2020\/08\/19\/ermanu-muiza-skanes-uga-praulina-odi-et-amo\/\">Las\u012bt visu<\/a><\/p>\n","protected":false},"author":3,"featured_media":21352,"comment_status":"closed","ping_status":"open","sticky":false,"template":"","format":"standard","meta":{"_crdt_document":"","_monsterinsights_skip_tracking":false,"_monsterinsights_sitenote_active":false,"_monsterinsights_sitenote_note":"","_monsterinsights_sitenote_category":0,"footnotes":"","_links_to":"","_links_to_target":""},"categories":[9],"tags":[],"class_list":["post-21351","post","type-post","status-publish","format-standard","has-post-thumbnail","hentry","category-noderiga-informacija"],"_links":{"self":[{"href":"https:\/\/aluksne.lv\/index.php\/wp-json\/wp\/v2\/posts\/21351","targetHints":{"allow":["GET"]}}],"collection":[{"href":"https:\/\/aluksne.lv\/index.php\/wp-json\/wp\/v2\/posts"}],"about":[{"href":"https:\/\/aluksne.lv\/index.php\/wp-json\/wp\/v2\/types\/post"}],"author":[{"embeddable":true,"href":"https:\/\/aluksne.lv\/index.php\/wp-json\/wp\/v2\/users\/3"}],"replies":[{"embeddable":true,"href":"https:\/\/aluksne.lv\/index.php\/wp-json\/wp\/v2\/comments?post=21351"}],"version-history":[{"count":0,"href":"https:\/\/aluksne.lv\/index.php\/wp-json\/wp\/v2\/posts\/21351\/revisions"}],"wp:featuredmedia":[{"embeddable":true,"href":"https:\/\/aluksne.lv\/index.php\/wp-json\/wp\/v2\/media\/21352"}],"wp:attachment":[{"href":"https:\/\/aluksne.lv\/index.php\/wp-json\/wp\/v2\/media?parent=21351"}],"wp:term":[{"taxonomy":"category","embeddable":true,"href":"https:\/\/aluksne.lv\/index.php\/wp-json\/wp\/v2\/categories?post=21351"},{"taxonomy":"post_tag","embeddable":true,"href":"https:\/\/aluksne.lv\/index.php\/wp-json\/wp\/v2\/tags?post=21351"}],"curies":[{"name":"wp","href":"https:\/\/api.w.org\/{rel}","templated":true}]}}