{"id":21424,"date":"2020-08-25T08:48:11","date_gmt":"2020-08-25T05:48:11","guid":{"rendered":"https:\/\/aluksne.lv\/?p=21424"},"modified":"2020-08-25T08:48:11","modified_gmt":"2020-08-25T05:48:11","slug":"atjaunos-reisu-riga-jaunlaicene-aluksne-svetdienas","status":"publish","type":"post","link":"https:\/\/aluksne.lv\/index.php\/2020\/08\/25\/atjaunos-reisu-riga-jaunlaicene-aluksne-svetdienas\/","title":{"rendered":"Atjaunos reisu R\u012bga-Jaunlaicene-Al\u016bksne sv\u0113tdien\u0101s"},"content":{"rendered":"<div id=\"attachment_21425\" style=\"width: 671px\" class=\"wp-caption alignright\"><a href=\"https:\/\/aluksne.lv\/wp-content\/uploads\/2020\/08\/W2R5794.jpg\"><img loading=\"lazy\" decoding=\"async\" aria-describedby=\"caption-attachment-21425\" class=\"wp-image-21425\" src=\"https:\/\/aluksne.lv\/wp-content\/uploads\/2020\/08\/W2R5794.jpg\" alt=\"\" width=\"661\" height=\"441\" data-id=\"21425\" srcset=\"https:\/\/aluksne.lv\/wp-content\/uploads\/2020\/08\/W2R5794.jpg 1024w, https:\/\/aluksne.lv\/wp-content\/uploads\/2020\/08\/W2R5794-300x200.jpg 300w, https:\/\/aluksne.lv\/wp-content\/uploads\/2020\/08\/W2R5794-768x512.jpg 768w, https:\/\/aluksne.lv\/wp-content\/uploads\/2020\/08\/W2R5794-320x213.jpg 320w, https:\/\/aluksne.lv\/wp-content\/uploads\/2020\/08\/W2R5794-272x182.jpg 272w\" sizes=\"auto, (max-width: 661px) 100vw, 661px\" \/><\/a><p id=\"caption-attachment-21425\" class=\"wp-caption-text\">Foto: www.nordeka.lv<\/p><\/div>\n<p>Valsts SIA \u201cAutotransporta direkcija\u201d inform\u0113jusi Al\u016bksnes novada pa\u0161vald\u012bbu, ka p\u0113c iedz\u012bvot\u0101ju l\u016bguma, AS \u201cNordeka\u201d s\u0101kot ar \u0161.g. 1. septembri atjaunos reisu izpildi mar\u0161rut\u0101 Nr.7905 R\u012bga \u2013 Jaunlaicene \u2013 Al\u016bksne<\/p>\n<p>reiss plkst.5:40 no Al\u016bksnes AO, plkst.6:03 no Jaunlaicenes uz R\u012bgu un<\/p>\n<p>reiss plkst.13:30 no R\u012bgas SAO, plkst.17:23 no Jaunlaicenes uz Al\u016bksni <br \/>\nar izpildi sv\u0113tdien\u0101s.<\/p>\n","protected":false},"excerpt":{"rendered":"<p>Valsts SIA \u201cAutotransporta direkcija\u201d inform\u0113jusi Al\u016bksnes novada pa\u0161vald\u012bbu, ka p\u0113c iedz\u012bvot\u0101ju l\u016bguma, AS \u201cNordeka\u201d s\u0101kot ar \u0161.g. 1. septembri atjaunos reisu izpildi mar\u0161rut\u0101 Nr.7905 R\u012bga \u2013 Jaunlaicene \u2013 Al\u016bksne reiss plkst.5:40 no Al\u016bksnes AO, plkst.6:03 no Jaunlaicenes uz R\u012bgu un&#8230;<br \/><a class=\"read-more-button\" href=\"https:\/\/aluksne.lv\/index.php\/2020\/08\/25\/atjaunos-reisu-riga-jaunlaicene-aluksne-svetdienas\/\">Las\u012bt visu<\/a><\/p>\n","protected":false},"author":1,"featured_media":21425,"comment_status":"closed","ping_status":"open","sticky":false,"template":"","format":"standard","meta":{"_crdt_document":"","_monsterinsights_skip_tracking":false,"_monsterinsights_sitenote_active":false,"_monsterinsights_sitenote_note":"","_monsterinsights_sitenote_category":0,"footnotes":"","_links_to":"","_links_to_target":""},"categories":[9],"tags":[],"class_list":["post-21424","post","type-post","status-publish","format-standard","has-post-thumbnail","hentry","category-noderiga-informacija"],"_links":{"self":[{"href":"https:\/\/aluksne.lv\/index.php\/wp-json\/wp\/v2\/posts\/21424","targetHints":{"allow":["GET"]}}],"collection":[{"href":"https:\/\/aluksne.lv\/index.php\/wp-json\/wp\/v2\/posts"}],"about":[{"href":"https:\/\/aluksne.lv\/index.php\/wp-json\/wp\/v2\/types\/post"}],"author":[{"embeddable":true,"href":"https:\/\/aluksne.lv\/index.php\/wp-json\/wp\/v2\/users\/1"}],"replies":[{"embeddable":true,"href":"https:\/\/aluksne.lv\/index.php\/wp-json\/wp\/v2\/comments?post=21424"}],"version-history":[{"count":0,"href":"https:\/\/aluksne.lv\/index.php\/wp-json\/wp\/v2\/posts\/21424\/revisions"}],"wp:featuredmedia":[{"embeddable":true,"href":"https:\/\/aluksne.lv\/index.php\/wp-json\/wp\/v2\/media\/21425"}],"wp:attachment":[{"href":"https:\/\/aluksne.lv\/index.php\/wp-json\/wp\/v2\/media?parent=21424"}],"wp:term":[{"taxonomy":"category","embeddable":true,"href":"https:\/\/aluksne.lv\/index.php\/wp-json\/wp\/v2\/categories?post=21424"},{"taxonomy":"post_tag","embeddable":true,"href":"https:\/\/aluksne.lv\/index.php\/wp-json\/wp\/v2\/tags?post=21424"}],"curies":[{"name":"wp","href":"https:\/\/api.w.org\/{rel}","templated":true}]}}