{"id":21513,"date":"2020-08-28T16:33:12","date_gmt":"2020-08-28T13:33:12","guid":{"rendered":"https:\/\/aluksne.lv\/?p=21513"},"modified":"2020-08-28T16:33:57","modified_gmt":"2020-08-28T13:33:57","slug":"zinibu-diena-aluksnes-novada-skolas-2","status":"publish","type":"post","link":"https:\/\/aluksne.lv\/index.php\/2020\/08\/28\/zinibu-diena-aluksnes-novada-skolas-2\/","title":{"rendered":"Zin\u012bbu diena Al\u016bksnes novada skol\u0101s"},"content":{"rendered":"<table style=\"width: 100%; height: 522px;\">\n<tbody>\n<tr style=\"height: 234px;\">\n<td style=\"height: 134px; width: 23.6203%;\" width=\"277\">\n<p>Al\u016bksnes pils\u0113tas s\u0101kumskola<\/p>\n<\/td>\n<td style=\"height: 134px; width: 63.8705%;\" width=\"277\">\n<p><strong>Zin\u012bbu dienas norise 1. septembr\u012b<\/strong><\/p>\n<p>1. klas\u0113m kop\u0101 ar vec\u0101kiem skolas z\u0101l\u0113.<\/p>\n<p>2.- 6. klasei bez vec\u0101ku kl\u0101tb\u016btnes kla\u0161u telp\u0101s.<\/p>\n<p>Par norises laiku inform\u0113s klases audzin\u0101t\u0101ja.<\/p>\n<\/td>\n<\/tr>\n<tr style=\"height: 78px;\">\n<td style=\"height: 10px; width: 23.6203%;\" width=\"277\">\n<p>Pededzes pamatskola<\/p>\n<\/td>\n<td style=\"height: 10px; width: 63.8705%;\" width=\"277\">\n<p>1. septembr\u012b plkst. 9:00 pie skolas.<\/p>\n<\/td>\n<\/tr>\n<tr style=\"height: 39px;\">\n<td style=\"height: 39px; width: 23.6203%;\" width=\"277\">\n<p>Jaunannas M\u016bzikas un m\u0101kslas pamatskola<\/p>\n<\/td>\n<td style=\"height: 39px; width: 63.8705%;\" width=\"277\">\n<p>1. septembr\u012b plkst. 11:00 pie skolas<\/p>\n<\/td>\n<\/tr>\n<tr style=\"height: 165px;\">\n<td style=\"height: 73px; width: 23.6203%;\" width=\"277\">\n<p>Al\u016bksnes m\u016bzikas skola<\/p>\n<\/td>\n<td style=\"height: 73px; width: 63.8705%;\" width=\"277\">\n<p><u>Otrdien, 01.09.2020. plkst. 15:00 skolas pagalm\u0101 (J\u0101\u0146kalna iela 38)<\/u>.\u00a0<\/p>\n<p><strong>Lietus gad\u012bjum\u0101<\/strong> Zin\u012bbu diena notiks Ce\u013cu p\u0101rvaldes z\u0101l\u0113 (J\u0101\u0146kalna iela 43) plkst. 15:00 Tauti\u0146instrumentu sp\u0113le, Vok\u0101l\u0101 m\u016bzika &#8211; Kora klase izgl\u012bt\u012bbas programm\u0101m, plkst. 16:30 Dzied\u0101\u0161anas grupa, Sagatavo\u0161anas klase, St\u012bgu instrumentu sp\u0113le, P\u016b\u0161aminstrumentu sp\u0113le, Sitaminstrumentu sp\u0113le izgl\u012bt\u012bbas programm\u0101m.<\/p>\n<\/td>\n<\/tr>\n<tr style=\"height: 28px;\">\n<td style=\"height: 28px; width: 23.6203%;\" width=\"277\">\n<p>Malienas pamatskola<\/p>\n<\/td>\n<td style=\"height: 28px; width: 63.8705%;\" width=\"277\">\n<p>plkst.9:00 svin\u012bgais pas\u0101kums skolas iek\u0161pagalm\u0101;<\/p>\n<p>plkst.9:40 klases stunda.<\/p>\n<\/td>\n<\/tr>\n<tr style=\"height: 78px;\">\n<td style=\"height: 18px; width: 23.6203%;\" width=\"277\">\n<p>Alekseja Gr\u0101v\u012b\u0161a Liepnas pamatskola<\/p>\n<\/td>\n<td style=\"height: 18px; width: 63.8705%;\" width=\"277\">\n<p>1. septembris 10:30 notiks skolas teritorij\u0101.<\/p>\n<\/td>\n<\/tr>\n<tr style=\"height: 78px;\">\n<td style=\"height: 26px; width: 23.6203%;\" width=\"277\">\n<p>Bejas pamatskola<\/p>\n<\/td>\n<td style=\"height: 26px; width: 63.8705%;\" width=\"277\">\n<p>plkst.9:00 tiekamies klas\u0113s, plkst. 10:00 svin\u012bg\u0101 l\u012bnija pie skolas<\/p>\n<\/td>\n<\/tr>\n<tr style=\"height: 39px;\">\n<td style=\"height: 10px; width: 23.6203%;\" width=\"277\">\n<p>Al\u016bksnes M\u0101kslas skola<\/p>\n<\/td>\n<td style=\"height: 10px; width: 63.8705%;\" width=\"277\">\n<p>Sveicieni 1. septembr\u012b\u00a0 plkst.14:00 skolas pagalm\u0101 ( lietus gad\u012bjum\u0101-z\u0101l\u0113)<\/p>\n<\/td>\n<\/tr>\n<tr style=\"height: 117px;\">\n<td style=\"height: 67px; width: 23.6203%;\" width=\"277\">\n<p>Strauti\u0146u pamatskola<\/p>\n<\/td>\n<td style=\"height: 67px;\" width=\"277\">\n<p>Zin\u012bbu dienas pas\u0101kums\u00a0notiks 1. septembr\u012b plkst. \u00a09:00<\/p>\n<p>Sv\u0113tku br\u012bdis\u00a0\u0101r\u0101 pie skolas, tad skol\u0113niem tik\u0161an\u0101s ar klases audzin\u0101t\u0101ju sav\u0101s klases telp\u0101s.<\/p>\n<\/td>\n<\/tr>\n<tr style=\"height: 39px;\">\n<td style=\"height: 39px; width: 23.6203%;\" width=\"277\">\n<p>Ziemeru pamatskola<\/p>\n<\/td>\n<td style=\"height: 39px; width: 63.8705%;\" width=\"277\">\n<p>Zin\u012bbu dienas pas\u0101kums notiks 1. septembr\u012b plkst.8:30 laukum\u0101 pie skolas.<\/p>\n<\/td>\n<\/tr>\n<tr style=\"height: 39px;\">\n<td style=\"height: 39px; width: 23.6203%;\" width=\"277\">\n<p>Al\u016bksnes novada vidusskola<\/p>\n<\/td>\n<td style=\"height: 39px; width: 63.8705%;\" width=\"277\">\n<p>Pulksten 10:00 pie skolas, 9:30 1. un 12. klasei ievadstunda<\/p>\n<\/td>\n<\/tr>\n<tr style=\"height: 39px;\">\n<td style=\"height: 39px; width: 23.6203%;\" width=\"277\">\n<p>Ernsta Glika Al\u016bksnes Valsts \u0123imn\u0101zija<\/p>\n<\/td>\n<td style=\"height: 39px; width: 63.8705%;\" width=\"277\">\n<p>10:00 \u2013 7. klases, 11:00 \u2013 10. klases, p\u0101r\u0113jiem 9:00, 11:00 un 12:00 kla\u0161u telp\u0101s<\/p>\n<\/td>\n<\/tr>\n<\/tbody>\n<\/table>\n","protected":false},"excerpt":{"rendered":"<p>Al\u016bksnes pils\u0113tas s\u0101kumskola Zin\u012bbu dienas norise 1. septembr\u012b 1. klas\u0113m kop\u0101 ar vec\u0101kiem skolas z\u0101l\u0113. 2.- 6. klasei bez vec\u0101ku kl\u0101tb\u016btnes kla\u0161u telp\u0101s. Par norises laiku inform\u0113s klases audzin\u0101t\u0101ja. Pededzes pamatskola 1. septembr\u012b plkst. 9:00 pie skolas. Jaunannas M\u016bzikas un&#8230;<br \/><a class=\"read-more-button\" href=\"https:\/\/aluksne.lv\/index.php\/2020\/08\/28\/zinibu-diena-aluksnes-novada-skolas-2\/\">Las\u012bt visu<\/a><\/p>\n","protected":false},"author":1,"featured_media":21516,"comment_status":"closed","ping_status":"open","sticky":false,"template":"","format":"standard","meta":{"_crdt_document":"","_monsterinsights_skip_tracking":false,"_monsterinsights_sitenote_active":false,"_monsterinsights_sitenote_note":"","_monsterinsights_sitenote_category":0,"footnotes":"","_links_to":"","_links_to_target":""},"categories":[9],"tags":[],"class_list":["post-21513","post","type-post","status-publish","format-standard","has-post-thumbnail","hentry","category-noderiga-informacija"],"_links":{"self":[{"href":"https:\/\/aluksne.lv\/index.php\/wp-json\/wp\/v2\/posts\/21513","targetHints":{"allow":["GET"]}}],"collection":[{"href":"https:\/\/aluksne.lv\/index.php\/wp-json\/wp\/v2\/posts"}],"about":[{"href":"https:\/\/aluksne.lv\/index.php\/wp-json\/wp\/v2\/types\/post"}],"author":[{"embeddable":true,"href":"https:\/\/aluksne.lv\/index.php\/wp-json\/wp\/v2\/users\/1"}],"replies":[{"embeddable":true,"href":"https:\/\/aluksne.lv\/index.php\/wp-json\/wp\/v2\/comments?post=21513"}],"version-history":[{"count":0,"href":"https:\/\/aluksne.lv\/index.php\/wp-json\/wp\/v2\/posts\/21513\/revisions"}],"wp:featuredmedia":[{"embeddable":true,"href":"https:\/\/aluksne.lv\/index.php\/wp-json\/wp\/v2\/media\/21516"}],"wp:attachment":[{"href":"https:\/\/aluksne.lv\/index.php\/wp-json\/wp\/v2\/media?parent=21513"}],"wp:term":[{"taxonomy":"category","embeddable":true,"href":"https:\/\/aluksne.lv\/index.php\/wp-json\/wp\/v2\/categories?post=21513"},{"taxonomy":"post_tag","embeddable":true,"href":"https:\/\/aluksne.lv\/index.php\/wp-json\/wp\/v2\/tags?post=21513"}],"curies":[{"name":"wp","href":"https:\/\/api.w.org\/{rel}","templated":true}]}}