{"id":21642,"date":"2020-09-03T16:18:04","date_gmt":"2020-09-03T13:18:04","guid":{"rendered":"https:\/\/aluksne.lv\/?p=21642"},"modified":"2020-09-03T16:19:11","modified_gmt":"2020-09-03T13:19:11","slug":"templakalna-apkaime-aluksne-sanem-balvu-par-ilgtspejibu-arhitektura-buvnieciba-un-dizaina","status":"publish","type":"post","link":"https:\/\/aluksne.lv\/index.php\/2020\/09\/03\/templakalna-apkaime-aluksne-sanem-balvu-par-ilgtspejibu-arhitektura-buvnieciba-un-dizaina\/","title":{"rendered":"Temp\u013cakalna apkaime Al\u016bksn\u0113 sa\u0146em BALVU PAR ILGTSP\u0112J\u012aBU ARHITEKT\u016aR\u0100, B\u016aVNIEC\u012aB\u0100 UN DIZAIN\u0100!"},"content":{"rendered":"<p><strong><a href=\"https:\/\/aluksne.lv\/wp-content\/uploads\/2020\/09\/IMG-20200902-WA0009-1.jpg\"><img loading=\"lazy\" decoding=\"async\" class=\" wp-image-21643 alignright\" src=\"https:\/\/aluksne.lv\/wp-content\/uploads\/2020\/09\/IMG-20200902-WA0009-1-1024x768.jpg\" alt=\"\" width=\"611\" height=\"459\" data-id=\"21643\" srcset=\"https:\/\/aluksne.lv\/wp-content\/uploads\/2020\/09\/IMG-20200902-WA0009-1-1024x768.jpg 1024w, https:\/\/aluksne.lv\/wp-content\/uploads\/2020\/09\/IMG-20200902-WA0009-1-300x225.jpg 300w, https:\/\/aluksne.lv\/wp-content\/uploads\/2020\/09\/IMG-20200902-WA0009-1-768x576.jpg 768w, https:\/\/aluksne.lv\/wp-content\/uploads\/2020\/09\/IMG-20200902-WA0009-1-1536x1152.jpg 1536w, https:\/\/aluksne.lv\/wp-content\/uploads\/2020\/09\/IMG-20200902-WA0009-1-1170x878.jpg 1170w, https:\/\/aluksne.lv\/wp-content\/uploads\/2020\/09\/IMG-20200902-WA0009-1-800x600.jpg 800w, https:\/\/aluksne.lv\/wp-content\/uploads\/2020\/09\/IMG-20200902-WA0009-1.jpg 1600w\" sizes=\"auto, (max-width: 611px) 100vw, 611px\" \/><\/a>Vakar, 2. septembr\u012b, ar svin\u012bgu balvu pasnieg\u0161anas ceremoniju nosl\u0113dzies konkurss \u201cIlgtsp\u0113j\u012bba arhitekt\u016br\u0101, b\u016bvniec\u012bb\u0101, dizain\u0101 2020\u201d un ar prieku un lepnumu varam pazi\u0146ot, ka ar 1. vietu konkurs\u0101 nomin\u0101cij\u0101 &#8220;ILGTSP\u0112J\u012aGA PUBLISK\u0100 \u0100RTELPA&#8221; nov\u0113rt\u0113ta Al\u016bksnes Temp\u013cakalna apkaime!<\/strong><\/p>\n<p>Apbalvojums pasniegts gan Al\u016bksnes novada pa\u0161vald\u012bbai, to sa\u0146\u0113ma domes priek\u0161s\u0113d\u0113t\u0101ja vietnieks Dzintars Adlers, gan ar\u012b objektu b\u016bvniec\u012bb\u0101 iesaist\u012bto uz\u0146\u0113mumu p\u0101rst\u0101vji. Paldies visiem iesaist\u012btajiem par veiksm\u012bgo sadarb\u012bbu un darba rezult\u0101tiem, ko nov\u0113rt\u0113ju\u0161i nozares profesion\u0101\u013ci!<\/p>\n<p>&nbsp;<\/p>\n<p>&nbsp;<\/p>\n<p>&nbsp;<\/p>\n<p>&nbsp;<\/p>\n<p>&nbsp;<\/p>\n<p>&nbsp;<\/p>\n<p><a href=\"https:\/\/aluksne.lv\/wp-content\/uploads\/2020\/09\/IMG-20200902-WA0006-1.jpg\"><img loading=\"lazy\" decoding=\"async\" class=\"alignnone  wp-image-21644\" src=\"https:\/\/aluksne.lv\/wp-content\/uploads\/2020\/09\/IMG-20200902-WA0006-1-300x225.jpg\" alt=\"\" width=\"260\" height=\"195\" data-id=\"21644\" srcset=\"https:\/\/aluksne.lv\/wp-content\/uploads\/2020\/09\/IMG-20200902-WA0006-1-300x225.jpg 300w, https:\/\/aluksne.lv\/wp-content\/uploads\/2020\/09\/IMG-20200902-WA0006-1-1024x768.jpg 1024w, https:\/\/aluksne.lv\/wp-content\/uploads\/2020\/09\/IMG-20200902-WA0006-1-768x576.jpg 768w, https:\/\/aluksne.lv\/wp-content\/uploads\/2020\/09\/IMG-20200902-WA0006-1-1536x1153.jpg 1536w, https:\/\/aluksne.lv\/wp-content\/uploads\/2020\/09\/IMG-20200902-WA0006-1-1170x878.jpg 1170w, https:\/\/aluksne.lv\/wp-content\/uploads\/2020\/09\/IMG-20200902-WA0006-1-800x600.jpg 800w, https:\/\/aluksne.lv\/wp-content\/uploads\/2020\/09\/IMG-20200902-WA0006-1.jpg 1599w\" sizes=\"auto, (max-width: 260px) 100vw, 260px\" \/><\/a> <a href=\"https:\/\/aluksne.lv\/wp-content\/uploads\/2020\/09\/IMG_2001-Large.jpg\"><img loading=\"lazy\" decoding=\"async\" class=\"alignnone  wp-image-21645\" src=\"https:\/\/aluksne.lv\/wp-content\/uploads\/2020\/09\/IMG_2001-Large-300x200.jpg\" alt=\"\" width=\"293\" height=\"195\" data-id=\"21645\" srcset=\"https:\/\/aluksne.lv\/wp-content\/uploads\/2020\/09\/IMG_2001-Large-300x200.jpg 300w, https:\/\/aluksne.lv\/wp-content\/uploads\/2020\/09\/IMG_2001-Large-1024x683.jpg 1024w, https:\/\/aluksne.lv\/wp-content\/uploads\/2020\/09\/IMG_2001-Large-768x512.jpg 768w, https:\/\/aluksne.lv\/wp-content\/uploads\/2020\/09\/IMG_2001-Large-1536x1024.jpg 1536w, https:\/\/aluksne.lv\/wp-content\/uploads\/2020\/09\/IMG_2001-Large-320x213.jpg 320w, https:\/\/aluksne.lv\/wp-content\/uploads\/2020\/09\/IMG_2001-Large-1170x780.jpg 1170w, https:\/\/aluksne.lv\/wp-content\/uploads\/2020\/09\/IMG_2001-Large-272x182.jpg 272w, https:\/\/aluksne.lv\/wp-content\/uploads\/2020\/09\/IMG_2001-Large.jpg 1620w\" sizes=\"auto, (max-width: 293px) 100vw, 293px\" \/><\/a><\/p>\n","protected":false},"excerpt":{"rendered":"<p>Vakar, 2. septembr\u012b, ar svin\u012bgu balvu pasnieg\u0161anas ceremoniju nosl\u0113dzies konkurss \u201cIlgtsp\u0113j\u012bba arhitekt\u016br\u0101, b\u016bvniec\u012bb\u0101, dizain\u0101 2020\u201d un ar prieku un lepnumu varam pazi\u0146ot, ka ar 1. vietu konkurs\u0101 nomin\u0101cij\u0101 &#8220;ILGTSP\u0112J\u012aGA PUBLISK\u0100 \u0100RTELPA&#8221; nov\u0113rt\u0113ta Al\u016bksnes Temp\u013cakalna apkaime! Apbalvojums pasniegts gan Al\u016bksnes novada&#8230;<br \/><a class=\"read-more-button\" href=\"https:\/\/aluksne.lv\/index.php\/2020\/09\/03\/templakalna-apkaime-aluksne-sanem-balvu-par-ilgtspejibu-arhitektura-buvnieciba-un-dizaina\/\">Las\u012bt visu<\/a><\/p>\n","protected":false},"author":1,"featured_media":21643,"comment_status":"closed","ping_status":"open","sticky":false,"template":"","format":"standard","meta":{"_crdt_document":"","_monsterinsights_skip_tracking":false,"_monsterinsights_sitenote_active":false,"_monsterinsights_sitenote_note":"","_monsterinsights_sitenote_category":0,"footnotes":"","_links_to":"","_links_to_target":""},"categories":[9],"tags":[],"class_list":["post-21642","post","type-post","status-publish","format-standard","has-post-thumbnail","hentry","category-noderiga-informacija"],"_links":{"self":[{"href":"https:\/\/aluksne.lv\/index.php\/wp-json\/wp\/v2\/posts\/21642","targetHints":{"allow":["GET"]}}],"collection":[{"href":"https:\/\/aluksne.lv\/index.php\/wp-json\/wp\/v2\/posts"}],"about":[{"href":"https:\/\/aluksne.lv\/index.php\/wp-json\/wp\/v2\/types\/post"}],"author":[{"embeddable":true,"href":"https:\/\/aluksne.lv\/index.php\/wp-json\/wp\/v2\/users\/1"}],"replies":[{"embeddable":true,"href":"https:\/\/aluksne.lv\/index.php\/wp-json\/wp\/v2\/comments?post=21642"}],"version-history":[{"count":0,"href":"https:\/\/aluksne.lv\/index.php\/wp-json\/wp\/v2\/posts\/21642\/revisions"}],"wp:featuredmedia":[{"embeddable":true,"href":"https:\/\/aluksne.lv\/index.php\/wp-json\/wp\/v2\/media\/21643"}],"wp:attachment":[{"href":"https:\/\/aluksne.lv\/index.php\/wp-json\/wp\/v2\/media?parent=21642"}],"wp:term":[{"taxonomy":"category","embeddable":true,"href":"https:\/\/aluksne.lv\/index.php\/wp-json\/wp\/v2\/categories?post=21642"},{"taxonomy":"post_tag","embeddable":true,"href":"https:\/\/aluksne.lv\/index.php\/wp-json\/wp\/v2\/tags?post=21642"}],"curies":[{"name":"wp","href":"https:\/\/api.w.org\/{rel}","templated":true}]}}