{"id":23529,"date":"2021-01-06T08:24:51","date_gmt":"2021-01-06T06:24:51","guid":{"rendered":"https:\/\/aluksne.lv\/?p=23529"},"modified":"2021-01-06T08:26:12","modified_gmt":"2021-01-06T06:26:12","slug":"esi-vienkarss-un-cilveki-tieksies-pie-tevis","status":"publish","type":"post","link":"https:\/\/aluksne.lv\/index.php\/2021\/01\/06\/esi-vienkarss-un-cilveki-tieksies-pie-tevis\/","title":{"rendered":"Esi vienk\u0101r\u0161s un cilv\u0113ki tieksies pie tevis"},"content":{"rendered":"<p>\n<a href=\"https:\/\/aluksne.lv\/projektiwp\/wp-content\/uploads\/2018\/09\/Agnese-scaled.jpg\"><img loading=\"lazy\" decoding=\"async\" class=\" wp-image-1170 alignright\" src=\"https:\/\/aluksne.lv\/projektiwp\/wp-content\/uploads\/2018\/09\/Agnese-576x1024.jpg\" alt=\"\" width=\"353\" height=\"628\" \/><\/a><strong>Lai cilv\u0113ks ar gar\u012bga rakstura trauc\u0113jumiem veiksm\u012bgi iek\u013cautos sabiedr\u012bb\u0101, ir b\u016btiski nodro\u0161in\u0101t nodarbin\u0101t\u012bbas iesp\u0113jas atbilsto\u0161i cilv\u0113ka sp\u0113j\u0101m un vajadz\u012bb\u0101m, gan cilv\u0113kam, kur\u0161 dz\u012bvo \u0123imen\u0113, gan cilv\u0113kam, kur\u0161 dz\u012bvo grupu dz\u012bvok\u013ca pakalpojum\u0101, t\u0101p\u0113c Vidzemes pl\u0101no\u0161anas re\u0123iona deinstitucionaliz\u0101cijas pl\u0101ns paredz dienas apr\u016bpes centru un specializ\u0113to darbn\u012bcu izveidi pilngad\u012bgiem cilv\u0113kiem ar gar\u012bga rakstura trauc\u0113jumiem. Vidzemes pl\u0101no\u0161anas re\u0123ion\u0101 dienas apr\u016bpes centrus pieaugu\u0161ajiem ar gar\u012bga rakstura trauc\u0113jumiem veido 13 pa\u0161vald\u012bbas, bet specializ\u0113t\u0101s darbn\u012bcas veido 10 pa\u0161vald\u012bbas.<\/strong><\/p>\n<p>Cilv\u0113kam ar smag\u0101kiem funkcion\u0101liem trauc\u0113jumiem piem\u0113rot\u0101ka ir darbo\u0161an\u0101s dienas apr\u016bpes centr\u0101, kur nodro\u0161ina nepiecie\u0161amo apr\u016bpi, sniedz atbalstu un att\u012bsta nepiecie\u0161am\u0101s vai saglab\u0101 eso\u0161\u0101s prasmes. Ja funkcion\u0101lie trauc\u0113jumi ir viegl\u0101ki, bet algota darba veik\u0161anai v\u0113l j\u0101att\u012bsta darba prasmes, tad piem\u0113rots ir specializ\u0113to darbn\u012bcu pakalpojums \u2013 sve\u010du lie\u0161ana, d\u0101rzkop\u012bbas iema\u0146u apg\u016b\u0161ana, \u0113st gatavo\u0161ana, darbs ar m\u0101lu, \u0101das apstr\u0101des, kokapstr\u0101des u.c. iema\u0146as. Pieredze r\u0101da, ka specializ\u0113t\u0101s darbn\u012bcas pal\u012bdz cilv\u0113kiem uzs\u0101kt darba attiec\u012bbas vai atgriezties darba tirg\u016b, jo taj\u0101s apg\u016bst ne tikai amata prasmes, bet ar\u012b soci\u0101l\u0101s iema\u0146as.<\/p>\n<p>\u00a0<em>\u201cEsmu \u013coti priec\u012bga, ka man \u0161ogad no 5. oktobra ir iesp\u0113ja apmekl\u0113t dienas centru. Man \u013coti pat\u012bk, ka dienas centr\u0101 ir vis\u0101das nodarb\u012bbas. Katru ned\u0113\u013cu, kas cits. Man \u013coti pat\u012bk, ka pirmdien\u0101s ir vingro\u0161ana un dejo\u0161ana. Tas pal\u012bdz manai vesel\u012bbai. Man \u013coti pat\u012bk, ka var uzdzied\u0101t. Un tais\u012bt vis\u0101dus darbi\u0146us. Galvenais, ka dienas centr\u0101 ir jauks kolekt\u012bvs un jauki darbinieki. Paldies par visu. Par m\u012blest\u012bbu un siltumu, ko izstaro jauki cilv\u0113ki dienas centr\u0101!\u201d <\/em>p\u0101rdom\u0101s dal\u0101s dienas apr\u016bpes centra \u201cStropi\u0146\u0161\u201d apmekl\u0113t\u0101ja.<\/p>\n<p>Valmieras dienas apr\u016bpes centra \u201cStropi\u0146\u0161\u201d un specializ\u0113to darbn\u012bcu vad\u012bt\u0101ja Agnese Vald\u0113na uzsver, ka cilv\u0113kam, apmekl\u0113jot dienas apr\u016bpes centru vai specializ\u0113t\u0101s darbn\u012bcas pakalpojumus, papla\u0161in\u0101s redzesloks. Dienas apr\u016bpes centra apmekl\u0113t\u0101jiem tiek organiz\u0113tas ekskursijas, rado\u0161as nodarbes un, pats svar\u012bg\u0101kais, pilnveidotas socializ\u0113\u0161an\u0101s prasmes &#8211; cilv\u0113ks k\u013c\u016bst patst\u0101v\u012bg\u0101ks un sp\u0113j\u012bg\u0101ks iek\u013cauties un l\u012bdzdarboties sabiedriskajos procesos. \u0160o pakalpojumu v\u0113rt\u012bba ir individu\u0101laj\u0101 pieej\u0101 katram apmekl\u0113t\u0101jam. Ar\u012b dienas apr\u016bpes centr\u0101 \u201cStropi\u0146\u0161\u201d tiek \u012bstenota individu\u0101la pieeja &#8211; rasts laiks nelielai sarunai, jokam vai k\u0101da darbi\u0146a kop\u012bgai paveik\u0161anai ar katru apmekl\u0113t\u0101ju. Ar\u012b br\u012bvaj\u0101 laik\u0101 darbinieki cen\u0161as piemekl\u0113t katram interes\u0113jo\u0161o nodarbi.<\/p>\n<p><em>\u201cMan pat\u012bk centri\u0146\u0101 dejo\u0161ana, m\u016bzika un rado\u0161\u0101s nodarb\u012bbas pie L\u012bgas un Ritas, ar\u012b pastaigas \u0101r\u0101<\/em>,\u201d st\u0101sta dienas apr\u016bpes centra \u201cStropi\u0146\u0161\u201d apmekl\u0113t\u0101ja.<\/p>\n<p>Dienas apr\u016bpes centra un specializ\u0113to darbn\u012bcu pakalpojums ir liels atbalsts \u0123imen\u0113m, kuras r\u016bp\u0113jas par tuvinieku ar gar\u012bga rakstura trauc\u0113jumiem, sniedzot iesp\u0113ju \u0123imenes locek\u013ciem atgriezties darba tirg\u016b, zinot, ka tuvinieks ir dro\u0161\u012bb\u0101 un vi\u0146am tiek nodro\u0161in\u0101ta satur\u012bga laika pavad\u012b\u0161ana. Ar\u012b cilv\u0113kiem, kuri dz\u012bvo grupu dz\u012bvok\u013cos, ir svar\u012bgs konkr\u0113ts dienas ritms un nodarbin\u0101t\u012bba, kas pal\u012bdz veiksm\u012bg\u0101k iek\u013cauties sabiedr\u012bb\u0101.<\/p>\n<p>V\u012brietis, kur\u0161 specializ\u0113taj\u0101s darbn\u012bc\u0101s apg\u016bst kokapstr\u0101des prasmes, st\u0101sta: <em>\u201dPat\u012bk kokapstr\u0101d\u0113 dedzin\u0101\u0161ana, pat\u012bk b\u016bt kop\u0101 ar L\u012bgu. Pat\u012bk, ka varu str\u0101d\u0101t priek\u0161 veikali\u0146a.\u201d<\/em><\/p>\n<p><em>\u201cKop\u0161 ir specializ\u0113t\u0101s darbn\u012bcas, man pat\u012bk darboties,\u201d <\/em>dal\u0101s specializ\u0113to darbn\u012bcu apmekl\u0113t\u0101js.<\/p>\n<p>Specializ\u0113taj\u0101s darbn\u012bc\u0101s veidotie kokapstr\u0101des produkti tiek p\u0101rdoti soci\u0101l\u0101 uz\u0146\u0113muma \u201c\u010cakl\u0101s bites bode\u201d veikal\u0101. Katrs p\u0101rdotais izstr\u0101d\u0101jums ir apliecin\u0101jums, ka funkcion\u0101lie trauc\u0113jumi nav \u0161\u0137\u0113rslis, lai rad\u012btu, iesaist\u012btos un apg\u016btu jaunas prasmes.<\/p>\n<p>\u00a0Jaut\u0101jot dienas apr\u016bpes centra \u201cStropi\u0146\u0161\u201d un specializ\u0113to darbn\u012bcu vad\u012bt\u0101jai par motiv\u0101ciju str\u0101d\u0101t \u0161\u0101d\u0101 pakalpojum\u0101, A.Vald\u0113na teic: <em>\u201cMan pat\u012bk tas patiesums. Nekas netiek sare\u017e\u0123\u012bts, valda vienk\u0101r\u0161\u012bba, kas dod vieglumu. Ir t\u0101ds teiciens &#8211; esi vienk\u0101r\u0161s un cilv\u0113ki tieksies pie tevis! Te tas ir abpus\u0113ji. Ja dienas beig\u0101s m\u0113s ejot m\u0101jas apskaujamies vai paspie\u017eam viens otram roku, tad man liekas, ka diena ir izdevusies! \u201d<\/em><\/p>\n<p>Jaut\u0101jumiem:\u00a0<em>Deinstitucionaliz\u0101cijas projekta \u201cVidzeme iek\u013cauj\u201d vad\u012bt\u0101ja Ina Mi\u0137elsone, mob.t 29289487,\u00a0<a href=\"mailto:ina.mikelsone@vidzeme.lv\">ina.mikelsone@vidzeme.lv<\/a><\/em><\/p>\n<p><em>Soci\u0101lo pakalpojumu eksperte Laine Z\u0101l\u012bte, mob.t. 26536286,\u00a0<a href=\"mailto:laine.zalite@vidzeme.lv\">laine.zalite@vidzeme.lv<\/a>\u00a0\u00a0<\/em><\/p>\n<p><em>Inform\u0101ciju sagatavoja:\u00a0Naula Dannenberga, projekta &#8220;Vidzeme iek\u013cauj&#8221; sabiedrisko attiec\u012bbu speci\u0101liste, mob.t. 26148024,\u00a0<a href=\"mailto:anita.abolina@vidzeme.lv\">naula.dannenberga@vidzeme.lv<\/a>\u00a0<\/p>\n<p><\/em><\/p>\n<p style=\"text-align: center;\"><a href=\"https:\/\/aluksne.lv\/projektiwp\/wp-content\/uploads\/2018\/09\/karte.jpeg\"><img loading=\"lazy\" decoding=\"async\" class=\"alignnone size-thumbnail wp-image-1171\" src=\"https:\/\/aluksne.lv\/projektiwp\/wp-content\/uploads\/2018\/09\/karte-150x150.jpeg\" alt=\"\" width=\"150\" height=\"150\" \/><\/a> <a href=\"https:\/\/aluksne.lv\/projektiwp\/wp-content\/uploads\/2018\/09\/gipsis.jpeg\"><img loading=\"lazy\" decoding=\"async\" class=\"alignnone size-thumbnail wp-image-1172\" src=\"https:\/\/aluksne.lv\/projektiwp\/wp-content\/uploads\/2018\/09\/gipsis-150x150.jpeg\" alt=\"\" width=\"150\" height=\"150\" \/><\/a><\/p>\n","protected":false},"excerpt":{"rendered":"<p>Lai cilv\u0113ks ar gar\u012bga rakstura trauc\u0113jumiem veiksm\u012bgi iek\u013cautos sabiedr\u012bb\u0101, ir b\u016btiski nodro\u0161in\u0101t nodarbin\u0101t\u012bbas iesp\u0113jas atbilsto\u0161i cilv\u0113ka sp\u0113j\u0101m un vajadz\u012bb\u0101m, gan cilv\u0113kam, kur\u0161 dz\u012bvo \u0123imen\u0113, gan cilv\u0113kam, kur\u0161 dz\u012bvo grupu dz\u012bvok\u013ca pakalpojum\u0101, t\u0101p\u0113c Vidzemes pl\u0101no\u0161anas re\u0123iona deinstitucionaliz\u0101cijas pl\u0101ns paredz dienas apr\u016bpes&#8230;<br \/><a class=\"read-more-button\" href=\"https:\/\/aluksne.lv\/index.php\/2021\/01\/06\/esi-vienkarss-un-cilveki-tieksies-pie-tevis\/\">Las\u012bt visu<\/a><\/p>\n","protected":false},"author":1,"featured_media":23532,"comment_status":"closed","ping_status":"open","sticky":false,"template":"","format":"standard","meta":{"_crdt_document":"","_monsterinsights_skip_tracking":false,"_monsterinsights_sitenote_active":false,"_monsterinsights_sitenote_note":"","_monsterinsights_sitenote_category":0,"footnotes":"","_links_to":"","_links_to_target":""},"categories":[9],"tags":[],"class_list":["post-23529","post","type-post","status-publish","format-standard","has-post-thumbnail","hentry","category-noderiga-informacija"],"_links":{"self":[{"href":"https:\/\/aluksne.lv\/index.php\/wp-json\/wp\/v2\/posts\/23529","targetHints":{"allow":["GET"]}}],"collection":[{"href":"https:\/\/aluksne.lv\/index.php\/wp-json\/wp\/v2\/posts"}],"about":[{"href":"https:\/\/aluksne.lv\/index.php\/wp-json\/wp\/v2\/types\/post"}],"author":[{"embeddable":true,"href":"https:\/\/aluksne.lv\/index.php\/wp-json\/wp\/v2\/users\/1"}],"replies":[{"embeddable":true,"href":"https:\/\/aluksne.lv\/index.php\/wp-json\/wp\/v2\/comments?post=23529"}],"version-history":[{"count":0,"href":"https:\/\/aluksne.lv\/index.php\/wp-json\/wp\/v2\/posts\/23529\/revisions"}],"wp:featuredmedia":[{"embeddable":true,"href":"https:\/\/aluksne.lv\/index.php\/wp-json\/wp\/v2\/media\/23532"}],"wp:attachment":[{"href":"https:\/\/aluksne.lv\/index.php\/wp-json\/wp\/v2\/media?parent=23529"}],"wp:term":[{"taxonomy":"category","embeddable":true,"href":"https:\/\/aluksne.lv\/index.php\/wp-json\/wp\/v2\/categories?post=23529"},{"taxonomy":"post_tag","embeddable":true,"href":"https:\/\/aluksne.lv\/index.php\/wp-json\/wp\/v2\/tags?post=23529"}],"curies":[{"name":"wp","href":"https:\/\/api.w.org\/{rel}","templated":true}]}}