{"id":24141,"date":"2021-02-11T08:00:28","date_gmt":"2021-02-11T06:00:28","guid":{"rendered":"https:\/\/aluksne.lv\/?p=24141"},"modified":"2021-02-11T09:16:16","modified_gmt":"2021-02-11T07:16:16","slug":"atbalsta-iespejas-covid-19-krizes-skartajiem-uznemumiem-un-pasnodarbinatajiem","status":"publish","type":"post","link":"https:\/\/aluksne.lv\/index.php\/2021\/02\/11\/atbalsta-iespejas-covid-19-krizes-skartajiem-uznemumiem-un-pasnodarbinatajiem\/","title":{"rendered":"Atbalsta iesp\u0113jas Covid-19 kr\u012bzes skartajiem uz\u0146\u0113mumiem un pa\u0161nodarbin\u0101tajiem"},"content":{"rendered":"<p><strong><a href=\"https:\/\/aluksne.lv\/wp-content\/uploads\/2021\/02\/20.01_dikstaves_atbalsts_uznemumiem_un_to_darbiniekiem.png\"><img loading=\"lazy\" decoding=\"async\" class=\" wp-image-24158 alignright\" src=\"https:\/\/aluksne.lv\/wp-content\/uploads\/2021\/02\/20.01_dikstaves_atbalsts_uznemumiem_un_to_darbiniekiem-1024x685.png\" alt=\"\" width=\"617\" height=\"413\" data-id=\"24158\" srcset=\"https:\/\/aluksne.lv\/wp-content\/uploads\/2021\/02\/20.01_dikstaves_atbalsts_uznemumiem_un_to_darbiniekiem-1024x685.png 1024w, https:\/\/aluksne.lv\/wp-content\/uploads\/2021\/02\/20.01_dikstaves_atbalsts_uznemumiem_un_to_darbiniekiem-300x201.png 300w, https:\/\/aluksne.lv\/wp-content\/uploads\/2021\/02\/20.01_dikstaves_atbalsts_uznemumiem_un_to_darbiniekiem-768x514.png 768w, https:\/\/aluksne.lv\/wp-content\/uploads\/2021\/02\/20.01_dikstaves_atbalsts_uznemumiem_un_to_darbiniekiem-1536x1028.png 1536w, https:\/\/aluksne.lv\/wp-content\/uploads\/2021\/02\/20.01_dikstaves_atbalsts_uznemumiem_un_to_darbiniekiem-2048x1370.png 2048w, https:\/\/aluksne.lv\/wp-content\/uploads\/2021\/02\/20.01_dikstaves_atbalsts_uznemumiem_un_to_darbiniekiem-320x213.png 320w, https:\/\/aluksne.lv\/wp-content\/uploads\/2021\/02\/20.01_dikstaves_atbalsts_uznemumiem_un_to_darbiniekiem-1170x783.png 1170w, https:\/\/aluksne.lv\/wp-content\/uploads\/2021\/02\/20.01_dikstaves_atbalsts_uznemumiem_un_to_darbiniekiem-272x182.png 272w\" sizes=\"auto, (max-width: 617px) 100vw, 617px\" \/><\/a>\u0160eit ir iesp\u0113ja iepaz\u012bties ar Valsts ie\u0146\u0113mumu dienesta apkopoto inform\u0101ciju par atbalsta veidiem, kas pieejami Covid-19 kr\u012bzes skartajiem nodok\u013cu maks\u0101t\u0101jiem.<\/strong><\/p>\n<p>Aicin\u0101m Al\u016bksnes novada uz\u0146\u0113m\u0113jus iepaz\u012bties ar tiem un pieteikties valsts noteiktajiem atbalsta instrumentiem.<\/p>\n<p>&nbsp;<\/p>\n<p><strong>Atbalsts par d\u012bkst\u0101vi<\/strong><\/p>\n<p>&nbsp;<\/p>\n<p>Pieejams uz\u0146\u0113m\u0113jiem, kuru ie\u0146\u0113mumi sal\u012bdzin\u0101jum\u0101 ar 2020.\u00a0gada augusta, septembra, oktobra vid\u0113jiem ie\u0146\u0113mumiem samazin\u0101ju\u0161ies vair\u0101k nek\u0101 20\u00a0% apm\u0113r\u0101 un kuru darbinieki (visi vai da\u013ca) atrodas d\u012bkst\u0101v\u0113. \u0160is atbalsts pieejams ar\u012b pa\u0161nodarbin\u0101tajiem un patentmaks\u0101t\u0101jiem, kuru ie\u0146\u0113mumi sal\u012bdzin\u0101jum\u0101 ar 2020.\u00a0gada augusta, septembra, oktobra vid\u0113jiem ie\u0146\u0113mumiem samazin\u0101ju\u0161ies vair\u0101k nek\u0101 20% apm\u0113r\u0101.<\/p>\n<ol>\n<li>Normat\u012bvais akts \u2013 <a href=\"https:\/\/likumi.lv\/ta\/id\/319073-noteikumi-par-atbalstu-par-dikstavi-nodoklu-maksatajiem-to-darbibas-turpinasanai-covid-19-izraisitas-krizes-apstaklos\" target=\"_blank\" rel=\"noopener\">Ministru kabineta 2020.\u00a0gada 24.\u00a0novembra noteikumi Nr.\u00a0709 \u201cNoteikumi par atbalstu par d\u012bkst\u0101vi nodok\u013cu maks\u0101t\u0101jiem to darb\u012bbas turpin\u0101\u0161anai Covid-19 izrais\u012bt\u0101s kr\u012bzes apst\u0101k\u013cos\u201d<\/a>.<\/li>\n<\/ol>\n<p>&nbsp;<\/p>\n<ol start=\"2\">\n<li>VID <a href=\"https:\/\/www.vid.gov.lv\/lv\/covid-19\" target=\"_blank\" rel=\"noopener\">t\u012bmek\u013cvietn\u0113<\/a> pieejam\u0101 inform\u0101cija \u2013 \u201cD\u012bkst\u0101ves atbalsts uz\u0146\u0113mumiem un to darbiniekiem\u201d, \u201cAtbalsts pa\u0161nodarbin\u0101tajiem\u201d, \u201cAtbalsts patentmaksas maks\u0101t\u0101jiem\u201d.<\/li>\n<\/ol>\n<p>&nbsp;<\/p>\n<ol start=\"3\">\n<li>VID <a href=\"https:\/\/www.vid.gov.lv\/lv\/metodiskie-un-informativie-materiali\" target=\"_blank\" rel=\"noopener\">t\u012bmek\u013cvietn\u0113<\/a> pieejamie informat\u012bvie materi\u0101li:<\/li>\n<\/ol>\n<p>&#8211; \u201c<a href=\"https:\/\/www.vid.gov.lv\/sites\/default\/files\/vadlinijas_atbalsts_par_dikstavi_uz_2912_2020.pdf\" target=\"_blank\" rel=\"noopener\">Vadl\u012bnijas par atbalsta par d\u012bkst\u0101vi snieg\u0161anas k\u0101rt\u012bbu darba dev\u0113jiem, pa\u0161nodarbin\u0101t\u0101m person\u0101m un patentmaks\u0101t\u0101jiem<\/a>\u201d;<\/p>\n<p>&#8211; informat\u012bvais materi\u0101ls <a href=\"https:\/\/www.vid.gov.lv\/sites\/default\/files\/04.12.2020_dikstave_jp.pdf\" target=\"_blank\" rel=\"noopener\">\u201cK\u0101 elektroniski iesniegt dokumentu \u201cIesniegums atbalstam darb\u012bbas turpin\u0101\u0161anai COVID-19 izrais\u012bt\u0101s kr\u012bzes apst\u0101k\u013cos\u201d juridisk\u0101m person\u0101m\u201d<\/a>;<\/p>\n<p>&#8211; informat\u012bvais materi\u0101ls <a href=\"https:\/\/www.vid.gov.lv\/sites\/default\/files\/04.12.2020_informativais_par_dikstaves_veidlapu_pasnodarbinatajiem.pdf\" target=\"_blank\" rel=\"noopener\">\u201cK\u0101 elektroniski iesniegt dokumentu \u201cIesniegums atbalstam darb\u012bbas turpin\u0101\u0161anai COVID-19 izrais\u012bt\u0101s kr\u012bzes apst\u0101k\u013cos\u201d pa\u0161nodarbin\u0101t\u0101m un person\u0101m, kas maks\u0101 patentmaksu\u201d<\/a>;<\/p>\n<p>&#8211; informat\u012bvais materi\u0101ls <a href=\"https:\/\/www.vid.gov.lv\/sites\/default\/files\/04.12.2020_informativais_par_dikstaves_veidlapu_darba_devejiem.pdf\" target=\"_blank\" rel=\"noopener\">\u201cK\u0101 elektroniski iesniegt dokumentu \u201cIesniegums atbalstam darb\u012bbas turpin\u0101\u0161anai COVID-19 izrais\u012bt\u0101s kr\u012bzes apst\u0101k\u013cos\u201d darba dev\u0113jiem &#8211; fizisk\u0101m person\u0101m\u201d<\/a>;<\/p>\n<p>&#8211; VID tie\u0161saistes semin\u0101rs pa\u0161nodarbin\u0101tajiem un patentmaksas maks\u0101t\u0101jiem par d\u012bkst\u0101ves atbalstu \u201c<a href=\"https:\/\/www.vid.gov.lv\/sites\/default\/files\/atbildes-pasnodarbinatie.pdf\" target=\"_blank\" rel=\"noopener\">Atbildes uz klaus\u012bt\u0101ju jaut\u0101jumiem<\/a>\u201d;<\/p>\n<p>&#8211; VID tie\u0161saistes semin\u0101rs pa\u0161nodarbin\u0101tajiem un patentmaksas maks\u0101t\u0101jiem par d\u012bkst\u0101ves atbalstu \u201c<a href=\"https:\/\/www.vid.gov.lv\/sites\/default\/files\/atbildes-pasnodarbinatie_ii.pdf\" target=\"_blank\" rel=\"noopener\">Atbildes uz klaus\u012bt\u0101ju jaut\u0101jumiem(II)<\/a>\u201d;<\/p>\n<p>&#8211; VID tie\u0161saistes semin\u0101rs darba dev\u0113jiem par d\u012bkst\u0101ves atbalstu \u201c<a href=\"https:\/\/www.vid.gov.lv\/sites\/default\/files\/atbildes-darba_deveji.pdf\" target=\"_blank\" rel=\"noopener\">Atbildes uz klaus\u012bt\u0101ju jaut\u0101jumiem<\/a>\u201d;<\/p>\n<p>&#8211; informat\u012bvais materi\u0101ls <a href=\"https:\/\/www.vid.gov.lv\/sites\/default\/files\/ddz_aizpildisana_ja_senem_atbalstu_par_dikstavi_2021.pdf\" target=\"_blank\" rel=\"noopener\">\u201cDarba dev\u0113ja zi\u0146ojuma aizpild\u012b\u0161ana, ja sa\u0146em atbalstu par d\u012bkst\u0101vi vai atbalstu algu subs\u012bdijai, kas pie\u0161\u0137irts par laiku no 2020.gada 9.novembra\u201d<\/a>.<\/p>\n<p>&nbsp;<\/p>\n<ol start=\"4\">\n<li>VID t\u012bmek\u013cvietn\u0113 pieejamie semin\u0101ru materi\u0101li:<\/li>\n<\/ol>\n<p>&#8211; \u201c<a href=\"https:\/\/www.vid.gov.lv\/lv\/vid-tiessaistes-seminars-darba-devejiem-par-dikstaves-atbalstu-un-algu-subsidijam\" target=\"_blank\" rel=\"noopener\">VID tie\u0161saistes semin\u0101rs darba dev\u0113jiem par d\u012bkst\u0101ves atbalstu un algu subs\u012bdij\u0101m<\/a>\u201d;<\/p>\n<p>&#8211; \u201c<a href=\"https:\/\/www.vid.gov.lv\/lv\/vid-tiessaistes-seminars-pasnodarbinatajiem-un-patentmaksas-maksatajiem-par-dikstaves-atbalstu\" target=\"_blank\" rel=\"noopener\">VID tie\u0161saistes semin\u0101rs pa\u0161nodarbin\u0101tajiem un patentmaksas maks\u0101t\u0101jiem par d\u012bkst\u0101ves atbalstu<\/a>\u201d.<\/p>\n<p><strong>\u00a0<\/strong><\/p>\n<p><strong>Atbalsts algu subs\u012bdijai<\/strong><\/p>\n<p>&nbsp;<\/p>\n<p>Pieejams uz\u0146\u0113m\u0113jiem, kuru ie\u0146\u0113mumi sal\u012bdzin\u0101jum\u0101 ar 2020.\u00a0gada augusta, septembra, oktobra vid\u0113jiem ie\u0146\u0113mumiem samazin\u0101ju\u0161ies vair\u0101k nek\u0101 20\u00a0% apm\u0113r\u0101 un kuru darbinieki (visi vai da\u013ca) str\u0101d\u0101 nepilnu darba laiku. Uz atbalsta izmaksas br\u012bdi uz\u0146\u0113mumam nedr\u012bkst b\u016bt nodok\u013cu par\u0101ds, kas p\u0101rsniedz 1000\u00a0eiro, ja par to nav nosl\u0113gts grafiks.<\/p>\n<ol>\n<li>Normat\u012bvais akts \u2013 <a href=\"https:\/\/likumi.lv\/ta\/id\/318757-noteikumi-par-atbalsta-sniegsanu-nodoklu-maksatajiem-to-darbibas-turpinasanai-covid-19-krizes-apstaklos\" target=\"_blank\" rel=\"noopener\">Ministru kabineta 2020.\u00a0gada 10.\u00a0novembra noteikumi Nr.\u00a0675 \u201cNoteikumi par atbalsta snieg\u0161anu nodok\u013cu maks\u0101t\u0101jiem to darb\u012bbas turpin\u0101\u0161anai <br \/>\nCovid-19 kr\u012bzes apst\u0101k\u013cos\u201d<\/a>.<\/li>\n<\/ol>\n<p>&nbsp;<\/p>\n<ol start=\"2\">\n<li>VID <a href=\"https:\/\/www.vid.gov.lv\/lv\/covid-19\" target=\"_blank\" rel=\"noopener\">t\u012bmek\u013cvietn\u0113<\/a> pieejam\u0101 inform\u0101cija \u2013 \u201cAtbalsts algu subs\u012bdijai nepilna laika darbiniekiem\u201d.<\/li>\n<\/ol>\n<p>&nbsp;<\/p>\n<ol start=\"3\">\n<li>VID <a href=\"https:\/\/www.vid.gov.lv\/lv\/metodiskie-un-informativie-materiali\" target=\"_blank\" rel=\"noopener\">t\u012bmek\u013cvietn\u0113<\/a> pieejamie informat\u012bvie materi\u0101li:<\/li>\n<\/ol>\n<p>&#8211; \u201c<a href=\"https:\/\/www.vid.gov.lv\/sites\/default\/files\/vadlinijas_atbalsts_algu_subsidijai_2912_2020.pdf\" target=\"_blank\" rel=\"noopener\">Vadl\u012bnijas par atbalsta algu subs\u012bdijai snieg\u0161anas k\u0101rt\u012bbu darba dev\u0113jiem<\/a>\u201d;<\/p>\n<p>&#8211; informat\u012bvais materi\u0101ls <a href=\"https:\/\/www.vid.gov.lv\/sites\/default\/files\/ddz_aizpildisana_ja_senem_atbalstu_par_dikstavi_2021.pdf\" target=\"_blank\" rel=\"noopener\">\u201cDarba dev\u0113ja zi\u0146ojuma aizpild\u012b\u0161ana, ja sa\u0146em atbalstu par d\u012bkst\u0101vi vai atbalstu algu subs\u012bdijai, kas pie\u0161\u0137irts par laiku no 2020.gada 9.novembra\u201d<\/a>;<\/p>\n<p>&#8211; VID tie\u0161saistes semin\u0101ra darba dev\u0113jiem par d\u012bkst\u0101ves atbalstu \u201c<a href=\"https:\/\/www.vid.gov.lv\/sites\/default\/files\/atbildes-darba_deveji.pdf\" target=\"_blank\" rel=\"noopener\">Atbildes uz klaus\u012bt\u0101ju jaut\u0101jumiem<\/a>\u201d;<\/p>\n<p>&#8211; informat\u012bvais materi\u0101ls <a href=\"https:\/\/www.vid.gov.lv\/sites\/default\/files\/04.12.2020_dikstave_jp.pdf\" target=\"_blank\" rel=\"noopener\">\u201cK\u0101 elektroniski iesniegt dokumentu \u201cIesniegums atbalstam darb\u012bbas turpin\u0101\u0161anai COVID-19 izrais\u012bt\u0101s kr\u012bzes apst\u0101k\u013cos\u201d juridisk\u0101m person\u0101m\u201d<\/a>;<\/p>\n<p>&#8211; informat\u012bvais materi\u0101ls <a href=\"https:\/\/www.vid.gov.lv\/sites\/default\/files\/04.12.2020_informativais_par_dikstaves_veidlapu_darba_devejiem.pdf\" target=\"_blank\" rel=\"noopener\">\u201cK\u0101 elektroniski iesniegt dokumentu \u201cIesniegums atbalstam darb\u012bbas turpin\u0101\u0161anai COVID-19 izrais\u012bt\u0101s kr\u012bzes apst\u0101k\u013cos\u201d darba dev\u0113jiem &#8211; fizisk\u0101m person\u0101m\u201d<\/a>.<\/p>\n<p>&nbsp;<\/p>\n<ol start=\"4\">\n<li>VID <a href=\"https:\/\/www.vid.gov.lv\/lv\/vid-tiessaistes-seminars-darba-devejiem-par-dikstaves-atbalstu-un-algu-subsidijam\">t\u012bmek\u013cvietn\u0113<\/a> pieejamie semin\u0101ra materi\u0101li \u201c<a href=\"https:\/\/www.vid.gov.lv\/lv\/vid-tiessaistes-seminars-darba-devejiem-par-dikstaves-atbalstu-un-algu-subsidijam\" target=\"_blank\" rel=\"noopener\">VID tie\u0161saistes semin\u0101rs darba dev\u0113jiem par d\u012bkst\u0101ves atbalstu un algu subs\u012bdij\u0101m<\/a>\u201d.<\/li>\n<\/ol>\n<p>&nbsp;<\/p>\n<p><strong>Atbalsts (grants) apgroz\u0101mo l\u012bdzek\u013cu pl\u016bsmas nodro\u0161in\u0101\u0161anai<\/strong><\/p>\n<p>&nbsp;<\/p>\n<p>Valsts atbalsta programma, kam var\u0113s pieteikties, tikl\u012bdz Eiropas Komisija b\u016bs pie\u0146\u0113musi l\u0113mumu par atbalsta sader\u012bbu ar Eiropas Savien\u012bbas iek\u0161\u0113jo tirgu.<\/p>\n<ol>\n<li>Normat\u012bvais akts \u2013 <a href=\"https:\/\/likumi.lv\/ta\/id\/318758-noteikumi-par-atbalstu-covid-19-krizes-skartajiem-uznemumiem-apgrozamo-lidzeklu-plusmas-nodrosinasanai\" target=\"_blank\" rel=\"noopener\">Ministru kabineta 2020.\u00a0gada 10.\u00a0novembra noteikumi Nr.\u00a0676 \u201cNoteikumi par atbalstu Covid-19 kr\u012bzes skartajiem uz\u0146\u0113mumiem apgroz\u0101mo l\u012bdzek\u013cu pl\u016bsmas nodro\u0161in\u0101\u0161anai\u201d<\/a>.<\/li>\n<\/ol>\n<p>&nbsp;<\/p>\n<ol start=\"2\">\n<li>VID <a href=\"https:\/\/www.vid.gov.lv\/lv\/covid-19\" target=\"_blank\" rel=\"noopener\">t\u012bmek\u013cvietn\u0113<\/a> pieejam\u0101 inform\u0101cija \u2013 \u201cGrants apgroz\u0101mo l\u012bdzek\u013cu pl\u016bsmas nodro\u0161in\u0101\u0161anai\u201d.<\/li>\n<\/ol>\n<p>&nbsp;<\/p>\n<ol start=\"3\">\n<li>VID <a href=\"https:\/\/www.vid.gov.lv\/lv\/metodiskie-un-informativie-materiali\" target=\"_blank\" rel=\"noopener\">t\u012bmek\u013cvietn\u0113<\/a> pieejamie informat\u012bvie materi\u0101li:<\/li>\n<\/ol>\n<p>&#8211; \u201c<a href=\"https:\/\/www.vid.gov.lv\/sites\/default\/files\/mk_nr.676_vadlinijas_29.12.2020.pdf\" target=\"_blank\" rel=\"noopener\">Vadl\u012bnijas MK noteikumu Nr.676 piem\u0113ro\u0161anai<\/a>\u201d;<\/p>\n<p>&#8211; informat\u012bvais materi\u0101ls <a href=\"https:\/\/www.vid.gov.lv\/sites\/default\/files\/ieteikumi_iesnieguma_aizpildisanai_mu_un_pn_08012021.pdf\" target=\"_blank\" rel=\"noopener\">\u201cIeteikumi iesnieguma \u201cCOVID-19 kr\u012bzes skart\u0101 uz\u0146\u0113muma iesniegums atbalsta sa\u0146em\u0161anai apgroz\u0101mo l\u012bdzek\u013cu pl\u016bsmas nodro\u0161in\u0101\u0161anai\u201d aizpild\u012b\u0161anai mikro\u00a0 uz\u0146\u0113mumiem un pa\u0161nodarbin\u0101taj\u0101m person\u0101m\u201d<\/a>.<\/p>\n<p>&nbsp;<\/p>\n<ol start=\"4\">\n<li>VID t\u012bmek\u013cvietn\u0113 pieejamie semin\u0101ru materi\u0101li:<\/li>\n<\/ol>\n<p>&#8211; \u201c<a href=\"https:\/\/www.vid.gov.lv\/lv\/grants-apgrozamo-lidzeklu-plusmai-seminars-uznemumiem-un-pasnodarbinatajiem\" target=\"_blank\" rel=\"noopener\">Grants apgroz\u0101mo l\u012bdzek\u013cu pl\u016bsmai|Semin\u0101rs uz\u0146\u0113mumiem un pa\u0161nodarbin\u0101tajiem<\/a>\u201d;<\/p>\n<p>&#8211; \u201cK\u0101 pareizi aizpild\u012bt pieteikumu grantiem apgroz\u0101mo l\u012bdzek\u013cu kompens\u0113\u0161anai. Saite uz youtube.com tie\u0161raidi:<\/p>\n<p><a href=\"https:\/\/www.youtube.com\/watch?v=Ir5-Gey_R28&amp;feature=emb_title\" target=\"_blank\" rel=\"noopener\">https:\/\/www.youtube.com\/watch?v=Ir5-Gey_R28&amp;feature=emb_title<\/a><\/p>\n<p><strong>\u00a0<\/strong><\/p>\n<p><strong>Atbalsts skaistumkop\u0161anas nozar\u0113<\/strong><\/p>\n<p>&nbsp;<\/p>\n<p>Pieejams pa\u0161nodarbin\u0101tajiem, patentmaks\u0101t\u0101jiem, darbiniekiem (gan skaistumkop\u0161anas speci\u0101listiem, gan vi\u0146u atbalsta un administr\u0101cijas person\u0101lam), kas 2020.\u00a0gada oktobr\u012b vai novembr\u012b, vai decembr\u012b bija nodarbin\u0101ti pie darba dev\u0113ja skaistumkop\u0161anas nozar\u0113.<\/p>\n<ol>\n<li>Normat\u012bvais akts \u2013 <a href=\"https:\/\/likumi.lv\/ta\/id\/319073-noteikumi-par-atbalstu-par-dikstavi-nodoklu-maksatajiem-to-darbibas-turpinasanai-covid-19-izraisitas-krizes-apstaklos\" target=\"_blank\" rel=\"noopener\">Ministru kabineta 2020.\u00a0gada 24.\u00a0novembra noteikumi Nr.\u00a0709 \u201cNoteikumi par atbalstu par d\u012bkst\u0101vi nodok\u013cu maks\u0101t\u0101jiem to darb\u012bbas turpin\u0101\u0161anai Covid-19 izrais\u012bt\u0101s kr\u012bzes apst\u0101k\u013cos\u201d<\/a>.<\/li>\n<\/ol>\n<p>&nbsp;<\/p>\n<ol start=\"2\">\n<li>VID <a href=\"https:\/\/www.vid.gov.lv\/lv\/covid-19\" target=\"_blank\" rel=\"noopener\">t\u012bmek\u013cvietn\u0113<\/a> pieejam\u0101 inform\u0101cija \u2013 \u201cAtbalsts skaistumkop\u0161anas nozar\u0113\u201d.<\/li>\n<\/ol>\n<p>&nbsp;<\/p>\n<ol start=\"3\">\n<li>VID <a href=\"https:\/\/www.vid.gov.lv\/lv\/metodiskie-un-informativie-materiali\" target=\"_blank\" rel=\"noopener\">t\u012bmek\u013cvietn\u0113<\/a> pieejamie informat\u012bvie materi\u0101li:<\/li>\n<\/ol>\n<p>\u201c<a href=\"https:\/\/www.vid.gov.lv\/lv\/metodiskie-un-informativie-materiali\" target=\"_blank\" rel=\"noopener\">Vadl\u012bnijas par atbalsta par d\u012bkst\u0101vi snieg\u0161anas k\u0101rt\u012bbu skaistumkop\u0161anas nozar\u0113 str\u0101d\u0101jo\u0161\u0101m person\u0101m<\/a>\u201d.<\/p>\n<p><strong>\u00a0<\/strong><\/p>\n<p><strong>Nodok\u013cu samaksas termi\u0146a pagarin\u0101\u0161ana<\/strong><\/p>\n<p>&nbsp;<\/p>\n<ol>\n<li>Normat\u012bvie akti:<\/li>\n<\/ol>\n<p>&#8211; <a href=\"https:\/\/likumi.lv\/ta\/id\/315287-covid-19-infekcijas-izplatibas-seku-parvaresanas-likums\" target=\"_blank\" rel=\"noopener\">Covid-19 infekcijas izplat\u012bbas seku p\u0101rvar\u0113\u0161anas likums<\/a>;<\/p>\n<p><a href=\"https:\/\/likumi.lv\/ta\/id\/318757-noteikumi-par-atbalsta-sniegsanu-nodoklu-maksatajiem-to-darbibas-turpinasanai-covid-19-krizes-apstaklos\" target=\"_blank\" rel=\"noopener\">&#8211; Ministru kabineta 2020.\u00a0gada 10.\u00a0novembra noteikumi Nr.\u00a0675 \u201cNoteikumi par atbalsta snieg\u0161anu nodok\u013cu maks\u0101t\u0101jiem to darb\u012bbas turpin\u0101\u0161anai Covid-19 kr\u012bzes apst\u0101k\u013cos<\/a>\u201d;<\/p>\n<p>&#8211; likuma \u201c<a href=\"https:\/\/likumi.lv\/ta\/id\/33946-par-nodokliem-un-nodevam\" target=\"_blank\" rel=\"noopener\">Par nodok\u013ciem un nodev\u0101m<\/a>\u201d 24.\u00a0panta pirm\u0101 da\u013ca un 26.\u00a0panta vienpadsmit\u0101 da\u013ca.<\/p>\n<p>&nbsp;<\/p>\n<ol start=\"2\">\n<li>VID <a href=\"https:\/\/www.vid.gov.lv\/lv\/covid-19\" target=\"_blank\" rel=\"noopener\">t\u012bmek\u013cvietn\u0113<\/a> pieejam\u0101 inform\u0101cija \u201cNodok\u013cu samaksas termi\u0146a pagarin\u0101\u0161ana\u201d un sada\u013ca \u201cNodok\u013ci\u201d \u2013 \u201cNoder\u012bgi\u201d \u2013 \u201cTermi\u0146pagarin\u0101jumi un nodok\u013cu par\u0101di\u201d \u2013 \u201cK\u0101rt\u0113jo un nokav\u0113to nodok\u013cu maks\u0101jumu sadal\u012b\u0161ana termi\u0146os\u201d.<\/li>\n<\/ol>\n<p>&nbsp;<\/p>\n<p>VID <a href=\"https:\/\/www.vid.gov.lv\/lv\/metodiskie-un-informativie-materiali\" target=\"_blank\" rel=\"noopener\">t\u012bmek\u013cvietn\u0113<\/a> pieejami ar\u012b \u0161\u0101di informat\u012bvie materi\u0101li:<\/p>\n<p>&#8211; informat\u012bvais materi\u0101ls\u00a0<strong><a href=\"https:\/\/www.vid.gov.lv\/sites\/default\/files\/ddz_aizpildisana_ja_senem_atbalstu_par_dikstavi_2021.pdf\" target=\"_blank\" rel=\"noopener\">\u201cDarba dev\u0113ja zi\u0146ojuma aizpild\u012b\u0161ana, ja sa\u0146em atbalstu par d\u012bkst\u0101vi vai atbalstu algu subs\u012bdijai, kas pie\u0161\u0137irts par laiku no 2020.gada 9.novembra\u201d<\/a>;<\/strong><\/p>\n<p>&#8211; metodiskais materi\u0101ls \u201c<strong><a href=\"https:\/\/www.vid.gov.lv\/sites\/default\/files\/metodiskais_materials_valsts_atbalsta_uzradisana_gramatvediba_saistiba_ar_covid_19.pdf\" target=\"_blank\" rel=\"noopener\">Valsts atbalsta uzr\u0101d\u012b\u0161ana gr\u0101matved\u012bb\u0101 saist\u012bb\u0101 ar Covid 19<\/a><\/strong>\u201d.<\/p>\n","protected":false},"excerpt":{"rendered":"<p>\u0160eit ir iesp\u0113ja iepaz\u012bties ar Valsts ie\u0146\u0113mumu dienesta apkopoto inform\u0101ciju par atbalsta veidiem, kas pieejami Covid-19 kr\u012bzes skartajiem nodok\u013cu maks\u0101t\u0101jiem. Aicin\u0101m Al\u016bksnes novada uz\u0146\u0113m\u0113jus iepaz\u012bties ar tiem un pieteikties valsts noteiktajiem atbalsta instrumentiem. &nbsp; Atbalsts par d\u012bkst\u0101vi &nbsp; Pieejams uz\u0146\u0113m\u0113jiem,&#8230;<br \/><a class=\"read-more-button\" href=\"https:\/\/aluksne.lv\/index.php\/2021\/02\/11\/atbalsta-iespejas-covid-19-krizes-skartajiem-uznemumiem-un-pasnodarbinatajiem\/\">Las\u012bt visu<\/a><\/p>\n","protected":false},"author":1,"featured_media":24158,"comment_status":"closed","ping_status":"open","sticky":false,"template":"","format":"standard","meta":{"_crdt_document":"","_monsterinsights_skip_tracking":false,"_monsterinsights_sitenote_active":false,"_monsterinsights_sitenote_note":"","_monsterinsights_sitenote_category":0,"footnotes":"","_links_to":"","_links_to_target":""},"categories":[9],"tags":[],"class_list":["post-24141","post","type-post","status-publish","format-standard","has-post-thumbnail","hentry","category-noderiga-informacija"],"_links":{"self":[{"href":"https:\/\/aluksne.lv\/index.php\/wp-json\/wp\/v2\/posts\/24141","targetHints":{"allow":["GET"]}}],"collection":[{"href":"https:\/\/aluksne.lv\/index.php\/wp-json\/wp\/v2\/posts"}],"about":[{"href":"https:\/\/aluksne.lv\/index.php\/wp-json\/wp\/v2\/types\/post"}],"author":[{"embeddable":true,"href":"https:\/\/aluksne.lv\/index.php\/wp-json\/wp\/v2\/users\/1"}],"replies":[{"embeddable":true,"href":"https:\/\/aluksne.lv\/index.php\/wp-json\/wp\/v2\/comments?post=24141"}],"version-history":[{"count":0,"href":"https:\/\/aluksne.lv\/index.php\/wp-json\/wp\/v2\/posts\/24141\/revisions"}],"wp:featuredmedia":[{"embeddable":true,"href":"https:\/\/aluksne.lv\/index.php\/wp-json\/wp\/v2\/media\/24158"}],"wp:attachment":[{"href":"https:\/\/aluksne.lv\/index.php\/wp-json\/wp\/v2\/media?parent=24141"}],"wp:term":[{"taxonomy":"category","embeddable":true,"href":"https:\/\/aluksne.lv\/index.php\/wp-json\/wp\/v2\/categories?post=24141"},{"taxonomy":"post_tag","embeddable":true,"href":"https:\/\/aluksne.lv\/index.php\/wp-json\/wp\/v2\/tags?post=24141"}],"curies":[{"name":"wp","href":"https:\/\/api.w.org\/{rel}","templated":true}]}}