{"id":33641,"date":"2022-06-29T15:23:21","date_gmt":"2022-06-29T12:23:21","guid":{"rendered":"https:\/\/aluksne.lv\/?p=33641"},"modified":"2022-06-29T15:23:21","modified_gmt":"2022-06-29T12:23:21","slug":"zeltinu-pagasta-turpinas-skriesanas-serials","status":"publish","type":"post","link":"https:\/\/aluksne.lv\/index.php\/2022\/06\/29\/zeltinu-pagasta-turpinas-skriesanas-serials\/","title":{"rendered":"Zelti\u0146u pagast\u0101 turpin\u0101s skrie\u0161anas seri\u0101ls"},"content":{"rendered":"<p><strong><a href=\"https:\/\/aluksne.lv\/wp-content\/uploads\/2022\/06\/Mizo-Alpi-049.png\"><img loading=\"lazy\" decoding=\"async\" class=\" wp-image-33642 alignright\" src=\"https:\/\/aluksne.lv\/wp-content\/uploads\/2022\/06\/Mizo-Alpi-049-1024x683.png\" alt=\"Zelti\u0146u pagast\u0101 turpin\u0101s skrie\u0161anas seri\u0101ls\" width=\"509\" height=\"340\" data-id=\"33642\" srcset=\"https:\/\/aluksne.lv\/wp-content\/uploads\/2022\/06\/Mizo-Alpi-049-1024x683.png 1024w, https:\/\/aluksne.lv\/wp-content\/uploads\/2022\/06\/Mizo-Alpi-049-300x200.png 300w, https:\/\/aluksne.lv\/wp-content\/uploads\/2022\/06\/Mizo-Alpi-049-768x512.png 768w, https:\/\/aluksne.lv\/wp-content\/uploads\/2022\/06\/Mizo-Alpi-049-320x213.png 320w, https:\/\/aluksne.lv\/wp-content\/uploads\/2022\/06\/Mizo-Alpi-049-272x182.png 272w, https:\/\/aluksne.lv\/wp-content\/uploads\/2022\/06\/Mizo-Alpi-049.png 1152w\" sizes=\"auto, (max-width: 509px) 100vw, 509px\" \/><\/a>Zelti\u0146u pagasta atkl\u0101t\u0101 krosa skrie\u0161anas seri\u0101la pas\u0101kums ikvienam \u201cMizojam, ka prieks\u201d \u0161ogad turpin\u0101j\u0101s ar \u201cAlpu p\u013cav\u0101m\u201d.<\/strong><\/p>\n<p>2. posma skr\u0113jien\u0101 \u201cAlpu p\u013cavas\u201d, kas notika 2022. gada 22. j\u016bnij\u0101, piedal\u012bj\u0101s 69 dal\u012bbnieki. Skr\u0113jiena trasi veidoja Cauku \u0123imene un t\u0101 vij\u0101s pa Cauku \u0123imenes nekustamo \u012bpa\u0161umu \u201cAlpi\u201d un Kaupu\u017eu \u0123imenes \u012bpa\u0161umu \u201cNoras\u201d.<\/p>\n<p>\u00a0\u00a0Skrie\u0161anas pas\u0101kums notiek 6 vecuma grup\u0101s.<\/p>\n<p>\u00a0\u201cMizojam, ka prieks\u201d 2. posma rezult\u0101ti: SB1 grup\u0101 1. viet\u0101 Anna Jaunzema, 2. viet\u0101 Rebeka Berkolde, 3. viet\u0101 Enija \u0160pacs; VB1 grup\u0101 1. viet\u0101 Tomass Dambis, 2. viet\u0101 Lauris J\u0101nis Galvi\u0146\u0161, 3. viet\u0101 Mi\u0137elis M\u016brnieks; SB2 grup\u0101 1. viet\u0101 Mi\u0161ela T\u012bna Berkolde, 2. viet\u0101 Elza Laiva, 3. viet\u0101 Linda Ludviga; VB2 grup\u0101 1. viet\u0101 Ernests Dambis, 2. viet\u0101 Anrijs \u0100be\u013ckalns, 3. viet\u0101 Mi\u0137elis Salmi\u0146\u0161; S12 grup\u0101 1. viet\u0101 Ance Po\u013caka, 2. viet\u0101 Anna Nikola Berkolde, 3. viet\u0101 Merisa Akmenti\u0146a; V12 grup\u0101 1. viet\u0101 Ardis \u0100be\u013ckalns, 2. viet\u0101 Mat\u012bss Salmi\u0146\u0161, 3. viet\u0101 Edgars Magazi\u0146\u0161; S16 grup\u0101 1. viet\u0101 Gerda Asn\u0101te Berkolde, 2. viet\u0101 Sindija \u017d\u012bgure, 3. viet\u0101 Alise Kazaine; V16 grup\u0101 1. viet\u0101 Agris Upmanis, 2. viet\u0101 Ren\u0101rs \u017d\u012bgurs, 3. viet\u0101 Juris Fagucists; S25 grup\u0101 1. viet\u0101 Li\u0101na Pel\u0161e Drik\u0101ne, 2. viet\u0101 A\u013cona Jakobsone, 3. viet\u0101 Ruta Dzelme; V25 grup\u0101 1. viet\u0101 Bruno Za\u0137is, 2. viet\u0101 Mairis P\u0113tersons, 3. viet\u0101 Ivo Cauka; S40+ grup\u0101 1. viet\u0101 L\u012bga Berkolde, 2. viet\u0101 Alla Jaunzema, 3. viet\u0101 Ilze Ludviga; V40+ grup\u0101 1. viet\u0101 Ivars Po\u013caks, 2. viet\u0101 Aivars Berkolds, 3. viet\u0101 K\u0101rlis Jakobsons.<\/p>\n<p>\u00a0Katrs sava skr\u0113jiena 1.-3. vietas ieguv\u0113js tika apbalvots ar meda\u013cu, diplomu un biedr\u012bbas sar\u016bp\u0113tu balvu. \u0160aj\u0101 skr\u0113jien\u0101 balva bija atbilsto\u0161a L\u012bgo vakara tematikai \u2013 maiss ar tr\u012bs veidu des\u0101m no J\u0101\u0146a Saukas meistardarbn\u012bcas no \u0100da\u017eiem.<\/p>\n<p>\u00a0N\u0101kamie skr\u0113jiena posmi:<\/p>\n<p><strong>3. posms \u201cZ\u016bdam Ievi\u0146\u0101s\u201d \u2013 2022. gada 23. j\u016blij\u0101<\/strong> O\u013cega Ivanova nekustamaj\u0101 \u012bpa\u0161um\u0101 \u201cIevi\u0146as\u201d. Re\u0123istr\u0113\u0161an\u0101s no plkst. 10.00 l\u012bdz 10.45, no plkst. 10.45 l\u012bdz 11.00 sacens\u012bbu atkl\u0101\u0161ana un starta vingro\u0161ana dal\u012bbniekiem un l\u012bdzjut\u0113jiem, starts plkst. 11.00.<\/p>\n<p><strong>4. posms \u201cKrogsalas ap\u013ci\u201d \u2013 2022. gada 27. august\u0101 <\/strong>Zelti\u0146u pagasta sporta un atp\u016btas park\u0101. Re\u0123istr\u0113\u0161an\u0101s no plkst. 10.00 l\u012bdz 10.45, no plkst. 10.45 l\u012bdz 11.00 sacens\u012bbu atkl\u0101\u0161ana un starta vingro\u0161ana dal\u012bbniekiem un l\u012bdzjut\u0113jiem, starts plkst. 11.00.<\/p>\n<p><a href=\"https:\/\/aluksne.lv\/wp-content\/uploads\/2022\/06\/Mizo-Alpi-077.png\"><img loading=\"lazy\" decoding=\"async\" class=\"alignnone size-medium wp-image-33643\" src=\"https:\/\/aluksne.lv\/wp-content\/uploads\/2022\/06\/Mizo-Alpi-077-300x200.png\" alt=\"Zelti\u0146u pagast\u0101 turpin\u0101s skrie\u0161anas seri\u0101ls\" width=\"300\" height=\"200\" data-id=\"33643\" srcset=\"https:\/\/aluksne.lv\/wp-content\/uploads\/2022\/06\/Mizo-Alpi-077-300x200.png 300w, https:\/\/aluksne.lv\/wp-content\/uploads\/2022\/06\/Mizo-Alpi-077-1024x683.png 1024w, https:\/\/aluksne.lv\/wp-content\/uploads\/2022\/06\/Mizo-Alpi-077-768x512.png 768w, https:\/\/aluksne.lv\/wp-content\/uploads\/2022\/06\/Mizo-Alpi-077-320x213.png 320w, https:\/\/aluksne.lv\/wp-content\/uploads\/2022\/06\/Mizo-Alpi-077-272x182.png 272w, https:\/\/aluksne.lv\/wp-content\/uploads\/2022\/06\/Mizo-Alpi-077.png 1152w\" sizes=\"auto, (max-width: 300px) 100vw, 300px\" \/><\/a> <a href=\"https:\/\/aluksne.lv\/wp-content\/uploads\/2022\/06\/Mizo-Alpi-114.png\"><img loading=\"lazy\" decoding=\"async\" class=\"alignnone size-medium wp-image-33644\" src=\"https:\/\/aluksne.lv\/wp-content\/uploads\/2022\/06\/Mizo-Alpi-114-300x200.png\" alt=\"Zelti\u0146u pagast\u0101 turpin\u0101s skrie\u0161anas seri\u0101ls\" width=\"300\" height=\"200\" data-id=\"33644\" srcset=\"https:\/\/aluksne.lv\/wp-content\/uploads\/2022\/06\/Mizo-Alpi-114-300x200.png 300w, https:\/\/aluksne.lv\/wp-content\/uploads\/2022\/06\/Mizo-Alpi-114-1024x683.png 1024w, https:\/\/aluksne.lv\/wp-content\/uploads\/2022\/06\/Mizo-Alpi-114-768x512.png 768w, https:\/\/aluksne.lv\/wp-content\/uploads\/2022\/06\/Mizo-Alpi-114-320x213.png 320w, https:\/\/aluksne.lv\/wp-content\/uploads\/2022\/06\/Mizo-Alpi-114-272x182.png 272w, https:\/\/aluksne.lv\/wp-content\/uploads\/2022\/06\/Mizo-Alpi-114.png 1152w\" sizes=\"auto, (max-width: 300px) 100vw, 300px\" \/><\/a> <a href=\"https:\/\/aluksne.lv\/wp-content\/uploads\/2022\/06\/Mizo-Alpi-144.png\"><img loading=\"lazy\" decoding=\"async\" class=\"alignnone size-medium wp-image-33645\" src=\"https:\/\/aluksne.lv\/wp-content\/uploads\/2022\/06\/Mizo-Alpi-144-300x200.png\" alt=\"Zelti\u0146u pagast\u0101 turpin\u0101s skrie\u0161anas seri\u0101ls\" width=\"300\" height=\"200\" data-id=\"33645\" srcset=\"https:\/\/aluksne.lv\/wp-content\/uploads\/2022\/06\/Mizo-Alpi-144-300x200.png 300w, https:\/\/aluksne.lv\/wp-content\/uploads\/2022\/06\/Mizo-Alpi-144-1024x683.png 1024w, https:\/\/aluksne.lv\/wp-content\/uploads\/2022\/06\/Mizo-Alpi-144-768x512.png 768w, https:\/\/aluksne.lv\/wp-content\/uploads\/2022\/06\/Mizo-Alpi-144-320x213.png 320w, https:\/\/aluksne.lv\/wp-content\/uploads\/2022\/06\/Mizo-Alpi-144-272x182.png 272w, https:\/\/aluksne.lv\/wp-content\/uploads\/2022\/06\/Mizo-Alpi-144.png 1152w\" sizes=\"auto, (max-width: 300px) 100vw, 300px\" \/><\/a><\/p>\n<p>\u00a0Pas\u0101kumu atbalsta Eiropas Soci\u0101l\u0101 fonda projekts \u201cDz\u012bvo vesels Al\u016bksnes novad\u0101!\u201d.<\/p>\n<p style=\"text-align: right;\"><em>Elita Laiva,<\/em><br \/>\n<em>Zelti\u0146u pagasta p\u0101rvaldes vad\u012bt\u0101ja<\/em><\/p>\n","protected":false},"excerpt":{"rendered":"<p>Zelti\u0146u pagasta atkl\u0101t\u0101 krosa skrie\u0161anas seri\u0101la pas\u0101kums ikvienam \u201cMizojam, ka prieks\u201d \u0161ogad turpin\u0101j\u0101s ar \u201cAlpu p\u013cav\u0101m\u201d. 2. posma skr\u0113jien\u0101 \u201cAlpu p\u013cavas\u201d, kas notika 2022. gada 22. j\u016bnij\u0101, piedal\u012bj\u0101s 69 dal\u012bbnieki. Skr\u0113jiena trasi veidoja Cauku \u0123imene un t\u0101 vij\u0101s pa Cauku&#8230;<br \/><a class=\"read-more-button\" href=\"https:\/\/aluksne.lv\/index.php\/2022\/06\/29\/zeltinu-pagasta-turpinas-skriesanas-serials\/\">Las\u012bt visu<\/a><\/p>\n","protected":false},"author":1,"featured_media":33644,"comment_status":"closed","ping_status":"open","sticky":false,"template":"","format":"standard","meta":{"_crdt_document":"","_monsterinsights_skip_tracking":false,"_monsterinsights_sitenote_active":false,"_monsterinsights_sitenote_note":"","_monsterinsights_sitenote_category":0,"footnotes":"","_links_to":"","_links_to_target":""},"categories":[9],"tags":[],"class_list":["post-33641","post","type-post","status-publish","format-standard","has-post-thumbnail","hentry","category-noderiga-informacija"],"_links":{"self":[{"href":"https:\/\/aluksne.lv\/index.php\/wp-json\/wp\/v2\/posts\/33641","targetHints":{"allow":["GET"]}}],"collection":[{"href":"https:\/\/aluksne.lv\/index.php\/wp-json\/wp\/v2\/posts"}],"about":[{"href":"https:\/\/aluksne.lv\/index.php\/wp-json\/wp\/v2\/types\/post"}],"author":[{"embeddable":true,"href":"https:\/\/aluksne.lv\/index.php\/wp-json\/wp\/v2\/users\/1"}],"replies":[{"embeddable":true,"href":"https:\/\/aluksne.lv\/index.php\/wp-json\/wp\/v2\/comments?post=33641"}],"version-history":[{"count":0,"href":"https:\/\/aluksne.lv\/index.php\/wp-json\/wp\/v2\/posts\/33641\/revisions"}],"wp:featuredmedia":[{"embeddable":true,"href":"https:\/\/aluksne.lv\/index.php\/wp-json\/wp\/v2\/media\/33644"}],"wp:attachment":[{"href":"https:\/\/aluksne.lv\/index.php\/wp-json\/wp\/v2\/media?parent=33641"}],"wp:term":[{"taxonomy":"category","embeddable":true,"href":"https:\/\/aluksne.lv\/index.php\/wp-json\/wp\/v2\/categories?post=33641"},{"taxonomy":"post_tag","embeddable":true,"href":"https:\/\/aluksne.lv\/index.php\/wp-json\/wp\/v2\/tags?post=33641"}],"curies":[{"name":"wp","href":"https:\/\/api.w.org\/{rel}","templated":true}]}}