{"id":35034,"date":"2022-08-29T10:49:44","date_gmt":"2022-08-29T07:49:44","guid":{"rendered":"https:\/\/aluksne.lv\/?p=35034"},"modified":"2022-08-29T10:49:44","modified_gmt":"2022-08-29T07:49:44","slug":"velosporta-diena-ilzene","status":"publish","type":"post","link":"https:\/\/aluksne.lv\/index.php\/2022\/08\/29\/velosporta-diena-ilzene\/","title":{"rendered":"Velosporta diena Ilzen\u0113"},"content":{"rendered":"<p><a href=\"https:\/\/aluksne.lv\/wp-content\/uploads\/2022\/08\/WhatsApp-Image-2022-08-29-at-10.25.29.jpeg\"><img loading=\"lazy\" decoding=\"async\" class=\" wp-image-35036 alignright\" src=\"https:\/\/aluksne.lv\/wp-content\/uploads\/2022\/08\/WhatsApp-Image-2022-08-29-at-10.25.29-1024x768.jpeg\" alt=\"Velosporta diena Ilzen\u0113\" width=\"597\" height=\"448\" data-id=\"35036\" srcset=\"https:\/\/aluksne.lv\/wp-content\/uploads\/2022\/08\/WhatsApp-Image-2022-08-29-at-10.25.29-1024x768.jpeg 1024w, https:\/\/aluksne.lv\/wp-content\/uploads\/2022\/08\/WhatsApp-Image-2022-08-29-at-10.25.29-300x225.jpeg 300w, https:\/\/aluksne.lv\/wp-content\/uploads\/2022\/08\/WhatsApp-Image-2022-08-29-at-10.25.29-768x576.jpeg 768w, https:\/\/aluksne.lv\/wp-content\/uploads\/2022\/08\/WhatsApp-Image-2022-08-29-at-10.25.29-1536x1152.jpeg 1536w, https:\/\/aluksne.lv\/wp-content\/uploads\/2022\/08\/WhatsApp-Image-2022-08-29-at-10.25.29-1170x878.jpeg 1170w, https:\/\/aluksne.lv\/wp-content\/uploads\/2022\/08\/WhatsApp-Image-2022-08-29-at-10.25.29-800x600.jpeg 800w, https:\/\/aluksne.lv\/wp-content\/uploads\/2022\/08\/WhatsApp-Image-2022-08-29-at-10.25.29.jpeg 1600w\" sizes=\"auto, (max-width: 597px) 100vw, 597px\" \/><\/a>Sv\u0113tdien, 28.august\u0101 pie Ilzenes SKIM \u201cDAILES\u201d\u00a0 notika sacens\u012bbas \u201cVelosporta diena Ilzen\u0113\u201d. Sacens\u012bb\u0101s piedal\u012bj\u0101s 24 sportisti. Sportistiem bija j\u0101veic 8 atsevi\u0161\u0137i sacens\u012bbu posmi \u2013 L\u012bklocis, l\u0113nbrauk\u0161ana, satiksmes noteikumi, atspole, orient\u0113\u0161an\u0101s, tornis, brauk\u0161ana pa apli un \u0161\u0137\u0113r\u0161\u013cu josla. Kopv\u0113rt\u0113jum\u0101 uzvar\u0113ja komanda \u201cIlzene rull\u0113\u201d Santa un Viesturs Kazai\u0146i, otraj\u0101 viet\u0101 komanda \u201cCukurvate\u201d Sindija \u017d\u012bgure un Alise Kazaine un tre\u0161aj\u0101 viet\u0101 komanda \u201cIlzenes pamatskola\u201d Reveka \u017deigure un M\u0101rcis Sali\u0146\u0161.<\/p>\n<div id=\"attachment_35035\" style=\"width: 521px\" class=\"wp-caption alignnone\"><a href=\"https:\/\/aluksne.lv\/wp-content\/uploads\/2022\/08\/WhatsApp-Image-2022-08-29-at-10.21.28.jpeg\"><img loading=\"lazy\" decoding=\"async\" aria-describedby=\"caption-attachment-35035\" class=\" wp-image-35035\" src=\"https:\/\/aluksne.lv\/wp-content\/uploads\/2022\/08\/WhatsApp-Image-2022-08-29-at-10.21.28-768x1024.jpeg\" alt=\"Kopv\u0113rt\u0113juma uzvar\u0113t\u0101ju komandas.\" width=\"511\" height=\"681\" data-id=\"35035\" srcset=\"https:\/\/aluksne.lv\/wp-content\/uploads\/2022\/08\/WhatsApp-Image-2022-08-29-at-10.21.28-768x1024.jpeg 768w, https:\/\/aluksne.lv\/wp-content\/uploads\/2022\/08\/WhatsApp-Image-2022-08-29-at-10.21.28-225x300.jpeg 225w, https:\/\/aluksne.lv\/wp-content\/uploads\/2022\/08\/WhatsApp-Image-2022-08-29-at-10.21.28-1152x1536.jpeg 1152w, https:\/\/aluksne.lv\/wp-content\/uploads\/2022\/08\/WhatsApp-Image-2022-08-29-at-10.21.28-1170x1560.jpeg 1170w, https:\/\/aluksne.lv\/wp-content\/uploads\/2022\/08\/WhatsApp-Image-2022-08-29-at-10.21.28.jpeg 1200w\" sizes=\"auto, (max-width: 511px) 100vw, 511px\" \/><\/a><p id=\"caption-attachment-35035\" class=\"wp-caption-text\">Kopv\u0113rt\u0113juma uzvar\u0113t\u0101ju komandas.<\/p><\/div>\n","protected":false},"excerpt":{"rendered":"<p>Sv\u0113tdien, 28.august\u0101 pie Ilzenes SKIM \u201cDAILES\u201d\u00a0 notika sacens\u012bbas \u201cVelosporta diena Ilzen\u0113\u201d. Sacens\u012bb\u0101s piedal\u012bj\u0101s 24 sportisti. Sportistiem bija j\u0101veic 8 atsevi\u0161\u0137i sacens\u012bbu posmi \u2013 L\u012bklocis, l\u0113nbrauk\u0161ana, satiksmes noteikumi, atspole, orient\u0113\u0161an\u0101s, tornis, brauk\u0161ana pa apli un \u0161\u0137\u0113r\u0161\u013cu josla. Kopv\u0113rt\u0113jum\u0101 uzvar\u0113ja komanda \u201cIlzene&#8230;<br \/><a class=\"read-more-button\" href=\"https:\/\/aluksne.lv\/index.php\/2022\/08\/29\/velosporta-diena-ilzene\/\">Las\u012bt visu<\/a><\/p>\n","protected":false},"author":1,"featured_media":35036,"comment_status":"closed","ping_status":"open","sticky":false,"template":"","format":"standard","meta":{"_crdt_document":"","_monsterinsights_skip_tracking":false,"_monsterinsights_sitenote_active":false,"_monsterinsights_sitenote_note":"","_monsterinsights_sitenote_category":0,"footnotes":"","_links_to":"","_links_to_target":""},"categories":[9],"tags":[],"class_list":["post-35034","post","type-post","status-publish","format-standard","has-post-thumbnail","hentry","category-noderiga-informacija"],"_links":{"self":[{"href":"https:\/\/aluksne.lv\/index.php\/wp-json\/wp\/v2\/posts\/35034","targetHints":{"allow":["GET"]}}],"collection":[{"href":"https:\/\/aluksne.lv\/index.php\/wp-json\/wp\/v2\/posts"}],"about":[{"href":"https:\/\/aluksne.lv\/index.php\/wp-json\/wp\/v2\/types\/post"}],"author":[{"embeddable":true,"href":"https:\/\/aluksne.lv\/index.php\/wp-json\/wp\/v2\/users\/1"}],"replies":[{"embeddable":true,"href":"https:\/\/aluksne.lv\/index.php\/wp-json\/wp\/v2\/comments?post=35034"}],"version-history":[{"count":0,"href":"https:\/\/aluksne.lv\/index.php\/wp-json\/wp\/v2\/posts\/35034\/revisions"}],"wp:featuredmedia":[{"embeddable":true,"href":"https:\/\/aluksne.lv\/index.php\/wp-json\/wp\/v2\/media\/35036"}],"wp:attachment":[{"href":"https:\/\/aluksne.lv\/index.php\/wp-json\/wp\/v2\/media?parent=35034"}],"wp:term":[{"taxonomy":"category","embeddable":true,"href":"https:\/\/aluksne.lv\/index.php\/wp-json\/wp\/v2\/categories?post=35034"},{"taxonomy":"post_tag","embeddable":true,"href":"https:\/\/aluksne.lv\/index.php\/wp-json\/wp\/v2\/tags?post=35034"}],"curies":[{"name":"wp","href":"https:\/\/api.w.org\/{rel}","templated":true}]}}