{"id":36204,"date":"2022-10-27T14:25:20","date_gmt":"2022-10-27T11:25:20","guid":{"rendered":"https:\/\/aluksne.lv\/?p=36204"},"modified":"2022-10-27T14:25:20","modified_gmt":"2022-10-27T11:25:20","slug":"no-1-janvara-pagastus-aluksnes-novada-parvaldis-viena-iestade","status":"publish","type":"post","link":"https:\/\/aluksne.lv\/index.php\/2022\/10\/27\/no-1-janvara-pagastus-aluksnes-novada-parvaldis-viena-iestade\/","title":{"rendered":"No 1. janv\u0101ra pagastus Al\u016bksnes novad\u0101 p\u0101rvald\u012bs viena iest\u0101de"},"content":{"rendered":"<p><strong><a href=\"https:\/\/aluksne.lv\/wp-content\/uploads\/2022\/10\/IMG_5484.jpg\"><img loading=\"lazy\" decoding=\"async\" class=\" wp-image-36205 alignright\" src=\"https:\/\/aluksne.lv\/wp-content\/uploads\/2022\/10\/IMG_5484-1024x647.jpg\" alt=\"No 1. janv\u0101ra pagastus Al\u016bksnes novad\u0101 p\u0101rvald\u012bs viena iest\u0101de\" width=\"622\" height=\"393\" data-id=\"36205\" \/><\/a>Al\u016bksnes novada pa\u0161vald\u012bbas domes 27. oktobra s\u0113d\u0113 pie\u0146\u0113ma l\u0113mumu par jaunas pa\u0161vald\u012bbas iest\u0101des &#8211; Al\u016bksnes novada pagastu apvien\u012bbas p\u0101rvalde &#8211; izveidi, kas s\u0101ks darbu ar n\u0101kam\u0101 gada 1. janv\u0101ri un veiks visu pagastu p\u0101rvald\u012b\u0161anu.<\/strong><\/p>\n<p>&nbsp;<\/p>\n<p>\u0160obr\u012bd Al\u016bksnes novad\u0101 ir 13 pagastu p\u0101rvaldes un 1 pagastu apvien\u012bbas p\u0101rvalde, kas p\u0101rvalda divus pagastus. P\u0113c 1. janv\u0101ra atsevi\u0161\u0137\u0101s pagastu p\u0101rvaldes vairs nepast\u0101v\u0113s un visu novada pagastu p\u0101rvald\u012bbu nodro\u0161in\u0101s viena iest\u0101de. Domes s\u0113d\u0113 apstiprin\u0101ja jaun\u0101s iest\u0101des amatu sarakstu &#8211; iest\u0101dei b\u016bs vad\u012bt\u0101js, vad\u012bt\u0101ja vietnieks, lietvedis, person\u0101la speci\u0101lists, \u012bpa\u0161uma speci\u0101lists, jurists &#8211; iepirkuma speci\u0101lists, ce\u013cu p\u0101rraudz\u012bbas un uztur\u0113\u0161anas darbu organizators, k\u0101 ar\u012b pagastu teritorij\u0101s \u0113ku un apsaimniekojam\u0101s teritorijas p\u0101rzi\u0146i un saimnieciskie darbinieki, piem\u0113ram, apkop\u0113ji, autobusu vad\u012bt\u0101ji skol\u0113nu p\u0101rvad\u0101jumiem, pal\u012bgstr\u0101dnieki u.c.<\/p>\n<p>&nbsp;<\/p>\n<p>Domes s\u0113d\u0113 ar\u012b tika amat\u0101 iecelti jaunie apvien\u012bbas p\u0101rvaldes vad\u012bt\u0101ji. \u0160os amatus ie\u0146ems divas no eso\u0161ajiem pagastu p\u0101rval\u017eu vad\u012bt\u0101jiem. Saska\u0146\u0101 ar noteiktiem krit\u0113rijiem, pa\u0161vald\u012bbas izpilddirektors Ingus Berkulis izv\u0113rt\u0113ja visus pa\u0161reiz eso\u0161o pagastu p\u0101rval\u017eu vad\u012bt\u0101jus un domei balso\u0161anai virz\u012bja divus augst\u0101ko nov\u0113rt\u0113jumu guvu\u0161os pretendentus. Jaun\u0101s iest\u0101des vad\u012bt\u0101ja amat\u0101 p\u0101rcel\u0161anas k\u0101rt\u012bb\u0101, 11 deput\u0101tiem balsojot par, domes s\u0113d\u0113 tika iecelta l\u012bdz\u0161in\u0113j\u0101 Alsvi\u0137u pagasta p\u0101rvaldes vad\u012bt\u0101ja Ingr\u012bda Sniedze. Savuk\u0101rt vad\u012bt\u0101ja vietnieka amat\u0101 iec\u0113la l\u012bdz\u0161in\u0113jo Malienas pagasta p\u0101rvaldes vad\u012bt\u0101ju Svetlanu Prenku-Mihailovu, ar\u012b par vi\u0146u balsoja 11 deput\u0101ti no kl\u0101teso\u0161ajiem 15 deput\u0101tiem. Saska\u0146\u0101 ar likumu \u201cPar pa\u0161vald\u012bb\u0101m\u201d balso\u0161ana par jaun\u0101s iest\u0101des vad\u012bt\u0101ju un vietnieku notika ar v\u0113l\u0113\u0161anu z\u012bm\u0113m.<\/p>\n<p>&nbsp;<\/p>\n<p><strong>Bibliot\u0113kas \u2013 klientu apkalpo\u0161anas centri<\/strong><\/p>\n<p>&nbsp;<\/p>\n<p>Bibliot\u0113kas pagastos no 1. janv\u0101ra veiks klientu apkalpo\u0161anas centra funkcijas, kur iedz\u012bvot\u0101ji var\u0113s iesniegt iesniegumus, sa\u0146emt inform\u0101ciju, v\u0113rsties p\u0113c padoma pa\u0161vald\u012bbas jaut\u0101jumos un sa\u0146emt ar\u012b pal\u012bdz\u012bbu valsts iest\u0101\u017eu pakalpojumu piepras\u012b\u0161an\u0101. \u0160\u0101du virz\u012bbu \u2013 bibliot\u0113kas k\u0101 klientu apkalpo\u0161anas centri iesaka ar\u012b Vides aizsardz\u012bbas un re\u0123ion\u0101l\u0101s att\u012bst\u012bbas ministrija. \u0160\u012b gada mart\u0101 ar Vides aizsardz\u012bbas un re\u0123ion\u0101l\u0101s att\u012bst\u012bbas ministrijas (VARAM) atbalstu Pededzes bibliot\u0113k\u0101 tika atv\u0113rts Valsts un pa\u0161vald\u012bbas vienotais klientu apkalpo\u0161anas centrs un tas str\u0101d\u0101 veiksm\u012bgi. Pa\u0161vald\u012bba jau ir iesniegusi VARAM projektus par Valsts un pa\u0161vald\u012bbas vienoto klientu apkalpo\u0161anas centru (VPVKAC) izveidi ar\u012b cit\u0101s novada bibliot\u0113k\u0101s. \u012astenojot VARAM atbalst\u012btos projektus, ar\u012b citos pagastos Al\u016bksnes novad\u0101 bibliot\u0113k\u0101s tiks izveidoti VPVKAC. V\u0113l gaidot VARAM l\u0113mumu par atbalstu projektu pieteikumiem, no 1. janv\u0101ra bibliot\u0113kas pagastos s\u0101ks str\u0101d\u0101t k\u0101 pa\u0161vald\u012bbas klientu apkalpo\u0161anas punkti.<\/p>\n<p>&nbsp;<\/p>\n<p>27. oktobra pa\u0161vald\u012bbas domes s\u0113d\u0113 deput\u0101ti pie\u0146\u0113ma ar\u012b l\u0113mumu par atl\u012bdz\u012bbas palielin\u0101\u0161anu Al\u016bksnes novada bibliot\u0113kas strukt\u016brvien\u012bb\u0101s pagastos \u2013 no 1. janv\u0101ra visiem Al\u016bksnes novada bibliot\u0113kas strukt\u016brvien\u012bbu vad\u012bt\u0101jiem pagastos b\u016bs pilna darba slodze un atl\u012bdz\u012bba par pilnu slodzi tiks palielin\u0101ta no 705 eiro uz 850 eiro.<\/p>\n<p>&nbsp;<\/p>\n<p><strong>Pagastos turpin\u0101s nodro\u0161in\u0101t pa\u0161vald\u012bbas pakalpojumus<\/strong><\/p>\n<p>&nbsp;<\/p>\n<p>Ar\u012b p\u0113c pagastu p\u0101rvald\u012bbas mode\u013ca mai\u0146as iedz\u012bvot\u0101ji t\u0101pat sa\u0146ems pa\u0161vald\u012bbas nodro\u0161in\u0101tos pakalpojumus \u2013 izgl\u012bt\u012bb\u0101, kult\u016br\u0101, sport\u0101, b\u016bvniec\u012bb\u0101, sabiedrisk\u0101s k\u0101rt\u012bbas nodro\u0161in\u0101\u0161an\u0101, civilst\u0101vok\u013ca aktu re\u0123istr\u0101cij\u0101, komun\u0101los pakalpojumus u.c. Jau \u0161obr\u012bd pagastu p\u0101rvaldes nesniedz pakalpojumus, to dara attiec\u012bg\u0101s pa\u0161vald\u012bbas iest\u0101des. Pagastu p\u0101rval\u017eu pak\u013caut\u012bb\u0101 vairs nav ar\u012b kult\u016bras nozare \u2013 t\u0101 kop\u0161 \u0161\u012b gada j\u016blija str\u0101d\u0101 vienoti k\u0101 Al\u016bksnes novada Kult\u016bras centrs ar kult\u016bras darba speci\u0101listiem teritorij\u0101s. Saska\u0146\u0101 ar 27. oktobra domes s\u0113des l\u0113mumu ar\u012b feld\u0161erpunkti k\u0101 strukt\u016brvien\u012bbas no pagastu p\u0101rval\u017eu pak\u013caut\u012bbas p\u0101riet Al\u016bksnes novada Soci\u0101lo lietu p\u0101rvaldes pak\u013caut\u012bb\u0101, vienlaikus turpinot pakalpojuma nodro\u0161in\u0101\u0161anu attiec\u012bgajos pagastos. Pagastu p\u0101rvaldes nodro\u0161ina ce\u013cu uztur\u0113\u0161anu, pa\u0161vald\u012bbas \u012bpa\u0161umu apsaimnieko\u0161anu un p\u0101rvald\u012bbu, skol\u0113nu p\u0101rvad\u0101jumu organiz\u0113\u0161anu.<\/p>\n<p>&nbsp;<\/p>\n<p><strong>Iedz\u012bvot\u0101ju skaita samazin\u0101\u0161an\u0101s prasa r\u012bc\u012bbu<\/strong><\/p>\n<p>&nbsp;<\/p>\n<p>&#8211; Valst\u012b iedz\u012bvot\u0101ju skaita izmai\u0146u d\u0113\u013c notiek da\u017e\u0101das struktur\u0101las p\u0101rmai\u0146as, ir notiku\u0161as p\u0101rmai\u0146as me\u017eu dienest\u0101, main\u012bju\u0161ies banku un valsts iest\u0101\u017eu darb\u012bbas mode\u013ci. Ar\u012b Al\u016bksnes novad\u0101 esam veiku\u0161i struktur\u0101las izmai\u0146as, piem\u0113ram, kult\u016bras, muzeju, bibliot\u0113ku nozar\u0113. Ir saprotams, ka ievie\u0161ot jaunu sist\u0113mu, past\u0101v ba\u017eas. \u0160obr\u012bd daudzus jaut\u0101jumus ir iesp\u0113jams atrisin\u0101t att\u0101lin\u0101ti, ja ne elektronisk\u0101 vid\u0113, tad telefoniski. Kop\u0161 2009. gada esam eksperiment\u0113ju\u0161i ar pagastu p\u0101rvald\u012bbas mode\u013ciem. Uzskatu, ka nebija pareizi spert soli atpaka\u013c, kad izveidoj\u0101m p\u0101rvaldes vad\u012bt\u0101ja amata vietu katr\u0101 p\u0101rvald\u0113. \u0160obr\u012bd to saprotam, ka viens cilv\u0113ks nevar b\u016bt univers\u0101ls un zino\u0161s visos jaut\u0101jumos. T\u0101d\u0113\u013c speram platu soli uz priek\u0161u, veidojot vienu p\u0101rvaldi, kur vado\u0161ie darbinieki str\u0101d\u0101s pa nozar\u0113m, savuk\u0101rt uz vietas pagastos str\u0101d\u0101s darbinieki, kuri risin\u0101s konkr\u0113t\u0101s lietas \u2013 ce\u013cu uztur\u0113\u0161anu, \u012bpa\u0161umu apsaimnieko\u0161anu u.c. Virkne pa\u0161vald\u012bbu jau ir izveidoju\u0161as p\u0101rval\u017eu apvien\u012bbas, piem\u0113ram, Limba\u017eu novad\u0101 ir p\u0101rvalde uz asto\u0146iem pagastiem. Pa\u0161vald\u012bbas par to dom\u0101 un cen\u0161as efektiviz\u0113t darbu. Esmu p\u0101rliecin\u0101ts, ka \u0161\u0101d\u0101 pagastu p\u0101rvald\u012bbas model\u012b str\u0101d\u0101jot, pan\u0101ksim lab\u0101ku rezult\u0101tu, &#8211; saka pa\u0161vald\u012bbas domes priek\u0161s\u0113d\u0113t\u0101js Dzintars Adlers.<\/p>\n<p>&nbsp;<\/p>\n<p>Iedz\u012bvot\u0101ju skaits Al\u016bksnes novada pagastos ir samazin\u0101jies un nav prognozes tam palielin\u0101ties \u2013 no 169 deklar\u0113tiem iedz\u012bvot\u0101jiem (p\u0113c PMLP datiem uz 01.07.2022.) maz\u0101kaj\u0101 Kalncempju pagast\u0101 l\u012bdz 1267 iedz\u012bvot\u0101jiem liel\u0101kaj\u0101 Alsvi\u0137u pagast\u0101. Tikai divos novada pagastos iedz\u012bvot\u0101ju skaits p\u0101rsniedz 1000. Divos pagastos deklar\u0113to iedz\u012bvot\u0101ju skaits ir no 600 l\u012bdz 800, divos pagastos \u2013 no 500 l\u012bdz 600, tr\u012bs pagastos \u2013 no 400 l\u012bdz 500, \u010detros pagastos \u2013 no 300 l\u012bdz 400, bet 2 pagastos deklar\u0113to iedz\u012bvot\u0101ju skaits ir zem 300.<\/p>\n<p>&nbsp;<\/p>\n<p>&#8211; Redzam, ka citviet Latvij\u0101 jaunajos novados pagastu apvien\u012bbas ir veidotas uz lielu iedz\u012bvot\u0101ju skaitu. Jaut\u0101jums \u2013 vai Al\u016bksnes novad\u0101 viet\u0101s, kur ir deklar\u0113ti da\u017ei simti iedz\u012bvot\u0101ju, ir lietder\u012bgi uztur\u0113t iest\u0101di ar vad\u012bt\u0101ju? Sp\u0113c\u012bgas teritorijas mums noz\u012bm\u0113 jaunas iesp\u0113jas un nevajag no t\u0101 vair\u012bties, &#8211; skaidro pa\u0161vald\u012bbas izpilddirektors Ingus Berkulis.<\/p>\n<p>&nbsp;<\/p>\n<p>Pl\u0101nojot pagastu p\u0101rvald\u012bbas mode\u013ca mai\u0146u, ir uzklaus\u012bti eso\u0161o pagastu p\u0101rval\u017eu vad\u012bt\u0101ju viedok\u013ci un priek\u0161likumi, pa\u0161vald\u012bbas vad\u012bba ir apmekl\u0113jusi pagastu p\u0101rvaldes uz vietas. Pagastu p\u0101rval\u017eu vad\u012bt\u0101ji ir paudu\u0161i, ka str\u0101d\u0101jot pa\u0161reiz\u0113j\u0101 p\u0101rvald\u012bbas model\u012b, pietr\u016bkst zin\u0101\u0161anu, kapacit\u0101tes, cilv\u0113kresursu, piem\u0113ram, par zemju, kustam\u0101s mantas izsol\u0113m, iepirkumu jomu un elektronisko iepirkumu sist\u0113mu, juridisko normu p\u0101rzin\u0101\u0161anu da\u017e\u0101du saimniecisko l\u012bgumu sl\u0113g\u0161an\u0101 un citu. T\u0101d\u0113\u013c jaunaj\u0101 p\u0101rvald\u012bbas model\u012b b\u016bs ne tikai vad\u012bt\u0101js un t\u0101 vietnieks, bet ar\u012b vair\u0101ki speci\u0101listi, kas str\u0101d\u0101s ar konkr\u0113t\u0101s jomas jaut\u0101jumiem, piem\u0113ram, lietved\u012bbu, person\u0101la liet\u0101m, \u012bpa\u0161umu jaut\u0101jumiem, juridiskajiem un iepirkumu jaut\u0101jumiem, ce\u013cu p\u0101rraudz\u012bbas un uztur\u0113\u0161anas organiz\u0113\u0161anu.<\/p>\n<p>&nbsp;<\/p>\n<p>Veicot izmai\u0146as pagastu p\u0101rvald\u012bbas sist\u0113m\u0101, pa\u0161vald\u012bba v\u0113las vair\u0101k finanses ieguld\u012bt infrastrukt\u016bras att\u012bst\u012bb\u0101 pagastu teritorij\u0101s, nevis t\u0101s p\u0101rvaldo\u0161\u0101 administrat\u012bv\u0101 apar\u0101ta uztur\u0113\u0161an\u0101. Kop\u0161 \u0161\u012b gada s\u0101kuma str\u0101d\u0101jo\u0161\u0101s divu pagastu apvien\u012bbas darba gait\u0101 secin\u0101ts, ka ar kop\u012bgu bud\u017eetu ir iesp\u0113jams paveikt m\u0113r\u0137tiec\u012bg\u0101kas un j\u0113gpiln\u0101kas lietas. Viena p\u0101rvald\u012bbas iest\u0101de \u013caus m\u0113r\u0137tiec\u012bg\u0101k pl\u0101not bud\u017eeta l\u012bdzek\u013cus ieguld\u012bjumiem infrastrukt\u016br\u0101 &#8211; jo sadrumstalot\u0101ks ir bud\u017eets, k\u0101 tas bija l\u012bdz \u0161im, jo maz\u0101kas iesp\u0113jas to ieguld\u012bt liel\u0101k\u0101s liet\u0101s.<\/p>\n<p>&nbsp;<\/p>\n<p><u>B\u016btisk\u0101kie ieguvumi jaunaj\u0101 pagastu p\u0101rvald\u012bbas model\u012b:<\/u><\/p>\n<ul>\n<li>Maz\u0101ks administrat\u012bvais apar\u0101ts p\u0101rvald\u012bbas nodro\u0161in\u0101\u0161anai \u2013 iesp\u0113ja vair\u0101k l\u012bdzek\u013cu novirz\u012bt infrastrukt\u016brai<\/li>\n<li>Vienots, liel\u0101ks bud\u017eets &#8211; iesp\u0113ja pl\u0101not liel\u0101kus, m\u0113r\u0137tiec\u012bgus ieguld\u012bjumus pagastu teritorij\u0101s<\/li>\n<li>Iest\u0101de ar vado\u0161o darbinieku komandu, kas atbild\u012bgi katrs par attiec\u012bgu nozari.<\/li>\n<\/ul>\n<p>&nbsp;<\/p>\n<p><em>SAGATAVOJA: Evita APLOKA,<\/em><br \/>\n<em>Al\u016bksnes novada pa\u0161vald\u012bbas<\/em><br \/>\n<em>Centr\u0101l\u0101s administr\u0101cijas sabiedrisko attiec\u012bbu speci\u0101liste<\/em><\/p>\n","protected":false},"excerpt":{"rendered":"<p>Al\u016bksnes novada pa\u0161vald\u012bbas domes 27. oktobra s\u0113d\u0113 pie\u0146\u0113ma l\u0113mumu par jaunas pa\u0161vald\u012bbas iest\u0101des &#8211; Al\u016bksnes novada pagastu apvien\u012bbas p\u0101rvalde &#8211; izveidi, kas s\u0101ks darbu ar n\u0101kam\u0101 gada 1. janv\u0101ri un veiks visu pagastu p\u0101rvald\u012b\u0161anu. &nbsp; \u0160obr\u012bd Al\u016bksnes novad\u0101 ir 13&#8230;<br \/><a class=\"read-more-button\" href=\"https:\/\/aluksne.lv\/index.php\/2022\/10\/27\/no-1-janvara-pagastus-aluksnes-novada-parvaldis-viena-iestade\/\">Las\u012bt visu<\/a><\/p>\n","protected":false},"author":1,"featured_media":36205,"comment_status":"closed","ping_status":"open","sticky":false,"template":"","format":"standard","meta":{"_crdt_document":"","_monsterinsights_skip_tracking":false,"_monsterinsights_sitenote_active":false,"_monsterinsights_sitenote_note":"","_monsterinsights_sitenote_category":0,"footnotes":"","_links_to":"","_links_to_target":""},"categories":[6],"tags":[],"class_list":["post-36204","post","type-post","status-publish","format-standard","has-post-thumbnail","hentry","category-aktuali"],"_links":{"self":[{"href":"https:\/\/aluksne.lv\/index.php\/wp-json\/wp\/v2\/posts\/36204","targetHints":{"allow":["GET"]}}],"collection":[{"href":"https:\/\/aluksne.lv\/index.php\/wp-json\/wp\/v2\/posts"}],"about":[{"href":"https:\/\/aluksne.lv\/index.php\/wp-json\/wp\/v2\/types\/post"}],"author":[{"embeddable":true,"href":"https:\/\/aluksne.lv\/index.php\/wp-json\/wp\/v2\/users\/1"}],"replies":[{"embeddable":true,"href":"https:\/\/aluksne.lv\/index.php\/wp-json\/wp\/v2\/comments?post=36204"}],"version-history":[{"count":0,"href":"https:\/\/aluksne.lv\/index.php\/wp-json\/wp\/v2\/posts\/36204\/revisions"}],"wp:featuredmedia":[{"embeddable":true,"href":"https:\/\/aluksne.lv\/index.php\/wp-json\/wp\/v2\/media\/36205"}],"wp:attachment":[{"href":"https:\/\/aluksne.lv\/index.php\/wp-json\/wp\/v2\/media?parent=36204"}],"wp:term":[{"taxonomy":"category","embeddable":true,"href":"https:\/\/aluksne.lv\/index.php\/wp-json\/wp\/v2\/categories?post=36204"},{"taxonomy":"post_tag","embeddable":true,"href":"https:\/\/aluksne.lv\/index.php\/wp-json\/wp\/v2\/tags?post=36204"}],"curies":[{"name":"wp","href":"https:\/\/api.w.org\/{rel}","templated":true}]}}