{"id":36356,"date":"2022-11-03T15:52:32","date_gmt":"2022-11-03T13:52:32","guid":{"rendered":"https:\/\/aluksne.lv\/?p=36356"},"modified":"2022-11-03T15:52:32","modified_gmt":"2022-11-03T13:52:32","slug":"lacplesa-dienas-pasakumi-aluksnes-novada","status":"publish","type":"post","link":"https:\/\/aluksne.lv\/index.php\/2022\/11\/03\/lacplesa-dienas-pasakumi-aluksnes-novada\/","title":{"rendered":"L\u0101\u010dpl\u0113\u0161a dienas pas\u0101kumi Al\u016bksnes novad\u0101"},"content":{"rendered":"<p><strong>Al\u016bksn\u0113 un novada pagastos 11. novembr\u012b notiks da\u017e\u0101di L\u0101\u010dpl\u0113\u0161a dienai velt\u012bti pas\u0101kumi.<\/strong><\/p>\n<p><strong>\u00a0<\/strong><\/p>\n<p>Al\u016bksn\u0113 sv\u0113tku norises s\u0101ksies pulksten 11.00 ar ziedu nolik\u0161anu pie L\u0101\u010dpl\u0113\u0161a Kara orde\u0146a kavalieru atdusas viet\u0101m Al\u016bksnes Lielajos kapos un Garnizona kapos. P\u0113cpusdien\u0101, no pulksten 16.30, ikviens iedz\u012bvot\u0101js, \u0146emot l\u012bdzi svec\u012btes un l\u0101pas, aicin\u0101ts doties uz 7. Siguldas k\u0101jnieku pulka pieminekli, kur no iedegt\u0101m svec\u012bt\u0113m tiks veidota Latvijas kont\u016bra. Pulksten 17.30 pie 7. Siguldas k\u0101jnieku pulka pieminek\u013ca notiks L\u0101\u010dpl\u0113\u0161a dienai velt\u012bts sv\u0113tbr\u012bdis, noliekot ziedus un pieminot Latvijas Neatkar\u012bbas kar\u0101 kritu\u0161os pulka karav\u012brus. Nosl\u0113gum\u0101 jaunsargi dos svin\u012bgo sol\u012bjumu.<\/p>\n<p>Pulksten 18.00 no 7. Siguldas k\u0101jnieku pulka pieminek\u013ca virzien\u0101 uz Al\u016bksnes Jauno pili s\u0101ksies l\u0101pu g\u0101jiens, kuram ar l\u0101pu gaism\u0101m aicin\u0101ts pievienoties ar\u012b ikviens iedz\u012bvot\u0101js. Pie Al\u016bksnes Jaun\u0101s pils pulksten 18.30 notiks L\u0101\u010dpl\u0113\u0161a dienai velt\u012bts piemi\u0146as br\u012bdis. Aicin\u0101m cilv\u0113kus b\u016bt kop\u0101 \u0161aj\u0101 pas\u0101kum\u0101, iededzot l\u0101pas k\u0101 simbolu c\u012b\u0146\u0101s par br\u012bv\u012bbu kritu\u0161o karav\u012bru piemi\u0146ai. Savuk\u0101rt pulksten 19.00 ikviens var piedal\u012bties sv\u0113tku dienai velt\u012btaj\u0101 ekumeniskaj\u0101 dievkalpojum\u0101, kas notiks Al\u016bksnes eva\u0146\u0123\u0113liski luteriskaj\u0101 bazn\u012bc\u0101.<\/p>\n<p>Al\u016bksnes Kult\u016bras centrs L\u0101\u010dpl\u0113\u0161a dienas vakar\u0101 pulksten 19.00 aicina uz sv\u0113tku koncertu \u201c<strong>Mans zelts ir mana tauta\u201d, kur\u0101 <\/strong>dzied\u0101t\u0101ji <strong>Zigfr\u012bds Muktup\u0101vels, Din\u0101ra Rud\u0101ne, Anmary, Atis Ievi\u0146\u0161<\/strong> un instrument\u0101l\u0101 grupa <strong>J\u0101\u0146a L\u016bs\u0113na vad\u012bb\u0101 izpild\u012bs latvie\u0161u komponistu <\/strong>J\u0101\u0146a L\u016bs\u0113na, Zigmara Liepi\u0146a, Raimonda Paula, Ulda Marhil\u0113vi\u010da, Jura Kulakova, M\u0101rti\u0146a\u00a0Brauna, Ulda Stabulnieka, Harija Zari\u0146a melodijas, kas vienoju\u0161as un sarg\u0101ju\u0161as latvie\u0161us da\u017e\u0101dos likte\u0146u grie\u017eos. Bi\u013cetes var ieg\u0101d\u0101ties Al\u016bksnes Kult\u016bras centra kas\u0113 vai internet\u0101.<\/p>\n<p>Alsvi\u0137u pagast\u0101 L\u0101\u010dpl\u0113\u0161a dien\u0101 pulksten 10.00 noliks ziedus un aizdegs sveces Karvas br\u0101\u013cu kapos. Pulksten 10.00 notiks piemi\u0146as br\u012bdis Ezeri\u0146u kapos Annas pagast\u0101. Liepnas pagast\u0101 pulksten 16.00 s\u0101ksies l\u0101pu g\u0101jiens no pagasta p\u0101rvaldes uz L\u0101\u010dpl\u0113\u0161a Kara orde\u0146a kavaliera Teodora Mendes atdusas vietu Sprindu\u013ckalna kaps\u0113t\u0101. Pededzes pagast\u0101 pulksten 16.00 noliks ziedus L\u0101\u010dpl\u0113\u0161a Kara orde\u0146a kavalieru Otto un Pau\u013ca Palmu atdusas viet\u0101 \u201cAkme\u0146druv\u0101s\u201d. Savuk\u0101rt Zelti\u0146u pagast\u0101 pulksten 16.00 L\u0101\u010dpl\u0113\u0161a dienai velt\u012bts piemi\u0146as br\u012bdis notiks kaps\u0113t\u0101.<\/p>\n<p>Ilzenes pagast\u0101 pulksten 16.30 no pirm\u0101 pagastnama \u010conk\u0101s l\u0101pu g\u0101jiens dosies uz \u201cDail\u0113m\u201d, kur notiks pagasta karoga iesv\u0113t\u012b\u0161ana. Jaunal\u016bksnes pagast\u0101 pulksten 16.30 s\u0101ksies l\u0101pu g\u0101jiens no Bejas novadp\u0113tniec\u012bbas centra uz Somu karav\u012bru Br\u0101\u013cu kapiem. M\u0101lupes pagast\u0101 pulksten 16.30 no pagasta p\u0101rvaldes l\u0101pu g\u0101jiens dosies uz M\u0101lupes kapiem, kur p\u0113c tam notiks piemi\u0146as br\u012bdis.<\/p>\n<p>Veclaicenes pagast\u0101 L\u0101\u010dpl\u0113\u0161a dienai un Latvijas dzim\u0161anas dienai velt\u012bts pas\u0101kums notiks pulksten 19.00 \u201cKati\u0146kaln\u0101\u201d, kur pie ugunskura dzied\u0101s patriotisk\u0101s un karav\u012bru dziesmas, b\u016bs t\u0113ja un p\u012br\u0101dzi\u0146i, un ikviens aicin\u0101ts pa\u0146emt l\u012bdzi savu gaismi\u0146u, lai kop\u0101 iedegtu uguni savam pagastam, novadam un Latvijai.<\/p>\n<p>Aicin\u0101m ikvienu 11. novembr\u012b savu m\u0101ju logos iedegt svec\u012btes par godu L\u0101\u010dpl\u0113\u0161a dienai un karav\u012briem, kas c\u012bn\u012bju\u0161ies par br\u012bvu Latviju!<\/p>\n<p><a href=\"https:\/\/aluksne.lv\/wp-content\/uploads\/2022\/11\/Lacplesa_diena_2022-1.jpg\"><img loading=\"lazy\" decoding=\"async\" class=\"alignnone size-large wp-image-36357\" src=\"https:\/\/aluksne.lv\/wp-content\/uploads\/2022\/11\/Lacplesa_diena_2022-1-724x1024.jpg\" alt=\"Lacplesa_diena_2022 (1)\" width=\"724\" height=\"1024\" data-id=\"36357\" \/><\/a><\/p>\n<p><a href=\"https:\/\/aluksne.lv\/wp-content\/uploads\/2022\/11\/11_11_novads.png\"><img loading=\"lazy\" decoding=\"async\" class=\"alignnone size-large wp-image-36358\" src=\"https:\/\/aluksne.lv\/wp-content\/uploads\/2022\/11\/11_11_novads-724x1024.png\" alt=\"Lacplesa_diena_2022 (1)\" width=\"724\" height=\"1024\" data-id=\"36358\" srcset=\"https:\/\/aluksne.lv\/wp-content\/uploads\/2022\/11\/11_11_novads-724x1024.png 724w, https:\/\/aluksne.lv\/wp-content\/uploads\/2022\/11\/11_11_novads-212x300.png 212w, https:\/\/aluksne.lv\/wp-content\/uploads\/2022\/11\/11_11_novads-768x1087.png 768w, https:\/\/aluksne.lv\/wp-content\/uploads\/2022\/11\/11_11_novads-1086x1536.png 1086w, https:\/\/aluksne.lv\/wp-content\/uploads\/2022\/11\/11_11_novads-1170x1656.png 1170w, https:\/\/aluksne.lv\/wp-content\/uploads\/2022\/11\/11_11_novads.png 1200w\" sizes=\"auto, (max-width: 724px) 100vw, 724px\" \/><\/a><\/p>\n<p><em>SAGATAVOJA: Evita APLOKA,<\/em><br \/>\n<em>Al\u016bksnes novada pa\u0161vald\u012bbas<\/em><br \/>\n<em>Centr\u0101l\u0101s administr\u0101cijas sabiedrisko attiec\u012bbu speci\u0101liste<\/em><\/p>\n","protected":false},"excerpt":{"rendered":"<p>Al\u016bksn\u0113 un novada pagastos 11. novembr\u012b notiks da\u017e\u0101di L\u0101\u010dpl\u0113\u0161a dienai velt\u012bti pas\u0101kumi. \u00a0 Al\u016bksn\u0113 sv\u0113tku norises s\u0101ksies pulksten 11.00 ar ziedu nolik\u0161anu pie L\u0101\u010dpl\u0113\u0161a Kara orde\u0146a kavalieru atdusas viet\u0101m Al\u016bksnes Lielajos kapos un Garnizona kapos. P\u0113cpusdien\u0101, no pulksten 16.30, ikviens&#8230;<br \/><a class=\"read-more-button\" href=\"https:\/\/aluksne.lv\/index.php\/2022\/11\/03\/lacplesa-dienas-pasakumi-aluksnes-novada\/\">Las\u012bt visu<\/a><\/p>\n","protected":false},"author":1,"featured_media":36357,"comment_status":"closed","ping_status":"open","sticky":false,"template":"","format":"standard","meta":{"_crdt_document":"","_monsterinsights_skip_tracking":false,"_monsterinsights_sitenote_active":false,"_monsterinsights_sitenote_note":"","_monsterinsights_sitenote_category":0,"footnotes":"","_links_to":"","_links_to_target":""},"categories":[6],"tags":[],"class_list":["post-36356","post","type-post","status-publish","format-standard","has-post-thumbnail","hentry","category-aktuali"],"_links":{"self":[{"href":"https:\/\/aluksne.lv\/index.php\/wp-json\/wp\/v2\/posts\/36356","targetHints":{"allow":["GET"]}}],"collection":[{"href":"https:\/\/aluksne.lv\/index.php\/wp-json\/wp\/v2\/posts"}],"about":[{"href":"https:\/\/aluksne.lv\/index.php\/wp-json\/wp\/v2\/types\/post"}],"author":[{"embeddable":true,"href":"https:\/\/aluksne.lv\/index.php\/wp-json\/wp\/v2\/users\/1"}],"replies":[{"embeddable":true,"href":"https:\/\/aluksne.lv\/index.php\/wp-json\/wp\/v2\/comments?post=36356"}],"version-history":[{"count":0,"href":"https:\/\/aluksne.lv\/index.php\/wp-json\/wp\/v2\/posts\/36356\/revisions"}],"wp:featuredmedia":[{"embeddable":true,"href":"https:\/\/aluksne.lv\/index.php\/wp-json\/wp\/v2\/media\/36357"}],"wp:attachment":[{"href":"https:\/\/aluksne.lv\/index.php\/wp-json\/wp\/v2\/media?parent=36356"}],"wp:term":[{"taxonomy":"category","embeddable":true,"href":"https:\/\/aluksne.lv\/index.php\/wp-json\/wp\/v2\/categories?post=36356"},{"taxonomy":"post_tag","embeddable":true,"href":"https:\/\/aluksne.lv\/index.php\/wp-json\/wp\/v2\/tags?post=36356"}],"curies":[{"name":"wp","href":"https:\/\/api.w.org\/{rel}","templated":true}]}}