{"id":36385,"date":"2022-11-04T13:25:43","date_gmt":"2022-11-04T11:25:43","guid":{"rendered":"https:\/\/aluksne.lv\/?p=36385"},"modified":"2022-11-04T15:27:01","modified_gmt":"2022-11-04T13:27:01","slug":"pec-parbuves-ekspluatacija-pienemta-ernsta-glika-aluksnes-valsts-gimnazijas-jaunako-klasu-korpusa-eka","status":"publish","type":"post","link":"https:\/\/aluksne.lv\/index.php\/2022\/11\/04\/pec-parbuves-ekspluatacija-pienemta-ernsta-glika-aluksnes-valsts-gimnazijas-jaunako-klasu-korpusa-eka\/","title":{"rendered":"P\u0113c p\u0101rb\u016bves ekspluat\u0101cij\u0101 pie\u0146emta Ernsta Glika Al\u016bksnes Valsts \u0123imn\u0101zijas jaun\u0101ko kla\u0161u korpusa \u0113ka"},"content":{"rendered":"<p><strong><a href=\"https:\/\/aluksne.lv\/wp-content\/uploads\/2022\/11\/IMG_2246.jpg\"><img loading=\"lazy\" decoding=\"async\" class=\" wp-image-36386 alignright\" src=\"https:\/\/aluksne.lv\/wp-content\/uploads\/2022\/11\/IMG_2246-1024x683.jpg\" alt=\"P\u0113c p\u0101rb\u016bves ekspluat\u0101cij\u0101 pie\u0146emta Ernsta Glika Al\u016bksnes Valsts \u0123imn\u0101zijas jaun\u0101ko kla\u0161u korpusa \u0113ka\" width=\"565\" height=\"377\" data-id=\"36386\" srcset=\"https:\/\/aluksne.lv\/wp-content\/uploads\/2022\/11\/IMG_2246-1024x683.jpg 1024w, https:\/\/aluksne.lv\/wp-content\/uploads\/2022\/11\/IMG_2246-300x200.jpg 300w, https:\/\/aluksne.lv\/wp-content\/uploads\/2022\/11\/IMG_2246-768x512.jpg 768w, https:\/\/aluksne.lv\/wp-content\/uploads\/2022\/11\/IMG_2246-1536x1024.jpg 1536w, https:\/\/aluksne.lv\/wp-content\/uploads\/2022\/11\/IMG_2246-320x213.jpg 320w, https:\/\/aluksne.lv\/wp-content\/uploads\/2022\/11\/IMG_2246-1170x780.jpg 1170w, https:\/\/aluksne.lv\/wp-content\/uploads\/2022\/11\/IMG_2246-272x182.jpg 272w, https:\/\/aluksne.lv\/wp-content\/uploads\/2022\/11\/IMG_2246.jpg 1620w\" sizes=\"auto, (max-width: 565px) 100vw, 565px\" \/><\/a>Ceturtdien, 3. novembr\u012b, p\u0113c p\u0101rb\u016bves ekspluat\u0101cij\u0101 pie\u0146emts Ernsta Glika Al\u016bksnes Valsts \u0123imn\u0101zijas 7.-9.\u00a0kla\u0161u korpuss, l\u012bdz ar to skolas kolekt\u012bvs n\u0101kamaj\u0101 ned\u0113\u013c\u0101 pak\u0101peniski var\u0113s s\u0101kt m\u0101c\u012bbas atjaunotaj\u0101s telp\u0101s.<\/strong><\/p>\n<p>B\u016bvdarbi \u0123imn\u0101zijas jaun\u0101ko kla\u0161u \u0113k\u0101 notika Eiropas Re\u0123ion\u0101l\u0101s att\u012bst\u012bbas fonda projekt\u0101 Nr.8.1.2.0\/18\/I\/002 \u201cAl\u016bksnes novada visp\u0101r\u0113j\u0101s izgl\u012bt\u012bbas iest\u0101\u017eu m\u0101c\u012bbu vides uzlabo\u0161ana\u201d. \u0160is ir \u013coti noz\u012bm\u012bgs projekts novada izgl\u012bt\u012bbas iest\u0101\u017eu moderniz\u0113\u0161anai. Ar projekta atbalstu Ernsta Glika Al\u016bksnes Valsts \u0123imn\u0101zij\u0101 bija iesp\u0113ja veikt jaun\u0101ko kla\u0161u korpusa pilna apjoma p\u0101rb\u016bvi, ieg\u0101d\u0101ties ergonomisku un modernu apr\u012bkojumu m\u0101c\u012bbu procesa nodro\u0161in\u0101\u0161anai skol\u0113niem un skolot\u0101jiem \u2013 dabaszin\u0101t\u0146u un matem\u0101tikas kabinetu iek\u0101rto\u0161anai un kla\u0161u telp\u0101m, ieviest m\u016bsdien\u012bgus inform\u0101cijas un komunik\u0101cijas tehnolo\u0123iju risin\u0101jumus, sporta apr\u012bkojumu. \u0160\u012b projekta \u012bsteno\u0161ana ar\u012b veicina \u0123imn\u0101zijas k\u0101 Al\u016bksnes novada izgl\u012bt\u012bbas iest\u0101\u017eu metodisk\u0101 centra att\u012bst\u012bbu.<\/p>\n<p>Darbus veica SIA \u201cRERE MEISTARI\u201d, autoruzraudz\u012bbu nodro\u0161in\u0101ja SIA \u201cREM PRO\u201d un \u201cSestais stils\u201d apvien\u012bba, b\u016bvuzraudz\u012bbu \u2013 SIA \u201cB\u016bvuzraugi LV\u201d. Projektu vad\u012bja Al\u016bksnes novada pa\u0161vald\u012bbas Centr\u0101l\u0101s administr\u0101cijas projektu vad\u012bt\u0101ja Una Tetere-Teterovska.<\/p>\n<p>L\u012bdz ar \u0123imn\u0101zijas jaun\u0101ko kla\u0161u korpusa pie\u0146em\u0161anu ekspluat\u0101cij\u0101 ir nosl\u0113gu\u0161\u0101s visas projekt\u0101 paredz\u0113t\u0101s aktivit\u0101tes \u2013 iepriek\u0161 ir \u012bstenoti b\u016bvdarbi un ieg\u0101d\u0101ts ergonomisks apr\u012bkojums Al\u016bksnes novada vidusskolas \u0113k\u0101, k\u0101 ar\u012b veikta \u0123imn\u0101zijas intern\u0101ta da\u013c\u0113ja atjauno\u0161ana.<\/p>\n<p><a href=\"http:\/\/aluksne.lv\/projektiwp\/wp-content\/uploads\/2018\/03\/proj.jpg\"><img decoding=\"async\" class=\"wp-image-27 aligncenter\" src=\"http:\/\/aluksne.lv\/projektiwp\/wp-content\/uploads\/2018\/03\/proj.jpg\" alt=\"\" width=\"490\" \/><\/a><\/p>\n<p><em>SAGATAVOJA: Evita APLOKA,<\/em><br \/>\n<em>Al\u016bksnes novada pa\u0161vald\u012bbas<\/em><br \/>\n<em>Centr\u0101l\u0101s administr\u0101cijas sabiedrisko attiec\u012bbu speci\u0101liste<\/em><\/p>\n","protected":false},"excerpt":{"rendered":"<p>Ceturtdien, 3. novembr\u012b, p\u0113c p\u0101rb\u016bves ekspluat\u0101cij\u0101 pie\u0146emts Ernsta Glika Al\u016bksnes Valsts \u0123imn\u0101zijas 7.-9.\u00a0kla\u0161u korpuss, l\u012bdz ar to skolas kolekt\u012bvs n\u0101kamaj\u0101 ned\u0113\u013c\u0101 pak\u0101peniski var\u0113s s\u0101kt m\u0101c\u012bbas atjaunotaj\u0101s telp\u0101s. B\u016bvdarbi \u0123imn\u0101zijas jaun\u0101ko kla\u0161u \u0113k\u0101 notika Eiropas Re\u0123ion\u0101l\u0101s att\u012bst\u012bbas fonda projekt\u0101 Nr.8.1.2.0\/18\/I\/002 \u201cAl\u016bksnes&#8230;<br \/><a class=\"read-more-button\" href=\"https:\/\/aluksne.lv\/index.php\/2022\/11\/04\/pec-parbuves-ekspluatacija-pienemta-ernsta-glika-aluksnes-valsts-gimnazijas-jaunako-klasu-korpusa-eka\/\">Las\u012bt visu<\/a><\/p>\n","protected":false},"author":1,"featured_media":36386,"comment_status":"closed","ping_status":"open","sticky":false,"template":"","format":"standard","meta":{"_crdt_document":"","_monsterinsights_skip_tracking":false,"_monsterinsights_sitenote_active":false,"_monsterinsights_sitenote_note":"","_monsterinsights_sitenote_category":0,"footnotes":"","_links_to":"","_links_to_target":""},"categories":[6],"tags":[],"class_list":["post-36385","post","type-post","status-publish","format-standard","has-post-thumbnail","hentry","category-aktuali"],"_links":{"self":[{"href":"https:\/\/aluksne.lv\/index.php\/wp-json\/wp\/v2\/posts\/36385","targetHints":{"allow":["GET"]}}],"collection":[{"href":"https:\/\/aluksne.lv\/index.php\/wp-json\/wp\/v2\/posts"}],"about":[{"href":"https:\/\/aluksne.lv\/index.php\/wp-json\/wp\/v2\/types\/post"}],"author":[{"embeddable":true,"href":"https:\/\/aluksne.lv\/index.php\/wp-json\/wp\/v2\/users\/1"}],"replies":[{"embeddable":true,"href":"https:\/\/aluksne.lv\/index.php\/wp-json\/wp\/v2\/comments?post=36385"}],"version-history":[{"count":0,"href":"https:\/\/aluksne.lv\/index.php\/wp-json\/wp\/v2\/posts\/36385\/revisions"}],"wp:featuredmedia":[{"embeddable":true,"href":"https:\/\/aluksne.lv\/index.php\/wp-json\/wp\/v2\/media\/36386"}],"wp:attachment":[{"href":"https:\/\/aluksne.lv\/index.php\/wp-json\/wp\/v2\/media?parent=36385"}],"wp:term":[{"taxonomy":"category","embeddable":true,"href":"https:\/\/aluksne.lv\/index.php\/wp-json\/wp\/v2\/categories?post=36385"},{"taxonomy":"post_tag","embeddable":true,"href":"https:\/\/aluksne.lv\/index.php\/wp-json\/wp\/v2\/tags?post=36385"}],"curies":[{"name":"wp","href":"https:\/\/api.w.org\/{rel}","templated":true}]}}