{"id":37320,"date":"2022-12-27T10:51:07","date_gmt":"2022-12-27T08:51:07","guid":{"rendered":"https:\/\/aluksne.lv\/?p=37320"},"modified":"2022-12-27T10:51:07","modified_gmt":"2022-12-27T08:51:07","slug":"lm-sak-apjomigu-socialas-uznemejdarbibas-aktivitasu-ciklu","status":"publish","type":"post","link":"https:\/\/aluksne.lv\/index.php\/2022\/12\/27\/lm-sak-apjomigu-socialas-uznemejdarbibas-aktivitasu-ciklu\/","title":{"rendered":"LM s\u0101k apjom\u012bgu soci\u0101l\u0101s uz\u0146\u0113m\u0113jdarb\u012bbas aktivit\u0101\u0161u ciklu"},"content":{"rendered":"<p><strong><a href=\"https:\/\/aluksne.lv\/wp-content\/uploads\/2022\/12\/LM-SUD-ekosistemas-aktivitates_afisa.png\"><img loading=\"lazy\" decoding=\"async\" class=\"size-large wp-image-37321 alignright\" src=\"https:\/\/aluksne.lv\/wp-content\/uploads\/2022\/12\/LM-SUD-ekosistemas-aktivitates_afisa-724x1024.png\" alt=\"LM s\u0101k apjom\u012bgu soci\u0101l\u0101s uz\u0146\u0113m\u0113jdarb\u012bbas aktivit\u0101\u0161u ciklu\" width=\"724\" height=\"1024\" data-id=\"37321\" srcset=\"https:\/\/aluksne.lv\/wp-content\/uploads\/2022\/12\/LM-SUD-ekosistemas-aktivitates_afisa-724x1024.png 724w, https:\/\/aluksne.lv\/wp-content\/uploads\/2022\/12\/LM-SUD-ekosistemas-aktivitates_afisa-212x300.png 212w, https:\/\/aluksne.lv\/wp-content\/uploads\/2022\/12\/LM-SUD-ekosistemas-aktivitates_afisa-768x1086.png 768w, https:\/\/aluksne.lv\/wp-content\/uploads\/2022\/12\/LM-SUD-ekosistemas-aktivitates_afisa-1086x1536.png 1086w, https:\/\/aluksne.lv\/wp-content\/uploads\/2022\/12\/LM-SUD-ekosistemas-aktivitates_afisa-1170x1655.png 1170w, https:\/\/aluksne.lv\/wp-content\/uploads\/2022\/12\/LM-SUD-ekosistemas-aktivitates_afisa.png 1414w\" sizes=\"auto, (max-width: 724px) 100vw, 724px\" \/><\/a>Labkl\u0101j\u012bbas ministrija s\u0101k apjom\u012bgu soci\u0101l\u0101s uz\u0146\u0113m\u0113jdarb\u012bbas aktivit\u0101\u0161u ciklu \u201cAtt\u012bst\u0101m soci\u0101lo uz\u0146\u0113m\u0113jdarb\u012bbu kop\u0101!\u201d, ko finans\u0113 Eiropas Soci\u0101lais fonds. Daudzveid\u012bg\u0101s aktivit\u0101tes, kas pl\u0101notas, lai stiprin\u0101tu un att\u012bst\u012btu soci\u0101l\u0101s uz\u0146\u0113m\u0113jdarb\u012bbas ekosist\u0113mu Latvij\u0101, norisin\u0101sies l\u012bdz 2023. gada novembrim. T\u0101s tiks \u012bstenotas sadarb\u012bb\u0101 ar nozares organiz\u0101cij\u0101m \u2013 Latvijas Soci\u0101l\u0101s uz\u0146\u0113m\u0113jdarb\u012bbas asoci\u0101ciju, biedr\u012bb\u0101m \u201cNew Door\u201d, \u201cReach for Change Latvia\u201d un soci\u0101lo uz\u0146\u0113mumu \u201cVisas Iesp\u0113jas\u201d.<\/strong><\/p>\n<p>Cikla pas\u0101kumi paredz\u0113ti da\u017e\u0101d\u0101m m\u0113r\u0137auditorij\u0101m \u2013 eso\u0161ajiem un topo\u0161ajiem soci\u0101lajiem uz\u0146\u0113m\u0113jiem, nozares interesentiem, pa\u0161vald\u012bb\u0101m, investoriem un politikas veidot\u0101jiem, jaunie\u0161iem, biznesa inkubatoru dal\u012bbniekiem un organiz\u0101cij\u0101m, kam ir iesp\u0113jas un resursi veidot soci\u0101lajai uz\u0146\u0113m\u0113jdarb\u012bbai labv\u0113l\u012bgu vidi.<\/p>\n<p><strong>Eso\u0161ajiem soci\u0101lajiem uz\u0146\u0113mumiem<\/strong>, kas v\u0113las vairot savu rad\u012bto soci\u0101lo ietekmi un stiprin\u0101t biznesa modeli, b\u016bs iesp\u0113ja piedal\u012bties asto\u0146u m\u0113ne\u0161u soci\u0101l\u0101s uz\u0146\u0113m\u0113jdarb\u012bbas inkub\u0101cijas programm\u0101. Pieteik\u0161an\u0101s tai s\u0101ksies jau janv\u0101ra pirmaj\u0101 ned\u0113\u013c\u0101. Papildu inkub\u0101cijas programmai soci\u0101lajiem uz\u0146\u0113mumiem b\u016bs iesp\u0113ja sa\u0146emt individu\u0101lu atbalstu soci\u0101l\u0101s ietekmes m\u0113r\u012b\u0161an\u0101 un p\u0101rvald\u012bb\u0101, savuk\u0101rt vasar\u0101 notiks t\u012bklo\u0161an\u0101s \u2013 salied\u0113\u0161an\u0101s pas\u0101kumi pieredzes un inform\u0101cijas apmai\u0146ai. T\u0101pat eso\u0161ie un ar\u012b topo\u0161ie soci\u0101lie uz\u0146\u0113m\u0113ji var\u0113s sa\u0146emt konsultat\u012bvu atbalstu par invest\u012bciju piesaisti un da\u017e\u0101d\u0101m cit\u0101m t\u0113m\u0101m, fokus\u0113joties uz kapacit\u0101tes stiprin\u0101\u0161anu t\u0101d\u0101s jom\u0101s k\u0101 biznesa mode\u013ca un biznesa pl\u0101na att\u012bst\u012b\u0161ana, finan\u0161u un soci\u0101l\u0101s ietekmes model\u0113\u0161ana, prezent\u0113\u0161anas prasmes.<\/p>\n<p><strong>Fiziskas un juridiskas personas, kur\u0101m ir ideja par soci\u0101lo uz\u0146\u0113m\u0113jdarb\u012bbu,<\/strong> vai kuras \u0161obr\u012bd \u012bsteno k\u0101du soci\u0101lu projektu un v\u0113l\u0113tos to p\u0101rv\u0113rst ilgtsp\u0113j\u012bg\u0101, pelno\u0161\u0101 biznes\u0101, var\u0113s piedal\u012bties soci\u0101l\u0101s uz\u0146\u0113m\u0113jdarb\u012bbas akceler\u0101cijas programm\u0101. T\u0101s m\u0113r\u0137is ir sniegt zin\u0101\u0161anas un individualiz\u0113tu ekspertu atbalstu topo\u0161ajiem soci\u0101lajiem uz\u0146\u0113m\u0113jiem ce\u013c\u0101 no idejas l\u012bdz ilgtsp\u0113j\u012bgam uz\u0146\u0113m\u0113jdarb\u012bbas pl\u0101nam, vienlaikus veicinot dal\u012bbnieku person\u012bgo izaugsmi un izpratni par uz\u0146\u0113m\u0113jdarb\u012bbu. Ar\u012b \u0161ai programmai pieteik\u0161an\u0101s s\u0101ksies 2023. gada janv\u0101ra pirmaj\u0101 ned\u0113\u013c\u0101.<\/p>\n<p>Savuk\u0101rt 2023. gada ruden\u012b tiks pied\u0101v\u0101ts intens\u012bvs semin\u0101ru kurss veiksm\u012bgai soci\u0101l\u0101s uz\u0146\u0113m\u0113jdarb\u012bbas s\u0101k\u0161anai \u201cSoci\u0101l\u0101s uz\u0146\u0113m\u0113jdarb\u012bbas skola\u201d. \u0160\u012bs m\u0101c\u012bbas paredz\u0113tas soci\u0101l\u0101s uz\u0146\u0113m\u0113jdarb\u012bbas interesentiem, ideju autoriem un ies\u0101c\u0113jiem soci\u0101l\u0101 biznesa jom\u0101 no visas Latvijas.<\/p>\n<p><strong>Aktivit\u0101\u0161u cikl\u0101 \u201cAtt\u012bst\u0101m soci\u0101lo uz\u0146\u0113m\u0113jdarb\u012bbu kop\u0101!\u201d norisin\u0101sies intens\u012bvs un m\u0113r\u0137tiec\u012bgs darbs ar\u012b ar pa\u0161vald\u012bb\u0101m<\/strong> \u2013 jau 2022. gada nogal\u0113 ir s\u0101kti informat\u012bvie semin\u0101ri to darbiniekiem par soci\u0101l\u0101s uz\u0146\u0113m\u0113jdarb\u012bbas att\u012bst\u012bbu un soci\u0101lo uz\u0146\u0113mumu piesaist\u012b\u0161anu pa\u0161vald\u012bbas funkciju pild\u012b\u0161anai. Semin\u0101ri notiks vis\u0101s 43 pa\u0161vald\u012bb\u0101s. Lai veicin\u0101tu sadarb\u012bbu starp soci\u0101lajiem uz\u0146\u0113mumiem, da\u017e\u0101d\u0101m organiz\u0101cij\u0101m, pl\u0101no\u0161anas re\u0123ioniem, valsts un pa\u0161vald\u012bbu iest\u0101d\u0113m tiks organiz\u0113tas re\u0123ion\u0101l\u0101s domn\u012bcas, kur iesaist\u012bt\u0101s puses izstr\u0101d\u0101s r\u012bc\u012bbu pl\u0101nus nozares t\u0101l\u0101kai att\u012bst\u012bbai. Savuk\u0101rt organiz\u0101cijas un da\u017e\u0101du intere\u0161u grupas, kas potenci\u0101li var\u0113tu att\u012bst\u012bties k\u0101 soci\u0101lie uz\u0146\u0113mumi, b\u016bs aicin\u0101tas piedal\u012bties praktiskaj\u0101s darbn\u012bc\u0101s par soci\u0101l\u0101 biznesa model\u0113\u0161anu. Notiks ar\u012b pla\u0161\u0101ka m\u0113roga informat\u012bvie semin\u0101ri ar soci\u0101l\u0101s uz\u0146\u0113m\u0113jdarb\u012bbas v\u0113stnieku un soci\u0101lo uz\u0146\u0113m\u0113ju dal\u012bbu.<\/p>\n<p>Aktivit\u0101\u0161u cikl\u0101 <strong>paredz\u0113ts ar\u012b sniegt priek\u0161likumus<\/strong> soci\u0101l\u0101s uz\u0146\u0113m\u0113jdarb\u012bbas un soci\u0101l\u0101s ekonomikas aspektu integr\u0113\u0161anai citu jomu pl\u0101no\u0161anas dokumentos un aktivit\u0101t\u0113s, k\u0101 ar\u012b tiks veikta Latvijas <strong>soci\u0101lo uz\u0146\u0113mumu aptauja par soci\u0101l\u0101s ietekmes m\u0113r\u012b\u0161anu<\/strong>.<\/p>\n<p>Pla\u0161\u0101ka inform\u0101cija un dal\u012bbas pieteik\u0161ana visos aktivit\u0101\u0161u cikla pas\u0101kumos b\u016bs pieejama Labkl\u0101j\u012bbas ministrijas m\u0101jaslapas <u><a href=\"http:\/\/www.lm.gov.lv\">www.lm.gov.lv<\/a><\/u> sada\u013c\u0101 &#8220;Jaunumi&#8221;, k\u0101 ar\u012b Latvijas Soci\u0101l\u0101s uz\u0146\u0113m\u0113jdarb\u012bbas asoci\u0101cijas Facebook kont\u0101 un m\u0101jas lap\u0101 <u><a href=\"http:\/\/www.sua.lv\">www.sua.lv<\/a><\/u>.\u00a0<\/p>\n","protected":false},"excerpt":{"rendered":"<p>Labkl\u0101j\u012bbas ministrija s\u0101k apjom\u012bgu soci\u0101l\u0101s uz\u0146\u0113m\u0113jdarb\u012bbas aktivit\u0101\u0161u ciklu \u201cAtt\u012bst\u0101m soci\u0101lo uz\u0146\u0113m\u0113jdarb\u012bbu kop\u0101!\u201d, ko finans\u0113 Eiropas Soci\u0101lais fonds. Daudzveid\u012bg\u0101s aktivit\u0101tes, kas pl\u0101notas, lai stiprin\u0101tu un att\u012bst\u012btu soci\u0101l\u0101s uz\u0146\u0113m\u0113jdarb\u012bbas ekosist\u0113mu Latvij\u0101, norisin\u0101sies l\u012bdz 2023. gada novembrim. T\u0101s tiks \u012bstenotas sadarb\u012bb\u0101 ar nozares&#8230;<br \/><a class=\"read-more-button\" href=\"https:\/\/aluksne.lv\/index.php\/2022\/12\/27\/lm-sak-apjomigu-socialas-uznemejdarbibas-aktivitasu-ciklu\/\">Las\u012bt visu<\/a><\/p>\n","protected":false},"author":1,"featured_media":37322,"comment_status":"closed","ping_status":"open","sticky":false,"template":"","format":"standard","meta":{"_crdt_document":"","_monsterinsights_skip_tracking":false,"_monsterinsights_sitenote_active":false,"_monsterinsights_sitenote_note":"","_monsterinsights_sitenote_category":0,"footnotes":"","_links_to":"","_links_to_target":""},"categories":[9],"tags":[],"class_list":["post-37320","post","type-post","status-publish","format-standard","has-post-thumbnail","hentry","category-noderiga-informacija"],"_links":{"self":[{"href":"https:\/\/aluksne.lv\/index.php\/wp-json\/wp\/v2\/posts\/37320","targetHints":{"allow":["GET"]}}],"collection":[{"href":"https:\/\/aluksne.lv\/index.php\/wp-json\/wp\/v2\/posts"}],"about":[{"href":"https:\/\/aluksne.lv\/index.php\/wp-json\/wp\/v2\/types\/post"}],"author":[{"embeddable":true,"href":"https:\/\/aluksne.lv\/index.php\/wp-json\/wp\/v2\/users\/1"}],"replies":[{"embeddable":true,"href":"https:\/\/aluksne.lv\/index.php\/wp-json\/wp\/v2\/comments?post=37320"}],"version-history":[{"count":0,"href":"https:\/\/aluksne.lv\/index.php\/wp-json\/wp\/v2\/posts\/37320\/revisions"}],"wp:featuredmedia":[{"embeddable":true,"href":"https:\/\/aluksne.lv\/index.php\/wp-json\/wp\/v2\/media\/37322"}],"wp:attachment":[{"href":"https:\/\/aluksne.lv\/index.php\/wp-json\/wp\/v2\/media?parent=37320"}],"wp:term":[{"taxonomy":"category","embeddable":true,"href":"https:\/\/aluksne.lv\/index.php\/wp-json\/wp\/v2\/categories?post=37320"},{"taxonomy":"post_tag","embeddable":true,"href":"https:\/\/aluksne.lv\/index.php\/wp-json\/wp\/v2\/tags?post=37320"}],"curies":[{"name":"wp","href":"https:\/\/api.w.org\/{rel}","templated":true}]}}