{"id":3905,"date":"2018-02-13T08:38:25","date_gmt":"2018-02-13T08:38:25","guid":{"rendered":"http:\/\/aluksne.lv\/?p=3905"},"modified":"2018-02-13T08:38:25","modified_gmt":"2018-02-13T08:38:25","slug":"finansu-komitejas-15-02-2018-sedes-darba-kartiba","status":"publish","type":"post","link":"https:\/\/aluksne.lv\/index.php\/2018\/02\/13\/finansu-komitejas-15-02-2018-sedes-darba-kartiba\/","title":{"rendered":"Finan\u0161u komitejas 15.02.2018. s\u0113des darba k\u0101rt\u012bba"},"content":{"rendered":"<p><strong><u>Darba k\u0101rt\u012bb\u0101:<\/u><\/strong><\/p>\n<ol>\n<li>Par darba k\u0101rt\u012bbu.<\/li>\n<li>Par projektu \u201cAl\u016bksnes novada visp\u0101r\u0113j\u0101s izgl\u012bt\u012bbas iest\u0101\u017eu m\u0101c\u012bbu vides uzlabo\u0161ana\u201d.<\/li>\n<li>Par soci\u0101l\u0101s apr\u016bpes pakalpojuma instit\u016bcij\u0101 izmaksas noteik\u0161anu.<\/li>\n<li>Par invest\u012bciju projektu un aiz\u0146\u0113mumu t\u0101 \u012bsteno\u0161anai.<\/li>\n<li>Par aiz\u0146\u0113mumu projekta \u201cPa\u0161vald\u012bbas autoce\u013ca \u201cDzintari \u2013 C\u012b\u0146as\u201d p\u0101rb\u016bve Veclaicenes pagast\u0101, Al\u016bksnes novad\u0101\u201d \u012bsteno\u0161anai.<\/li>\n<li>Par aiz\u0146\u0113mumu projekta \u201cPa\u0161vald\u012bbas autoce\u013ca \u201cBamb\u0101\u013ci &#8211; Tort\u016b\u017ei \u2013 D\u0113li\u0146kalns\u201d p\u0101rb\u016bve un \u201cJaunlaicene &#8211; Daugu\u013ci &#8211; Vidzemes \u0161oseja\u201d 1.k\u0101rtas p\u0101rb\u016bve Jaunlaicenes pagast\u0101, Al\u016bksnes novad\u0101\u201d \u012bsteno\u0161anai.<\/li>\n<li>Par aiz\u0146\u0113mumu projekta \u201cAl\u016bksnes novada pa\u0161vald\u012bbas autoce\u013ca \u201cM\u0101lupe-Purmala\u201d p\u0101rb\u016bve\u201d \u012bsteno\u0161anai.<\/li>\n<li>Par aiz\u0146\u0113mumu projekta \u201cPa\u0161vald\u012bbas autoce\u013cu \u201cTomsona pagrieziens-Sebe\u017enieki\u201d, \u201cBrenci-Sakv\u0101rne\u201d un \u201cP41-C\u016bku komplekss\u201d p\u0101rb\u016bve Malienas pagast\u0101, Al\u016bksnes novad\u0101\u201d \u012bsteno\u0161anai.<\/li>\n<li>Par l\u012bdzek\u013cu izdal\u012b\u0161anu Jaunannas pagasta p\u0101rvaldei no Al\u016bksnes novada pa\u0161vald\u012bbas Ce\u013cu un ielu uzkr\u0101juma fonda.<\/li>\n<li>Par ielu seguma atjauno\u0161anu un lietus \u016bdens kanaliz\u0101cijas sist\u0113mas izb\u016bvi.<\/li>\n<li>Par groz\u012bjumiem Al\u016bksnes novada domes 28.12.2017. l\u0113mum\u0101 Nr.476 \u201cPar amata viet\u0101m un atl\u012bdz\u012bbu Al\u016bksnes novada pa\u0161vald\u012bb\u0101\u201d.<\/li>\n<li>Par Al\u016bksnes novada pagastu teritori\u0101lo vien\u012bbu infrastrukt\u016bras un vides kvalit\u0101tes izlabo\u0161anas m\u0113r\u0137programmu 2018. gadam.<\/li>\n<li>Par Al\u016bksnes novada pa\u0161vald\u012bbas p\u0101rst\u0101vi biedr\u012bb\u0101 \u201cAl\u016bksnes lauku partner\u012bba\u201d.<\/li>\n<li>Par Al\u016bksnes novada pa\u0161vald\u012bbai piedero\u0161\u0101s \u012bpa\u0161uma \u2013 siltumapg\u0101des sist\u0113mas R\u016bpniec\u012bbas iel\u0101 1A, Al\u016bksn\u0113, Al\u016bksnes novad\u0101, atsavin\u0101\u0161anu.<\/li>\n<li>Par Al\u016bksnes novada pa\u0161vald\u012bbai piedero\u0161\u0101 \u012bpa\u0161uma \u2013 \u016bdens apg\u0101des un kanaliz\u0101cijas t\u012bklu objektam R\u016bpniec\u012bbas iel\u0101 1A, \u016bdensvada un kanaliz\u0101cijas sist\u0113mas Rijukalna iel\u0101 un \u016bdensvada V\u0113jakalna iel\u0101 Al\u016bksn\u0113, Al\u016bksnes novad\u0101 atsavin\u0101\u0161anu.<\/li>\n<li>Par \u012bpa\u0161uma ieg\u0101di.<\/li>\n<\/ol>\n","protected":false},"excerpt":{"rendered":"<p>Darba k\u0101rt\u012bb\u0101: Par darba k\u0101rt\u012bbu. Par projektu \u201cAl\u016bksnes novada visp\u0101r\u0113j\u0101s izgl\u012bt\u012bbas iest\u0101\u017eu m\u0101c\u012bbu vides uzlabo\u0161ana\u201d. Par soci\u0101l\u0101s apr\u016bpes pakalpojuma instit\u016bcij\u0101 izmaksas noteik\u0161anu. Par invest\u012bciju projektu un aiz\u0146\u0113mumu t\u0101 \u012bsteno\u0161anai. Par aiz\u0146\u0113mumu projekta \u201cPa\u0161vald\u012bbas autoce\u013ca \u201cDzintari \u2013 C\u012b\u0146as\u201d p\u0101rb\u016bve Veclaicenes pagast\u0101,&#8230;<br \/><a class=\"read-more-button\" href=\"https:\/\/aluksne.lv\/index.php\/2018\/02\/13\/finansu-komitejas-15-02-2018-sedes-darba-kartiba\/\">Las\u012bt visu<\/a><\/p>\n","protected":false},"author":1,"featured_media":0,"comment_status":"closed","ping_status":"open","sticky":false,"template":"","format":"standard","meta":{"_crdt_document":"","_monsterinsights_skip_tracking":false,"_monsterinsights_sitenote_active":false,"_monsterinsights_sitenote_note":"","_monsterinsights_sitenote_category":0,"footnotes":"","_links_to":"","_links_to_target":""},"categories":[5,9],"tags":[],"class_list":["post-3905","post","type-post","status-publish","format-standard","hentry","category-jaunumi","category-noderiga-informacija"],"_links":{"self":[{"href":"https:\/\/aluksne.lv\/index.php\/wp-json\/wp\/v2\/posts\/3905","targetHints":{"allow":["GET"]}}],"collection":[{"href":"https:\/\/aluksne.lv\/index.php\/wp-json\/wp\/v2\/posts"}],"about":[{"href":"https:\/\/aluksne.lv\/index.php\/wp-json\/wp\/v2\/types\/post"}],"author":[{"embeddable":true,"href":"https:\/\/aluksne.lv\/index.php\/wp-json\/wp\/v2\/users\/1"}],"replies":[{"embeddable":true,"href":"https:\/\/aluksne.lv\/index.php\/wp-json\/wp\/v2\/comments?post=3905"}],"version-history":[{"count":0,"href":"https:\/\/aluksne.lv\/index.php\/wp-json\/wp\/v2\/posts\/3905\/revisions"}],"wp:attachment":[{"href":"https:\/\/aluksne.lv\/index.php\/wp-json\/wp\/v2\/media?parent=3905"}],"wp:term":[{"taxonomy":"category","embeddable":true,"href":"https:\/\/aluksne.lv\/index.php\/wp-json\/wp\/v2\/categories?post=3905"},{"taxonomy":"post_tag","embeddable":true,"href":"https:\/\/aluksne.lv\/index.php\/wp-json\/wp\/v2\/tags?post=3905"}],"curies":[{"name":"wp","href":"https:\/\/api.w.org\/{rel}","templated":true}]}}