{"id":43456,"date":"2023-08-15T13:30:28","date_gmt":"2023-08-15T10:30:28","guid":{"rendered":"https:\/\/aluksne.lv\/?p=43456"},"modified":"2023-08-15T13:30:28","modified_gmt":"2023-08-15T10:30:28","slug":"socialas-izglitibas-un-kulturas-komitejas-16-08-2023-sedes-darba-kartiba","status":"publish","type":"post","link":"https:\/\/aluksne.lv\/index.php\/2023\/08\/15\/socialas-izglitibas-un-kulturas-komitejas-16-08-2023-sedes-darba-kartiba\/","title":{"rendered":"Soci\u0101l\u0101s, izgl\u012bt\u012bbas un kult\u016bras komitejas 16.08.2023. s\u0113des darba k\u0101rt\u012bba"},"content":{"rendered":"<p><strong>SOCI\u0100L\u0100, IZGL\u012aT\u012aBAS UN KULT\u016aRAS KOMITEJA<\/strong><\/p>\n<p><strong>S\u0112DE Nr. 9<\/strong><\/p>\n<p><strong>16.08.2023.<\/strong><strong>, plkst. 10:00<\/strong><\/p>\n<p><strong>D\u0101rza iel\u0101 11, Al\u016bksn\u0113, Al\u016bksnes novad\u0101 z\u0101l\u0113 1.st\u0101v\u0101<\/strong><\/p>\n<p>&nbsp;<\/p>\n<p><strong><u>Darba k\u0101rt\u012bb\u0101:<\/u><\/strong><\/p>\n<ol>\n<li>Par darba k\u0101rt\u012bbu.<\/li>\n<li>Par saisto\u0161o noteikumu Nr. _\/2023 \u201cGroz\u012bjumi Al\u016bksnes novada pa\u0161vald\u012bbas domes 2022. gada 2. maija saisto\u0161ajos noteikumos Nr. 11\/2022 \u201cPar soci\u0101lajiem pakalpojumiem Al\u016bksnes novad\u0101\u201d\u201d izdo\u0161anu.<\/li>\n<li>Par p\u0101rst\u0101vju dele\u0123\u0113\u0161anu Al\u016bksnes novada pa\u0161vald\u012bbas izgl\u012bt\u012bbas iest\u0101\u017eu padom\u0113s.<\/li>\n<\/ol>\n","protected":false},"excerpt":{"rendered":"<p>SOCI\u0100L\u0100, IZGL\u012aT\u012aBAS UN KULT\u016aRAS KOMITEJA S\u0112DE Nr. 9 16.08.2023., plkst. 10:00 D\u0101rza iel\u0101 11, Al\u016bksn\u0113, Al\u016bksnes novad\u0101 z\u0101l\u0113 1.st\u0101v\u0101 &nbsp; Darba k\u0101rt\u012bb\u0101: Par darba k\u0101rt\u012bbu. Par saisto\u0161o noteikumu Nr. _\/2023 \u201cGroz\u012bjumi Al\u016bksnes novada pa\u0161vald\u012bbas domes 2022. gada 2. maija saisto\u0161ajos&#8230;<br \/><a class=\"read-more-button\" href=\"https:\/\/aluksne.lv\/index.php\/2023\/08\/15\/socialas-izglitibas-un-kulturas-komitejas-16-08-2023-sedes-darba-kartiba\/\">Las\u012bt visu<\/a><\/p>\n","protected":false},"author":3,"featured_media":0,"comment_status":"closed","ping_status":"open","sticky":false,"template":"","format":"standard","meta":{"_crdt_document":"","_monsterinsights_skip_tracking":false,"_monsterinsights_sitenote_active":false,"_monsterinsights_sitenote_note":"","_monsterinsights_sitenote_category":0,"footnotes":"","_links_to":"","_links_to_target":""},"categories":[9],"tags":[],"class_list":["post-43456","post","type-post","status-publish","format-standard","hentry","category-noderiga-informacija"],"_links":{"self":[{"href":"https:\/\/aluksne.lv\/index.php\/wp-json\/wp\/v2\/posts\/43456","targetHints":{"allow":["GET"]}}],"collection":[{"href":"https:\/\/aluksne.lv\/index.php\/wp-json\/wp\/v2\/posts"}],"about":[{"href":"https:\/\/aluksne.lv\/index.php\/wp-json\/wp\/v2\/types\/post"}],"author":[{"embeddable":true,"href":"https:\/\/aluksne.lv\/index.php\/wp-json\/wp\/v2\/users\/3"}],"replies":[{"embeddable":true,"href":"https:\/\/aluksne.lv\/index.php\/wp-json\/wp\/v2\/comments?post=43456"}],"version-history":[{"count":0,"href":"https:\/\/aluksne.lv\/index.php\/wp-json\/wp\/v2\/posts\/43456\/revisions"}],"wp:attachment":[{"href":"https:\/\/aluksne.lv\/index.php\/wp-json\/wp\/v2\/media?parent=43456"}],"wp:term":[{"taxonomy":"category","embeddable":true,"href":"https:\/\/aluksne.lv\/index.php\/wp-json\/wp\/v2\/categories?post=43456"},{"taxonomy":"post_tag","embeddable":true,"href":"https:\/\/aluksne.lv\/index.php\/wp-json\/wp\/v2\/tags?post=43456"}],"curies":[{"name":"wp","href":"https:\/\/api.w.org\/{rel}","templated":true}]}}