{"id":43532,"date":"2023-08-17T15:25:11","date_gmt":"2023-08-17T12:25:11","guid":{"rendered":"https:\/\/aluksne.lv\/?p=43532"},"modified":"2023-08-17T15:25:11","modified_gmt":"2023-08-17T12:25:11","slug":"aluksnes-kulturas-centrs-sezonu-sak-ar-teatra-izradem","status":"publish","type":"post","link":"https:\/\/aluksne.lv\/index.php\/2023\/08\/17\/aluksnes-kulturas-centrs-sezonu-sak-ar-teatra-izradem\/","title":{"rendered":"Al\u016bksnes Kult\u016bras centrs sezonu s\u0101k ar te\u0101tra izr\u0101d\u0113m"},"content":{"rendered":"<p>\u0160aj\u0101 sezon\u0101 Al\u016bksnes Kult\u016bras centram pla\u0161s pied\u0101v\u0101jums un s\u0101ksim sezonu ar te\u0101tra izr\u0101d\u0113m, ko pie mums b\u016bs iesp\u0113jams baud\u012bt jau septembr\u012b.<\/p>\n<ul>\n<li><strong>\u00a015. septembr\u012b plkst.19.00 Al\u016bksnes Kult\u016bras centr\u0101<\/strong> <strong>Valmieras<\/strong> <strong>te\u0101tra viesizr\u0101de \u201cLabie cilv\u0113ki\u201d <\/strong>Ineses Mi\u010dules re\u017eij\u0101.<\/li>\n<\/ul>\n<p>\u0160is ir m\u016bsdien\u012bgs st\u0101sts par dz\u012bves p\u0101rbaud\u012bjumiem, kuri tiek uzlikti labiem cilv\u0113kiem. T\u0101 centr\u0101 \u2013 jauna sieviete M\u0101rgareta, kuru piemekl\u0113 da\u017e\u0101das likstas gan darb\u0101, gan priv\u0101taj\u0101 dz\u012bv\u0113. M\u0101rgaretas dz\u012bve nav viegla, ta\u010du vi\u0146as tic\u012bba un pa\u013cau\u0161an\u0101s labajam ik vien\u0101 cilv\u0113k\u0101, humors un paciet\u012bba, liek ieraudz\u012bt un v\u0113rt\u0113t notieko\u0161o cit\u0101d\u0101 gaism\u0101. Kad M\u0101rgareta satiek savu jaun\u012bbas dienu m\u012blest\u012bbu \u2013 nu jau bag\u0101tu un veiksm\u012bgu cilv\u0113ku, atkl\u0101jas, ka dz\u012bvojot kult\u016br\u0101, kas nemit\u012bgi tiecas piepild\u012bt sapni par laim\u012bgu dz\u012bvi, cilv\u0113ks tom\u0113r j\u016bt\u0101s iztuk\u0161ots. Luga liek p\u0101rdom\u0101t, k\u0101di tad ir \u012bstie cilv\u0113ka liktens iemesli \u2013 \u013caut liet\u0101m notikt labi vai slikti, un ko tas p\u0101rbauda cilv\u0113k\u0101?<\/p>\n<p>2012. gad\u0101 \u0161\u012b izr\u0101de k\u013c\u016bst par visbie\u017e\u0101k iestud\u0113to darbu te\u0101tros vis\u0101 pasaul\u0113, tagad ar\u012b Valmieras te\u0101tr\u012b.<\/p>\n<p>Lom\u0101s: El\u012bna V\u0101ne, Aigars Apinis, Rihards Jakovels, Eduards Johansons, M\u0101ra Mennika, Di\u0101na Krista Stafecka, Baiba Valante.<\/p>\n<p><img loading=\"lazy\" decoding=\"async\" class=\"aligncenter wp-image-43533 size-large\" src=\"https:\/\/aluksne.lv\/wp-content\/uploads\/2023\/08\/labiecilveki_viesizrade_web_Aluksne-1024x679.png\" alt=\"\" width=\"734\" height=\"487\" srcset=\"https:\/\/aluksne.lv\/wp-content\/uploads\/2023\/08\/labiecilveki_viesizrade_web_Aluksne-1024x679.png 1024w, https:\/\/aluksne.lv\/wp-content\/uploads\/2023\/08\/labiecilveki_viesizrade_web_Aluksne-800x531.png 800w, https:\/\/aluksne.lv\/wp-content\/uploads\/2023\/08\/labiecilveki_viesizrade_web_Aluksne-768x509.png 768w, https:\/\/aluksne.lv\/wp-content\/uploads\/2023\/08\/labiecilveki_viesizrade_web_Aluksne-1536x1019.png 1536w, https:\/\/aluksne.lv\/wp-content\/uploads\/2023\/08\/labiecilveki_viesizrade_web_Aluksne-320x213.png 320w, https:\/\/aluksne.lv\/wp-content\/uploads\/2023\/08\/labiecilveki_viesizrade_web_Aluksne-1170x776.png 1170w, https:\/\/aluksne.lv\/wp-content\/uploads\/2023\/08\/labiecilveki_viesizrade_web_Aluksne-950x630.png 950w, https:\/\/aluksne.lv\/wp-content\/uploads\/2023\/08\/labiecilveki_viesizrade_web_Aluksne.png 1921w\" sizes=\"auto, (max-width: 734px) 100vw, 734px\" \/><\/p>\n<ul>\n<li><strong>\u00a022. oktobr\u012b plkst.16.00 Al\u016bksnes Kult\u016bras centr\u0101 Latvijas Nacion\u0101l\u0101 te\u0101tra viesizr\u0101de \u201cTik m\u012bla vien\u201d <\/strong>Mihaila Kublinska re\u017eij\u0101. Autors Ren\u0113 Heinersdorfs.<\/li>\n<\/ul>\n<p>Bulv\u0101rte\u0101tra spo\u017e\u0101 kom\u0113dija jau vair\u0101k nek\u0101 desmit gadus aizrauj ar viegliem, aspr\u0101t\u012bgiem dialogiem, spraigiem, negaid\u012btiem si\u017eeta pav\u0113rsieniem izteikti m\u016bsdien\u012bg\u0101 vid\u0113, kur modern\u0101s tehnolo\u0123ijas ir ne tikai laikmeta z\u012bme, bet ar\u012b akt\u012bvs konflikta virz\u012bt\u0101jsp\u0113ks. Ar tr\u012bsdesmitgadnieku rut\u012bnas sa\u0113st\u0101m savstarp\u0113j\u0101m attiec\u012bb\u0101m, kas \u0161odien st\u0101ju\u0161\u0101s visaptvero\u0161\u0101s, ta\u010du par vecmod\u012bgu uzskat\u012bt\u0101s m\u012blest\u012bbas viet\u0101.<\/p>\n<p>Lom\u0101s \u2013 Dita L\u016bri\u0146a, Evija Kr\u016bze, Ain\u0101rs An\u010devskis, Egils Melb\u0101rdis un Elizabete Skrasti\u0146a vai Ieva Ani\u0146a.<\/p>\n<p><img loading=\"lazy\" decoding=\"async\" class=\"size-full wp-image-43534 aligncenter\" src=\"https:\/\/aluksne.lv\/wp-content\/uploads\/2023\/08\/Tik-mila-vien.webp\" alt=\"\" width=\"362\" height=\"544\" \/><\/p>\n<ul>\n<li><strong>\u00a027. septembr\u012b plkst.13.00 Al\u016bksnes Kult\u016bras centr\u0101 Latvijas Le\u013c\u013cu te\u0101tra izr\u0101de<\/strong> <strong>\u201cDivi mazi me\u017eon\u0113ni<\/strong>\u201d, re\u017eisors Andris Ze\u013conka.<\/li>\n<\/ul>\n<p>Izr\u0101de, kas rosina doties dab\u0101, \u013cauties br\u012bv\u012bbai, izt\u0113lei un neapsl\u0101p\u0113tam b\u0113rn\u012bbas garam.<\/p>\n<p>Sems ar Jenu beidzot \u012bsteno ilgi loloto sapni un uzs\u0101k dz\u012bvi me\u017e\u0101 k\u0101 indi\u0101\u0146i. Jaun\u0101 m\u0101jvieta ir aizraujo\u0161a un bied\u0113jo\u0161a vienlaikus, t\u0101d\u0113\u013c z\u0113ni nolemj pie\u0146emt sav\u0101 cilt\u012b ar\u012b kaimi\u0146u meiteni Gaju. Trijat\u0101 vi\u0146i s\u0101k iepaz\u012bt me\u017ea pasaules burv\u012bbu, dodoties med\u012bb\u0101s, v\u0113rojot dz\u012bvniekus, putnus un citus me\u017ea iem\u012btniekus, kuri sl\u0113pjas no cilv\u0113kiem. Piedz\u012bvojumi un p\u0101rbaud\u012bjumi satuvina trijotni, iem\u0101ca pie\u0146emt vienam otru un atkl\u0101t dabas skaisto varen\u012bbu.<\/p>\n<p>Ieteicamais vecums: 5+<\/p>\n<p>Lom\u0101s: Mat\u012bss Millers, R\u016bdolfs Apse, Irina Krasta<\/p>\n<p><img loading=\"lazy\" decoding=\"async\" class=\"aligncenter wp-image-43535 size-large\" src=\"https:\/\/aluksne.lv\/wp-content\/uploads\/2023\/08\/Divi-mazi-mezoneni-1024x576.jpg\" alt=\"\" width=\"734\" height=\"413\" srcset=\"https:\/\/aluksne.lv\/wp-content\/uploads\/2023\/08\/Divi-mazi-mezoneni-1024x576.jpg 1024w, https:\/\/aluksne.lv\/wp-content\/uploads\/2023\/08\/Divi-mazi-mezoneni-800x450.jpg 800w, https:\/\/aluksne.lv\/wp-content\/uploads\/2023\/08\/Divi-mazi-mezoneni-768x432.jpg 768w, https:\/\/aluksne.lv\/wp-content\/uploads\/2023\/08\/Divi-mazi-mezoneni-1170x658.jpg 1170w, https:\/\/aluksne.lv\/wp-content\/uploads\/2023\/08\/Divi-mazi-mezoneni.jpg 1200w\" sizes=\"auto, (max-width: 734px) 100vw, 734px\" \/><\/p>\n<p>Bi\u013cetes uz izr\u0101d\u0113m iesp\u0113jams ieg\u0101d\u0101ties Al\u016bksnes Kult\u016bras centra kas\u0113 un \u201cBi\u013ce\u0161u parad\u012bze\u201d tirdzniec\u012bbas viet\u0101s.<\/p>\n<p>&nbsp;<\/p>\n<p>Iveta Balt\u0101-Vanaga<br \/>\nAl\u016bksnes novada Kult\u016bras centra<br \/>\nsabiedrisko attiec\u012bbu speci\u0101liste<\/p>\n","protected":false},"excerpt":{"rendered":"<p>\u0160aj\u0101 sezon\u0101 Al\u016bksnes Kult\u016bras centram pla\u0161s pied\u0101v\u0101jums un s\u0101ksim sezonu ar te\u0101tra izr\u0101d\u0113m, ko pie mums b\u016bs iesp\u0113jams baud\u012bt jau septembr\u012b. \u00a015. septembr\u012b plkst.19.00 Al\u016bksnes Kult\u016bras centr\u0101 Valmieras te\u0101tra viesizr\u0101de \u201cLabie cilv\u0113ki\u201d Ineses Mi\u010dules re\u017eij\u0101. \u0160is ir m\u016bsdien\u012bgs st\u0101sts par&#8230;<br \/><a class=\"read-more-button\" href=\"https:\/\/aluksne.lv\/index.php\/2023\/08\/17\/aluksnes-kulturas-centrs-sezonu-sak-ar-teatra-izradem\/\">Las\u012bt visu<\/a><\/p>\n","protected":false},"author":3,"featured_media":43533,"comment_status":"closed","ping_status":"open","sticky":false,"template":"","format":"standard","meta":{"_crdt_document":"","_monsterinsights_skip_tracking":false,"_monsterinsights_sitenote_active":false,"_monsterinsights_sitenote_note":"","_monsterinsights_sitenote_category":0,"footnotes":"","_links_to":"","_links_to_target":""},"categories":[9],"tags":[],"class_list":["post-43532","post","type-post","status-publish","format-standard","has-post-thumbnail","hentry","category-noderiga-informacija"],"_links":{"self":[{"href":"https:\/\/aluksne.lv\/index.php\/wp-json\/wp\/v2\/posts\/43532","targetHints":{"allow":["GET"]}}],"collection":[{"href":"https:\/\/aluksne.lv\/index.php\/wp-json\/wp\/v2\/posts"}],"about":[{"href":"https:\/\/aluksne.lv\/index.php\/wp-json\/wp\/v2\/types\/post"}],"author":[{"embeddable":true,"href":"https:\/\/aluksne.lv\/index.php\/wp-json\/wp\/v2\/users\/3"}],"replies":[{"embeddable":true,"href":"https:\/\/aluksne.lv\/index.php\/wp-json\/wp\/v2\/comments?post=43532"}],"version-history":[{"count":0,"href":"https:\/\/aluksne.lv\/index.php\/wp-json\/wp\/v2\/posts\/43532\/revisions"}],"wp:featuredmedia":[{"embeddable":true,"href":"https:\/\/aluksne.lv\/index.php\/wp-json\/wp\/v2\/media\/43533"}],"wp:attachment":[{"href":"https:\/\/aluksne.lv\/index.php\/wp-json\/wp\/v2\/media?parent=43532"}],"wp:term":[{"taxonomy":"category","embeddable":true,"href":"https:\/\/aluksne.lv\/index.php\/wp-json\/wp\/v2\/categories?post=43532"},{"taxonomy":"post_tag","embeddable":true,"href":"https:\/\/aluksne.lv\/index.php\/wp-json\/wp\/v2\/tags?post=43532"}],"curies":[{"name":"wp","href":"https:\/\/api.w.org\/{rel}","templated":true}]}}