{"id":43580,"date":"2023-08-18T15:38:15","date_gmt":"2023-08-18T12:38:15","guid":{"rendered":"https:\/\/aluksne.lv\/?p=43580"},"modified":"2023-08-18T15:38:15","modified_gmt":"2023-08-18T12:38:15","slug":"attistibas-komitejas-21-08-2023-sedes-darba-kartiba","status":"publish","type":"post","link":"https:\/\/aluksne.lv\/index.php\/2023\/08\/18\/attistibas-komitejas-21-08-2023-sedes-darba-kartiba\/","title":{"rendered":"Att\u012bst\u012bbas komitejas 21.08.2023. s\u0113des darba k\u0101rt\u012bba"},"content":{"rendered":"<p><strong>ATT\u012aST\u012aBAS KOMITEJA<\/strong><\/p>\n<p><strong>S\u0112DE Nr. 8<\/strong><\/p>\n<p><strong>21.08.2023.<\/strong><strong>, plkst. 10:00<\/strong><\/p>\n<p><strong>D\u0101rza iel\u0101 11, Al\u016bksn\u0113, Al\u016bksnes novad\u0101 z\u0101l\u0113 1.st\u0101v\u0101<\/strong><\/p>\n<p><strong><u>Darba k\u0101rt\u012bb\u0101:<\/u><\/strong><\/p>\n<ol>\n<li>Par darba k\u0101rt\u012bbu.<\/li>\n<li>Par izmai\u0146\u0101m pa\u0161vald\u012bbas iznom\u0101jamo un atsavin\u0101mo nekustamo \u012bpa\u0161umu sarakst\u0101.<\/li>\n<li>Par lauksaimniec\u012bbas zemes apme\u017eo\u0161anu.<\/li>\n<li>Par p\u0101rvald\u012b\u0161anas ties\u012bbu nodo\u0161anu.<\/li>\n<li>Par saisto\u0161o noteikumu Nr.__ \/2023 \u201cGroz\u012bjumi Al\u016bksnes novada pa\u0161vald\u012bbas domes 2023. gada 27. apr\u012b\u013ca saisto\u0161ajos noteikumos Nr.7\/2023 \u201cGroz\u012bjumi Al\u016bksnes novada pa\u0161vald\u012bbas domes 2015. gada 27. augusta saisto\u0161ajos noteikumos Nr.14\/2015 \u201cAl\u016bksnes novada teritorijas pl\u0101nojums 2015.-2027. gadam, Teritorijas izmanto\u0161anas un apb\u016bves noteikumi un grafisk\u0101 da\u013ca\u201d\u201d\u201d izdo\u0161anu.<\/li>\n<li>Par saisto\u0161o noteikumu Nr. __\/2023 \u201cPar k\u0101rt\u012bbu, k\u0101d\u0101 izvietojamas un noform\u0113jamas ielu nosaukuma pl\u0101ksnes, \u0113ku nosaukuma nor\u0101des z\u012bmes, \u0113ku numura (nosaukuma) z\u012bmes Al\u016bksnes novad\u0101\u201d izdo\u0161anu.<\/li>\n<li>Par saisto\u0161o noteikumu Nr. __\/2023 \u201cPar Al\u016bksnes novada pa\u0161vald\u012bbas domes 2013.\u00a0gada 23. maija saisto\u0161o noteikumu Nr. 14\/2013 \u201cAl\u016bksnes novada pa\u0161vald\u012bbas a\u0123ent\u016bras \u201cSPODRA\u201d nolikums\u201d atz\u012b\u0161anu par sp\u0113ku zaud\u0113ju\u0161iem\u201d izdo\u0161anu.<\/li>\n<li>Par Al\u016bksnes novada pa\u0161vald\u012bbas iest\u0101des \u201cSPODRA\u201d nolikuma apstiprin\u0101\u0161anu.<\/li>\n<li>Par saisto\u0161o noteikumu Nr. __\/2023 \u201cPar Al\u016bksnes novada pa\u0161vald\u012bbas domes 2018.\u00a0gada 22. marta saisto\u0161o noteikumu Nr. 3\/2018 \u201cAl\u016bksnes novada pa\u0161vald\u012bbas a\u0123ent\u016bras \u201cALJA\u201d nolikums\u201d atz\u012b\u0161anu par sp\u0113ku zaud\u0113ju\u0161iem\u201d izdo\u0161anu.<\/li>\n<li>Par Al\u016bksnes novada pa\u0161vald\u012bbas iest\u0101des \u201cALJA\u201d nolikuma apstiprin\u0101\u0161anu.<\/li>\n<li>Inform\u0101cija par saisto\u0161o noteikumu projektu \u201cPar pa\u0161vald\u012bbas l\u012bdzfinans\u0113jumu kult\u016bras pieminek\u013cu \u0113kas fas\u0101\u017eu restaur\u0101cijai, atjauno\u0161anai, \u0113kas konserv\u0101cijas darbiem Al\u016bksnes novad\u0101\u201d.<\/li>\n<li>Inform\u0101cija par iedz\u012bvot\u0101ju iesaisti novada teritorijas uzraudz\u012bb\u0101.<\/li>\n<li>Inform\u0101cija par vakanc\u0113m Al\u016bksnes novada pa\u0161vald\u012bbas Centr\u0101laj\u0101 administr\u0101cij\u0101.<\/li>\n<li>Inform\u0101cija par transportl\u012bdzek\u013cu ieg\u0101di.<\/li>\n<\/ol>\n<p>&nbsp;<\/p>\n<p>&nbsp;<\/p>\n","protected":false},"excerpt":{"rendered":"<p>ATT\u012aST\u012aBAS KOMITEJA S\u0112DE Nr. 8 21.08.2023., plkst. 10:00 D\u0101rza iel\u0101 11, Al\u016bksn\u0113, Al\u016bksnes novad\u0101 z\u0101l\u0113 1.st\u0101v\u0101 Darba k\u0101rt\u012bb\u0101: Par darba k\u0101rt\u012bbu. Par izmai\u0146\u0101m pa\u0161vald\u012bbas iznom\u0101jamo un atsavin\u0101mo nekustamo \u012bpa\u0161umu sarakst\u0101. Par lauksaimniec\u012bbas zemes apme\u017eo\u0161anu. Par p\u0101rvald\u012b\u0161anas ties\u012bbu nodo\u0161anu. Par saisto\u0161o&#8230;<br \/><a class=\"read-more-button\" href=\"https:\/\/aluksne.lv\/index.php\/2023\/08\/18\/attistibas-komitejas-21-08-2023-sedes-darba-kartiba\/\">Las\u012bt visu<\/a><\/p>\n","protected":false},"author":3,"featured_media":0,"comment_status":"closed","ping_status":"open","sticky":false,"template":"","format":"standard","meta":{"_crdt_document":"","_monsterinsights_skip_tracking":false,"_monsterinsights_sitenote_active":false,"_monsterinsights_sitenote_note":"","_monsterinsights_sitenote_category":0,"footnotes":"","_links_to":"","_links_to_target":""},"categories":[9],"tags":[],"class_list":["post-43580","post","type-post","status-publish","format-standard","hentry","category-noderiga-informacija"],"_links":{"self":[{"href":"https:\/\/aluksne.lv\/index.php\/wp-json\/wp\/v2\/posts\/43580","targetHints":{"allow":["GET"]}}],"collection":[{"href":"https:\/\/aluksne.lv\/index.php\/wp-json\/wp\/v2\/posts"}],"about":[{"href":"https:\/\/aluksne.lv\/index.php\/wp-json\/wp\/v2\/types\/post"}],"author":[{"embeddable":true,"href":"https:\/\/aluksne.lv\/index.php\/wp-json\/wp\/v2\/users\/3"}],"replies":[{"embeddable":true,"href":"https:\/\/aluksne.lv\/index.php\/wp-json\/wp\/v2\/comments?post=43580"}],"version-history":[{"count":0,"href":"https:\/\/aluksne.lv\/index.php\/wp-json\/wp\/v2\/posts\/43580\/revisions"}],"wp:attachment":[{"href":"https:\/\/aluksne.lv\/index.php\/wp-json\/wp\/v2\/media?parent=43580"}],"wp:term":[{"taxonomy":"category","embeddable":true,"href":"https:\/\/aluksne.lv\/index.php\/wp-json\/wp\/v2\/categories?post=43580"},{"taxonomy":"post_tag","embeddable":true,"href":"https:\/\/aluksne.lv\/index.php\/wp-json\/wp\/v2\/tags?post=43580"}],"curies":[{"name":"wp","href":"https:\/\/api.w.org\/{rel}","templated":true}]}}