{"id":50420,"date":"2024-07-12T07:18:24","date_gmt":"2024-07-12T04:18:24","guid":{"rendered":"https:\/\/aluksne.lv\/?p=50420"},"modified":"2024-07-12T07:18:24","modified_gmt":"2024-07-12T04:18:24","slug":"tresa-vasaras-kulturas-akademija-pasvaldibu-kulturas-dzives-vaditajiem-notiks-aluksne-19-21-augusta","status":"publish","type":"post","link":"https:\/\/aluksne.lv\/index.php\/2024\/07\/12\/tresa-vasaras-kulturas-akademija-pasvaldibu-kulturas-dzives-vaditajiem-notiks-aluksne-19-21-augusta\/","title":{"rendered":"Tre\u0161\u0101 vasaras kult\u016bras akad\u0113mija pa\u0161vald\u012bbu kult\u016bras dz\u012bves vad\u012bt\u0101jiem notiks Al\u016bksn\u0113 19.-21.august\u0101"},"content":{"rendered":"<p><strong><img loading=\"lazy\" decoding=\"async\" class=\"alignright size-full wp-image-50424\" src=\"https:\/\/aluksne.lv\/wp-content\/uploads\/2024\/07\/Vasaras-akademija-Aluksne-5.jpg\" alt=\"\" width=\"576\" height=\"250\" \/>Latvijas Kult\u016bras akad\u0113mija sadarb\u012bb\u0101 ar Al\u016bksnes novada pa\u0161vald\u012bbu aicina uz vasaras kult\u016bras akad\u0113miju \u201cNovadu kult\u016bras dz\u012bves veido\u0161anas izaicin\u0101jumi \u0101rpus centriem. P\u0101rrobe\u017eu sadarb\u012bbas iesp\u0113jas\u201d 19.-21. august\u0101 Al\u016bksn\u0113.<\/strong><\/p>\n<p>Latvijas Kult\u016bras akad\u0113mija ik gadu r\u012bko vasaras akad\u0113miju pa\u0161vald\u012bbu kult\u016bras vad\u012bt\u0101jiem par re\u0123ionu kult\u016bras dz\u012bves veido\u0161an\u0101 aktu\u0101l\u0101m t\u0113m\u0101m, lai iepaz\u012bstin\u0101tu ar jaun\u0101kaj\u0101m atzi\u0146\u0101m m\u016bsdien\u012bgas kult\u016bras p\u0101rvald\u012bbas \u012bsteno\u0161an\u0101 un sniegtu neform\u0101l\u0101s t\u012bklo\u0161an\u0101s iesp\u0113jas.<\/p>\n<p>Pirmaj\u0101 vasaras akad\u0113mij\u0101 2022.gad\u0101 Ogr\u0113 uzman\u012bba tika piev\u0113rsta kult\u016br\u0101 balst\u012btai novadu att\u012bst\u012bbas pl\u0101no\u0161anai, savuk\u0101rt otraj\u0101 vasaras akad\u0113mij\u0101 Dobel\u0113 \u2013 labb\u016bt\u012bbai un iedz\u012bvot\u0101ju l\u012bdzdal\u012bbai kult\u016brvides veido\u0161an\u0101. Novadu p\u0101rst\u0101vji \u2013 l\u012bdz\u0161in\u0113jo vasaras akad\u0113miju dal\u012bbnieki ir atzin\u012bgi nov\u0113rt\u0113ju\u0161i sniegto iesp\u0113ju g\u016bt jaunas zin\u0101\u0161anas un iedvesmu darbam, piedaloties akad\u0113mijas lekcij\u0101s un interakt\u012bv\u0101s sesij\u0101s.<\/p>\n<p>\u0160\u012b gada vasaras akad\u0113mija tiks velt\u012bta da\u017e\u0101diem izaicin\u0101jumiem, kas saist\u012bti ar kult\u016bras dz\u012bves veido\u0161anu \u0101rpus lielajiem apdz\u012bvotajiem centriem un pierobe\u017e\u0101, k\u0101 ar\u012b aicin\u0101s lab\u0101k iepaz\u012bt p\u0101rrobe\u017eu sadarb\u012bbas iesp\u0113jas un lab\u0101s prakses.\u00a0 Vasaras akad\u0113mijas ietvaros dal\u012bbnieki var\u0113s izprast mazapdz\u012bvotu vietu kult\u016bras specifiku un iepaz\u012bt lab\u0101s prakses, kas apvieno r\u016bpes par kult\u016bras mantojumu ar laikmet\u012bg\u0101m rado\u0161\u0101m iniciat\u012bv\u0101m. Dal\u012bbnieki var\u0113s noskaidrot, k\u0101das ir p\u0101rrobe\u017eu kult\u016bras sadarb\u012bbas projektu att\u012bst\u012bbas iesp\u0113jas, k\u0101 ar\u012b uzlabot savas komunik\u0101cijas un starpkult\u016bru saskarsmes prasmes.\u00a0\u00a0<\/p>\n<p>Vasaras akad\u0113mija norisin\u0101sies Al\u016bksn\u0113 \u2013 novad\u0101, kas veicis m\u0113r\u0137tiec\u012bgus ieguld\u012bjumus savas kult\u016bras mantojuma kop\u0161an\u0101 un populariz\u0113\u0161an\u0101. Dal\u012bbniekiem b\u016bs iesp\u0113ja iepaz\u012bties ar Al\u016bksnes novada kult\u016brviet\u0101m \u2013 \u0112rma\u0146u mui\u017eu, Viktora \u0136irpa Ates muzeju \u201cVidzemes lauku s\u0113ta\u201d, Al\u016bksnes mui\u017eas parku u.c., k\u0101 ar\u012b apmain\u012bties savstarp\u0113j\u0101 pieredz\u0113 neform\u0101lo sesiju ietvaros.<\/p>\n<p><strong>Dal\u012bbnieki aicin\u0101ti pieteikties l\u012bdz 5.augustam, aizpildot pieteikumu tie\u0161saist\u0113 <\/strong><a href=\"https:\/\/forms.gle\/tQSa8a2sRtPhyLkAA\">https:\/\/forms.gle\/tQSa8a2sRtPhyLkAA<\/a> Dal\u012bbnieku skaits ir ierobe\u017eots, un pieteikumi tiks apstiprin\u0101ti rezerv\u0101cijas k\u0101rt\u012bb\u0101.<\/p>\n<p>Dal\u012bbas maksa ir 105 EUR.\u00a0Dal\u012bbas maks\u0101 ir iek\u013cautas \u0113din\u0101\u0161anas izmaksas, bet naktsm\u012bt\u0146u rezerv\u0101cija Al\u016bksnes novad\u0101 dal\u012bbniekiem j\u0101veic pa\u0161iem.<\/p>\n<p>Pas\u0101kuma nosl\u0113gum\u0101 dal\u012bbnieki sa\u0146ems Latvijas Kult\u016bras akad\u0113mijas apliec\u012bbu par novadu kult\u016bras vad\u012bbas t\u0101l\u0101kizgl\u012bt\u012bbas kursa apguvi 16 akad\u0113misko stundu apm\u0113r\u0101.<\/p>\n<p><span style=\"font-size: 12pt;\"><a href=\"https:\/\/aluksne.lv\/wp-content\/uploads\/2024\/07\/Vasaras-Kulturas-akademija-Aluksne_2024-programma-1.pdf\">Vasaras kult\u016bras akad\u0113mijas\u00a0PROGRAMMA<\/a> (pdf fails)<\/span><\/p>\n<p><span style=\"font-size: 12pt;\"><a href=\"https:\/\/aluksne.lv\/wp-content\/uploads\/2024\/07\/Naktsmitnes-Aluksnes-novada.pdf\">Naktsm\u012bt\u0146u ieteikumi Al\u016bksnes novad\u0101<\/a> (pdf fails)<\/span><\/p>\n","protected":false},"excerpt":{"rendered":"<p>Latvijas Kult\u016bras akad\u0113mija sadarb\u012bb\u0101 ar Al\u016bksnes novada pa\u0161vald\u012bbu aicina uz vasaras kult\u016bras akad\u0113miju \u201cNovadu kult\u016bras dz\u012bves veido\u0161anas izaicin\u0101jumi \u0101rpus centriem. P\u0101rrobe\u017eu sadarb\u012bbas iesp\u0113jas\u201d 19.-21. august\u0101 Al\u016bksn\u0113. Latvijas Kult\u016bras akad\u0113mija ik gadu r\u012bko vasaras akad\u0113miju pa\u0161vald\u012bbu kult\u016bras vad\u012bt\u0101jiem par re\u0123ionu kult\u016bras&#8230;<br \/><a class=\"read-more-button\" href=\"https:\/\/aluksne.lv\/index.php\/2024\/07\/12\/tresa-vasaras-kulturas-akademija-pasvaldibu-kulturas-dzives-vaditajiem-notiks-aluksne-19-21-augusta\/\">Las\u012bt visu<\/a><\/p>\n","protected":false},"author":3,"featured_media":50424,"comment_status":"closed","ping_status":"open","sticky":false,"template":"","format":"standard","meta":{"_crdt_document":"","_monsterinsights_skip_tracking":false,"_monsterinsights_sitenote_active":false,"_monsterinsights_sitenote_note":"","_monsterinsights_sitenote_category":0,"footnotes":"","_links_to":"","_links_to_target":""},"categories":[9],"tags":[],"class_list":["post-50420","post","type-post","status-publish","format-standard","has-post-thumbnail","hentry","category-noderiga-informacija"],"_links":{"self":[{"href":"https:\/\/aluksne.lv\/index.php\/wp-json\/wp\/v2\/posts\/50420","targetHints":{"allow":["GET"]}}],"collection":[{"href":"https:\/\/aluksne.lv\/index.php\/wp-json\/wp\/v2\/posts"}],"about":[{"href":"https:\/\/aluksne.lv\/index.php\/wp-json\/wp\/v2\/types\/post"}],"author":[{"embeddable":true,"href":"https:\/\/aluksne.lv\/index.php\/wp-json\/wp\/v2\/users\/3"}],"replies":[{"embeddable":true,"href":"https:\/\/aluksne.lv\/index.php\/wp-json\/wp\/v2\/comments?post=50420"}],"version-history":[{"count":0,"href":"https:\/\/aluksne.lv\/index.php\/wp-json\/wp\/v2\/posts\/50420\/revisions"}],"wp:featuredmedia":[{"embeddable":true,"href":"https:\/\/aluksne.lv\/index.php\/wp-json\/wp\/v2\/media\/50424"}],"wp:attachment":[{"href":"https:\/\/aluksne.lv\/index.php\/wp-json\/wp\/v2\/media?parent=50420"}],"wp:term":[{"taxonomy":"category","embeddable":true,"href":"https:\/\/aluksne.lv\/index.php\/wp-json\/wp\/v2\/categories?post=50420"},{"taxonomy":"post_tag","embeddable":true,"href":"https:\/\/aluksne.lv\/index.php\/wp-json\/wp\/v2\/tags?post=50420"}],"curies":[{"name":"wp","href":"https:\/\/api.w.org\/{rel}","templated":true}]}}