{"id":50836,"date":"2024-08-05T17:04:04","date_gmt":"2024-08-05T14:04:04","guid":{"rendered":"https:\/\/aluksne.lv\/?p=50836"},"modified":"2024-08-05T17:04:04","modified_gmt":"2024-08-05T14:04:04","slug":"aicina-pieteikties-dalibai-plaujas-svetku-tirdzina","status":"publish","type":"post","link":"https:\/\/aluksne.lv\/index.php\/2024\/08\/05\/aicina-pieteikties-dalibai-plaujas-svetku-tirdzina\/","title":{"rendered":"Aicina pieteikties dal\u012bbai P\u013caujas sv\u0113tku tirdzi\u0146\u0101"},"content":{"rendered":"<div class=\"xdj266r x11i5rnm xat24cr x1mh8g0r x1vvkbs x126k92a\">\n<div dir=\"auto\">Aicin\u0101m m\u0101jra\u017eot\u0101jus, amatniekus, zemniekus, tirgot\u0101jus pieteikties dal\u012bbai tirdzi\u0146\u0101 tradicion\u0101lajos P\u013caujas sv\u0113tkos, kas Viktora \u0136irpa Ates muzej\u0101 notiks 14. septembr\u012b!<br \/>\n<div id=\"attachment_50837\" style=\"width: 810px\" class=\"wp-caption alignright\"><img loading=\"lazy\" decoding=\"async\" aria-describedby=\"caption-attachment-50837\" class=\"size-medium wp-image-50837\" src=\"https:\/\/aluksne.lv\/wp-content\/uploads\/2024\/08\/454206145_961153069147380_7794012434821867334_n-800x509.jpg\" alt=\"\" width=\"800\" height=\"509\" srcset=\"https:\/\/aluksne.lv\/wp-content\/uploads\/2024\/08\/454206145_961153069147380_7794012434821867334_n-800x509.jpg 800w, https:\/\/aluksne.lv\/wp-content\/uploads\/2024\/08\/454206145_961153069147380_7794012434821867334_n-1024x652.jpg 1024w, https:\/\/aluksne.lv\/wp-content\/uploads\/2024\/08\/454206145_961153069147380_7794012434821867334_n-768x489.jpg 768w, https:\/\/aluksne.lv\/wp-content\/uploads\/2024\/08\/454206145_961153069147380_7794012434821867334_n-1536x978.jpg 1536w, https:\/\/aluksne.lv\/wp-content\/uploads\/2024\/08\/454206145_961153069147380_7794012434821867334_n-1170x745.jpg 1170w, https:\/\/aluksne.lv\/wp-content\/uploads\/2024\/08\/454206145_961153069147380_7794012434821867334_n.jpg 2048w\" sizes=\"auto, (max-width: 800px) 100vw, 800px\" \/><p id=\"caption-attachment-50837\" class=\"wp-caption-text\">default<\/p><\/div>\n<\/div>\n<div dir=\"auto\">\u00a0<\/div>\n<div dir=\"auto\">Pieteik\u0161an\u0101s anketa:<\/div>\n<div dir=\"auto\"><span class=\"html-span xdj266r x11i5rnm xat24cr x1mh8g0r xexx8yu x4uap5 x18d9i69 xkhd6sd x1hl2dhg x16tdsg8 x1vvkbs\"><a class=\"x1i10hfl xjbqb8w x1ejq31n xd10rxx x1sy0etr x17r0tee x972fbf xcfux6l x1qhh985 xm0m39n x9f619 x1ypdohk xt0psk2 xe8uvvx xdj266r x11i5rnm xat24cr x1mh8g0r xexx8yu x4uap5 x18d9i69 xkhd6sd x16tdsg8 x1hl2dhg xggy1nq x1a2a7pz x1sur9pj xkrqix3 x1fey0fg\" tabindex=\"0\" role=\"link\" href=\"https:\/\/ej.uz\/tirgus_dalibnieka_anketa_2024?fbclid=IwZXh0bgNhZW0CMTAAAR1mRc4t_SfTqsSC6evnABvYLRLB2EsNmsDixs9-_lybRaD-NpfPVnkbIEM_aem_pugF9rfGVSOmmLkbqiIzYQ\" target=\"_blank\" rel=\"nofollow noopener noreferrer\">https:\/\/ej.uz\/tirgus_dalibnieka_anketa_2024<\/a><\/span><\/div>\n<\/div>\n<div class=\"x11i5rnm xat24cr x1mh8g0r x1vvkbs xtlvy1s x126k92a\">\n<div dir=\"auto\">\u00a0<\/div>\n<div dir=\"auto\">P\u013caujas sv\u0113tku pas\u0101kums ik gadu pulc\u0113 ap 2000 apmekl\u0113t\u0101ju un dal\u012bbnieku. Te var v\u0113rot un piedal\u012bties da\u017e\u0101du lauku s\u0113tas seno darbu dar\u012b\u0161an\u0101, baud\u012bt kult\u016bras programmu, p\u0101rbaud\u012bt savus sp\u0113kus aktivit\u0101t\u0113s, k\u0101 ar\u012b, k\u0101 jau k\u0101rt\u012bg\u0101 rudens ra\u017eas pas\u0101kum\u0101, notiek andel\u0113\u0161an\u0101s amatnieku un m\u0101jra\u017eot\u0101ju tirdzi\u0146\u0101.<\/div>\n<\/div>\n","protected":false},"excerpt":{"rendered":"<p>Aicin\u0101m m\u0101jra\u017eot\u0101jus, amatniekus, zemniekus, tirgot\u0101jus pieteikties dal\u012bbai tirdzi\u0146\u0101 tradicion\u0101lajos P\u013caujas sv\u0113tkos, kas Viktora \u0136irpa Ates muzej\u0101 notiks 14. septembr\u012b! \u00a0 Pieteik\u0161an\u0101s anketa: https:\/\/ej.uz\/tirgus_dalibnieka_anketa_2024 \u00a0 P\u013caujas sv\u0113tku pas\u0101kums ik gadu pulc\u0113 ap 2000 apmekl\u0113t\u0101ju un dal\u012bbnieku. Te var v\u0113rot un piedal\u012bties&#8230;<br \/><a class=\"read-more-button\" href=\"https:\/\/aluksne.lv\/index.php\/2024\/08\/05\/aicina-pieteikties-dalibai-plaujas-svetku-tirdzina\/\">Las\u012bt visu<\/a><\/p>\n","protected":false},"author":3,"featured_media":50837,"comment_status":"closed","ping_status":"open","sticky":false,"template":"","format":"standard","meta":{"_crdt_document":"","_monsterinsights_skip_tracking":false,"_monsterinsights_sitenote_active":false,"_monsterinsights_sitenote_note":"","_monsterinsights_sitenote_category":0,"footnotes":"","_links_to":"","_links_to_target":""},"categories":[9],"tags":[],"class_list":["post-50836","post","type-post","status-publish","format-standard","has-post-thumbnail","hentry","category-noderiga-informacija"],"_links":{"self":[{"href":"https:\/\/aluksne.lv\/index.php\/wp-json\/wp\/v2\/posts\/50836","targetHints":{"allow":["GET"]}}],"collection":[{"href":"https:\/\/aluksne.lv\/index.php\/wp-json\/wp\/v2\/posts"}],"about":[{"href":"https:\/\/aluksne.lv\/index.php\/wp-json\/wp\/v2\/types\/post"}],"author":[{"embeddable":true,"href":"https:\/\/aluksne.lv\/index.php\/wp-json\/wp\/v2\/users\/3"}],"replies":[{"embeddable":true,"href":"https:\/\/aluksne.lv\/index.php\/wp-json\/wp\/v2\/comments?post=50836"}],"version-history":[{"count":0,"href":"https:\/\/aluksne.lv\/index.php\/wp-json\/wp\/v2\/posts\/50836\/revisions"}],"wp:featuredmedia":[{"embeddable":true,"href":"https:\/\/aluksne.lv\/index.php\/wp-json\/wp\/v2\/media\/50837"}],"wp:attachment":[{"href":"https:\/\/aluksne.lv\/index.php\/wp-json\/wp\/v2\/media?parent=50836"}],"wp:term":[{"taxonomy":"category","embeddable":true,"href":"https:\/\/aluksne.lv\/index.php\/wp-json\/wp\/v2\/categories?post=50836"},{"taxonomy":"post_tag","embeddable":true,"href":"https:\/\/aluksne.lv\/index.php\/wp-json\/wp\/v2\/tags?post=50836"}],"curies":[{"name":"wp","href":"https:\/\/api.w.org\/{rel}","templated":true}]}}