{"id":52324,"date":"2024-11-07T08:13:18","date_gmt":"2024-11-07T06:13:18","guid":{"rendered":"https:\/\/aluksne.lv\/?p=52324"},"modified":"2024-11-07T08:13:18","modified_gmt":"2024-11-07T06:13:18","slug":"apstiprina-projekta-pieteikuma-iesniegsanu","status":"publish","type":"post","link":"https:\/\/aluksne.lv\/index.php\/2024\/11\/07\/apstiprina-projekta-pieteikuma-iesniegsanu\/","title":{"rendered":"Apstiprina projekta pieteikuma iesnieg\u0161anu"},"content":{"rendered":"<p><strong>31. oktobr\u012b Al\u016bksnes novada pa\u0161vald\u012bbas dome pie\u0146\u0113ma l\u0113mumu atbalst\u012bt projekta \u201cPiel\u0101go\u0161an\u0101s klimata p\u0101rmai\u0146\u0101m un pl\u016bdu risku mazin\u0101\u0161ana, veicot ilgtsp\u0113j\u012bgas infrastrukt\u016bras izveidi un atjauno\u0161anu Al\u016bksnes pils\u0113t\u0101\u201d pieteikuma iesnieg\u0161anu Centr\u0101laj\u0101 finan\u0161u un l\u012bgumu a\u0123ent\u016br\u0101.<\/strong><\/p>\n<p>&nbsp;<\/p>\n<p>\u00a0Projekta m\u0113r\u0137is ir izveidot ilgtsp\u0113j\u012bgu un klimatnotur\u012bgu infrastrukt\u016bru Al\u016bksn\u0113, lai veicin\u0101tu appl\u016bsto\u0161o ezera krasta teritoriju notur\u012bbu pret klimata p\u0101rmai\u0146\u0101m, mazin\u0101tu krasta eroziju un tai pak\u013caut\u0101s krasta zonas appl\u016b\u0161anas riskus.<\/p>\n<p>&nbsp;<\/p>\n<p>\u00a0Projekt\u0101 paredz\u0113tas \u0161\u0101das darb\u012bbas:<\/p>\n<ul>\n<li>\u016bdens novad\u012b\u0161anas sist\u0113mas atjauno\u0161ana ezera piekrastes zon\u0101 &#8211; pa\u0161vald\u012bbas noz\u012bmes un koplieto\u0161anas \u016bdensnoteku sist\u0113ma;<\/li>\n<li>Al\u016bksnes Mui\u017eas parka teritorij\u0101 eso\u0161o st\u0101d\u012bjumu atjauno\u0161ana un jaunu koku un kr\u016bmu st\u0101d\u012b\u0161ana, Fran\u010du d\u0101rza izveide, to aptvero\u0161\u0101s parka teritorijas st\u0101d\u012bjumu sakop\u0161ana un g\u0101j\u0113ju celi\u0146u ier\u012bko\u0161ana, labiek\u0101rtojums \u2013 elektrot\u012bklu izb\u016bve, apgaismojuma laternu, videonov\u0113ro\u0161anas sist\u0113mas izveide un solu izvieto\u0161ana, apst\u0101d\u012bjumu kastu izvieto\u0161ana pils\u0113tas teritorij\u0101;<\/li>\n<li>ezera piekrastes promen\u0101des izb\u016bve (gar biju\u0161o VEF teritoriju) ar labiek\u0101rtojuma elementiem \u2013 apgaismojums viet\u0101s, kur tas nepiecie\u0161ams, soli\u0146i un atkritumu tvertnes, videonov\u0113ro\u0161anas sist\u0113ma, un eso\u0161u g\u0101j\u0113ju celi\u0146u Temp\u013cakalna park\u0101 atjauno\u0161ana;<\/li>\n<li>Saules tilta atjauno\u0161ana Temp\u013cakalna park\u0101 un Pilssalas tilta remonts, nodro\u0161inot dro\u0161u apmekl\u0113t\u0101ju pl\u016bsmas organiz\u0101ciju.<\/li>\n<\/ul>\n<p>&nbsp;<\/p>\n<p>\u00a0S\u0113d\u0113 apstiprin\u0101tas projekta kop\u0113j\u0101s indikat\u012bv\u0101s izmaksas 2\u00a0823\u00a0529\u00a0EUR apm\u0113r\u0101, taj\u0101 skait\u0101 2\u00a0400\u00a0000\u00a0EUR Eiropas Re\u0123ion\u0101l\u0101s att\u012bst\u012bbas fonda finans\u0113jums un 423\u00a0529 EUR Al\u016bksnes novada pa\u0161vald\u012bbas l\u012bdzfinans\u0113jums. Projekta atbalsta gad\u012bjum\u0101 pa\u0161vald\u012bbas finans\u0113jums tiks paredz\u0113ts no pa\u0161vald\u012bbas 2025., 2026. un 2027.\u00a0gada bud\u017eeta l\u012bdzek\u013ciem. Projekta pl\u0101notais indikat\u012bvais \u012bsteno\u0161anas ilgums &#8211; no 2025. gada j\u016bnija l\u012bdz 2027. gada beig\u0101m.<\/p>\n<p>&nbsp;<\/p>\n<p><em>Evita Aploka,<\/em><br \/>\n<em>Al\u016bksnes novada pa\u0161vald\u012bbas<\/em><br \/>\n<em>Centr\u0101l\u0101s administr\u0101cijas sabiedrisko attiec\u012bbu speci\u0101liste<\/em><\/p>\n","protected":false},"excerpt":{"rendered":"<p>31. oktobr\u012b Al\u016bksnes novada pa\u0161vald\u012bbas dome pie\u0146\u0113ma l\u0113mumu atbalst\u012bt projekta \u201cPiel\u0101go\u0161an\u0101s klimata p\u0101rmai\u0146\u0101m un pl\u016bdu risku mazin\u0101\u0161ana, veicot ilgtsp\u0113j\u012bgas infrastrukt\u016bras izveidi un atjauno\u0161anu Al\u016bksnes pils\u0113t\u0101\u201d pieteikuma iesnieg\u0161anu Centr\u0101laj\u0101 finan\u0161u un l\u012bgumu a\u0123ent\u016br\u0101. &nbsp; \u00a0Projekta m\u0113r\u0137is ir izveidot ilgtsp\u0113j\u012bgu un klimatnotur\u012bgu&#8230;<br \/><a class=\"read-more-button\" href=\"https:\/\/aluksne.lv\/index.php\/2024\/11\/07\/apstiprina-projekta-pieteikuma-iesniegsanu\/\">Las\u012bt visu<\/a><\/p>\n","protected":false},"author":1,"featured_media":0,"comment_status":"closed","ping_status":"open","sticky":false,"template":"","format":"standard","meta":{"_crdt_document":"","_monsterinsights_skip_tracking":false,"_monsterinsights_sitenote_active":false,"_monsterinsights_sitenote_note":"","_monsterinsights_sitenote_category":0,"footnotes":"","_links_to":"","_links_to_target":""},"categories":[9],"tags":[],"class_list":["post-52324","post","type-post","status-publish","format-standard","hentry","category-noderiga-informacija"],"_links":{"self":[{"href":"https:\/\/aluksne.lv\/index.php\/wp-json\/wp\/v2\/posts\/52324","targetHints":{"allow":["GET"]}}],"collection":[{"href":"https:\/\/aluksne.lv\/index.php\/wp-json\/wp\/v2\/posts"}],"about":[{"href":"https:\/\/aluksne.lv\/index.php\/wp-json\/wp\/v2\/types\/post"}],"author":[{"embeddable":true,"href":"https:\/\/aluksne.lv\/index.php\/wp-json\/wp\/v2\/users\/1"}],"replies":[{"embeddable":true,"href":"https:\/\/aluksne.lv\/index.php\/wp-json\/wp\/v2\/comments?post=52324"}],"version-history":[{"count":0,"href":"https:\/\/aluksne.lv\/index.php\/wp-json\/wp\/v2\/posts\/52324\/revisions"}],"wp:attachment":[{"href":"https:\/\/aluksne.lv\/index.php\/wp-json\/wp\/v2\/media?parent=52324"}],"wp:term":[{"taxonomy":"category","embeddable":true,"href":"https:\/\/aluksne.lv\/index.php\/wp-json\/wp\/v2\/categories?post=52324"},{"taxonomy":"post_tag","embeddable":true,"href":"https:\/\/aluksne.lv\/index.php\/wp-json\/wp\/v2\/tags?post=52324"}],"curies":[{"name":"wp","href":"https:\/\/api.w.org\/{rel}","templated":true}]}}