{"id":52565,"date":"2024-12-01T08:52:36","date_gmt":"2024-12-01T06:52:36","guid":{"rendered":"https:\/\/aluksne.lv\/?p=52565"},"modified":"2024-12-12T11:18:28","modified_gmt":"2024-12-12T09:18:28","slug":"pasvaldibas-sarupetas-saldumu-pacinas-mazajiem-novada-iedzivotajiem-3","status":"publish","type":"post","link":"https:\/\/aluksne.lv\/index.php\/2024\/12\/01\/pasvaldibas-sarupetas-saldumu-pacinas-mazajiem-novada-iedzivotajiem-3\/","title":{"rendered":"Pa\u0161vald\u012bbas sar\u016bp\u0113tas saldumu paci\u0146as mazajiem novada iedz\u012bvot\u0101jiem"},"content":{"rendered":"<p><strong><a href=\"https:\/\/aluksne.lv\/wp-content\/uploads\/2024\/11\/LABOTS.png\"><img loading=\"lazy\" decoding=\"async\" class=\" wp-image-52586 alignright\" src=\"https:\/\/aluksne.lv\/wp-content\/uploads\/2024\/11\/LABOTS-1024x1024.png\" alt=\"Pa\u0161vald\u012bbas sar\u016bp\u0113tas saldumu paci\u0146as mazajiem novada iedz\u012bvot\u0101jiem\" width=\"503\" height=\"503\" srcset=\"https:\/\/aluksne.lv\/wp-content\/uploads\/2024\/11\/LABOTS-1024x1024.png 1024w, https:\/\/aluksne.lv\/wp-content\/uploads\/2024\/11\/LABOTS-600x600.png 600w, https:\/\/aluksne.lv\/wp-content\/uploads\/2024\/11\/LABOTS-150x150.png 150w, https:\/\/aluksne.lv\/wp-content\/uploads\/2024\/11\/LABOTS-768x768.png 768w, https:\/\/aluksne.lv\/wp-content\/uploads\/2024\/11\/LABOTS-60x60.png 60w, https:\/\/aluksne.lv\/wp-content\/uploads\/2024\/11\/LABOTS-375x375.png 375w, https:\/\/aluksne.lv\/wp-content\/uploads\/2024\/11\/LABOTS.png 1080w\" sizes=\"auto, (max-width: 503px) 100vw, 503px\" \/><\/a>Al\u016bksnes novada pa\u0161vald\u012bba ar\u012b \u0161ogad r\u016bp\u0113sies par mazajiem novadniekiem, d\u0101vinot Ziemassv\u0113tku saldumu paci\u0146as visiem pirmsskolas vecuma b\u0113rniem, kuri deklar\u0113ti Al\u016bksnes novada teritorij\u0101. Saldumu paci\u0146as paredz\u0113tas b\u0113rniem no dzim\u0161anas l\u012bdz 7 gadu vecumam (ieskaitot), kuri v\u0113l nav s\u0101ku\u0161i skolas gaitas. <\/strong><\/p>\n<p><strong>AL\u016aKSNE &#8211; no 11. l\u012bdz 15. decembrim Al\u016bksnes Kult\u016bras centr\u0101 <\/strong>aicin\u0101m \u00a0Al\u016bksnes teritorij\u0101 deklar\u0113tos pirmsskolas vecuma b\u0113rnus uz tik\u0161anos ar Ziemassv\u0113tku vec\u012bti un vec\u012b\u0161a pal\u012bgiem., lai sa\u0146emtu Ziemassv\u0113tku saldumus. B\u0113rnus aicin\u0101m pieteikt paci\u0146as sa\u0146em\u0161anai (lai vienotos par datumu un laiku) Al\u016bksnes Kult\u016bras centr\u0101 person\u012bgi vai zvanot pa t\u0101lru\u0146iem: 27334489, 26590320 l\u012bdz 6. decembrim.<\/p>\n<p><strong>ALSVI\u0136I, ILZENE &#8211; 22. decembr\u012b 14.00 Alsvi\u0137u kult\u016bras nam\u0101<\/strong>\u00a0Ziemassv\u0113tku jampadracis ar R\u016b\u0137en\u012bti Lul\u016b un vec\u012bti, kur\u0161 nes\u012bs d\u0101vanas Alsvi\u0137u un Ilzenes pagastos \u00a0deklar\u0113tajiem pirmsskolas vecuma b\u0113rniem. \u00a0<\/p>\n<p>Ilzenes pagasta b\u0113rniem tiks nodro\u0161in\u0101ts transports, kam l\u016bgums pieteikties l\u012bdz 16. decembrim pa t\u0101lruni 28330421.<\/p>\n<p>&nbsp;<\/p>\n<p><strong>ANNA, KALNCEMPJI &#8211; <\/strong><strong>22. decembr\u012b 14.00 Annas kult\u016bras nam\u0101<\/strong> sar\u012bkojums \u201cZiemassv\u0113tku br\u012bnumu gaidot\u201d Annas un Kalncempju pagastos deklar\u0113tajiem pirmsskolas vecuma b\u0113rniem ar rota\u013c\u0101m un Ziemassv\u0113tku vec\u012b\u0161a apciemojumu.<\/p>\n<p>Kalncempju pagasta b\u0113rniem tiks nodro\u0161in\u0101ts transports, kam l\u016bgums pieteikties l\u012bdz 10. decembrim pa t\u0101lruni 29495371.<\/p>\n<p>&nbsp;<\/p>\n<p><strong>JAUNAL\u016aKSNE, PEDEDZE<\/strong> &#8211; <strong>21. decembr\u012b 17.00 Kolber\u0123a tautas nam\u0101<\/strong> Ziemassv\u0113tku uzvedums \u201cZiemassv\u0113tku br\u012bnumu gaidot\u201d, pirmsskolas vecuma b\u0113rniem, kuri deklar\u0113ti Jaunal\u016bksnes un Pededzes pagastu teritorij\u0101s.<\/p>\n<p>Pededzes pagasta b\u0113rniem tiks nodro\u0161in\u0101ts transports, kam l\u016bgums pieteikties l\u012bdz 16. decembrim pa t\u0101lruni 29176039.<\/p>\n<p>&nbsp;<\/p>\n<p><strong>JAUNANNA &#8211; 22. decembr\u012b 11.00 Jaunannas tautas nam\u0101<\/strong> sar\u012bkojums \u201cZiemassv\u0113tku br\u012bnumu gaidot\u201d Jaunannas pagast\u0101 deklar\u0113tajiem pirmsskolas vecuma b\u0113rniem ar rota\u013c\u0101m un Ziemassv\u0113tku vec\u012b\u0161a apciemojumu. T\u0101lrunis inform\u0101cijai 29495371.<\/p>\n<p>&nbsp;<\/p>\n<p><strong>JAUNLAICENE, VECLAICENE &#8211; <\/strong><strong>23. decembr\u012b 13.00<\/strong> <strong>Veclaicenes tautas nam\u0101<\/strong>, Ziemassv\u0113tku pas\u0101kums Jaunlaicenes un Veclaicenes pagast\u0101 deklar\u0113tajiem pirmsskolas vecuma b\u0113rniem &#8220;Ziemassv\u0113tki me\u017e\u0101&#8221;, kur b\u0113rni sa\u0146ems ar\u012b sv\u0113tku saldumus no Al\u016bksnes novada pa\u0161vald\u012bbas.<\/p>\n<p>Jaunlaicenes pagasta b\u0113rniem tiks nodro\u0161in\u0101ts transports, kam aicin\u0101m\u00a0 pieteikties l\u012bdz 6. decembra 12.00 Jaunlaicenes bibliot\u0113k\u0101 vai pa t\u0101lruni 27295910.<\/p>\n<p><strong>\u00a0<\/strong><\/p>\n<p><strong>MALIENA &#8211;<\/strong><strong> 21. decembr\u012b <\/strong><strong>14.00 <\/strong><strong>Malienas tautas nam\u0101<\/strong> Ziemassv\u0113tku pas\u0101kums Malienas pagasta pirmsskolas vecuma b\u0113rniem ,,Ziemassv\u0113tku br\u012bnumu gaidot\u201d. Pas\u0101kum\u0101 Malienas pagast\u0101 deklar\u0113tajiem pirmsskolas vecuma b\u0113rniem b\u016bs iesp\u0113ja sa\u0146emt sv\u0113tku saldumus. T\u0101lrunis inform\u0101cijai 26585594.<\/p>\n<p>&nbsp;<\/p>\n<p><strong>M\u0100LUPE &#8211;<\/strong><strong> 21. decembr\u012b <\/strong><strong>11.00 <\/strong><strong>M\u0101lupes Saieta nam\u0101<\/strong> Ziemassv\u0113tku pas\u0101kums M\u0101lupes pagasta pirmsskolas vecuma b\u0113rniem ,,Ziemassv\u0113tku br\u012bnumu gaidot\u201d. Pas\u0101kuma laik\u0101 M\u0101lupes pagast\u0101 deklar\u0113tajiem pirmsskolas vecuma b\u0113rniem b\u016bs iesp\u0113ja sa\u0146em sv\u0113tku saldumus. T\u0101lrunis inform\u0101cijai 26585594.<\/p>\n<p><strong>M\u0100RKALNE &#8211; 15. decembr\u012b 14.00<\/strong> <strong>M\u0101rkalnes tautas nam\u0101 <\/strong>aicin\u0101m M\u0101rkalnes pagasta<strong>\u00a0\u00a0<\/strong>pirmsskolas vecuma b\u0113rnus uz Ziemassv\u0113tku uzvedumu \u2013 rota\u013cu programmu \u201cZiemassv\u0113tku br\u012bnumu gaidot\u201d. Sagaid\u012bsim ar\u012b Ziemassv\u0113tku vec\u012bti ar saldumu d\u0101vani\u0146u pirmsskolas vecuma b\u0113rniem, kuri deklar\u0113ti M\u0101rkalnes pagast\u0101. Pas\u0101kumu laipni aicin\u0101ti apmekl\u0113t visi m\u0101rkalnie\u0161i. T\u0101lrunis inform\u0101cijai \u00a029327853.<\/p>\n<p><strong>LIEPNA &#8211; <\/strong><strong>21. decembr\u012b. 12.00 \u00a0Liepnas tautas nam\u0101<\/strong> Ziemassv\u0113tku egl\u012bte \u00a0pirmsskolas vecuma b\u0113rniem \u201cAtver durvis br\u012bnumam\u201d. Kop\u0101 ar r\u016b\u0137iem, vecm\u0101mi\u0146u un pasaku t\u0113liem gaid\u012bsim pa\u0161u Ziemassv\u0113tku vec\u012bti.<\/p>\n<p><strong>ZIEMERI &#8211;<\/strong> <strong>15. decembr\u012b 11.00<\/strong> <strong>M\u0101ri\u0146kalna tautas nam\u0101 <\/strong>aicin\u0101m Ziemera pagasta<strong>\u00a0\u00a0<\/strong>pirmsskolas vecuma b\u0113rnus uz Ziemassv\u0113tku uzvedumu \u2013 rota\u013cu programmu \u201cZiemassv\u0113tku br\u012bnumu gaidot\u201d. Sagaid\u012bsim ar\u012b Ziemassv\u0113tku vec\u012bti ar saldumu d\u0101vani\u0146u pirmsskolas vecuma b\u0113rniem, kas deklar\u0113ti Ziemera pagast\u0101. Pas\u0101kumu laipni aicin\u0101ti apmekl\u0113t visi ziemerie\u0161i. T\u0101lrunis inform\u0101cijai\u00a0 29327853.<\/p>\n<p><strong>ZELTI\u0145I &#8211; <\/strong><strong>21. decembr\u012b no 13.00\u00a0 <\/strong>R\u016b\u0137is apciemos Zelti\u0146u pagast\u0101 deklar\u0113tos pirmsskolas vecuma b\u0113rnus. Vec\u0101kiem l\u016bgums b\u0113rnus pieteikt l\u012bdz 10. decembrim, zvanot pa t\u0101lruni 29492284.<\/p>\n<p>Ja k\u0101dam no b\u0113rniem \u00a0nav iesp\u0113jas apmekl\u0113t pas\u0101kumu, l\u016bgums sazin\u0101ties ar konkr\u0113t\u0101s teritorijas kult\u016bras darba speci\u0101listu vai Al\u016bksnes novada Kult\u016bras centru pa t\u0101lruni 64322105, vai savstarp\u0113ji vienojoties, \u010daklais Ziemassv\u0113tku vec\u012b\u0161a R\u016b\u0137is cent\u012bsies nog\u0101d\u0101t saldumu paci\u0146as uz konkr\u0113tu adresi.<\/p>\n<p>&nbsp;<\/p>\n<p><em>Sagatavoja:<\/em><br \/>\n<em>Iveta Balt\u0101 &#8211; Vanaga<\/em><br \/>\n<em>Al\u016bksnes Kult\u016bras centra sabiedrisko attiec\u012bbu speci\u0101liste<\/em><\/p>\n","protected":false},"excerpt":{"rendered":"<p>Al\u016bksnes novada pa\u0161vald\u012bba ar\u012b \u0161ogad r\u016bp\u0113sies par mazajiem novadniekiem, d\u0101vinot Ziemassv\u0113tku saldumu paci\u0146as visiem pirmsskolas vecuma b\u0113rniem, kuri deklar\u0113ti Al\u016bksnes novada teritorij\u0101. Saldumu paci\u0146as paredz\u0113tas b\u0113rniem no dzim\u0161anas l\u012bdz 7 gadu vecumam (ieskaitot), kuri v\u0113l nav s\u0101ku\u0161i skolas gaitas. AL\u016aKSNE&#8230;<br \/><a class=\"read-more-button\" href=\"https:\/\/aluksne.lv\/index.php\/2024\/12\/01\/pasvaldibas-sarupetas-saldumu-pacinas-mazajiem-novada-iedzivotajiem-3\/\">Las\u012bt visu<\/a><\/p>\n","protected":false},"author":1,"featured_media":52586,"comment_status":"closed","ping_status":"open","sticky":false,"template":"","format":"standard","meta":{"_crdt_document":"","_monsterinsights_skip_tracking":false,"_monsterinsights_sitenote_active":false,"_monsterinsights_sitenote_note":"","_monsterinsights_sitenote_category":0,"footnotes":"","_links_to":"","_links_to_target":""},"categories":[6],"tags":[],"class_list":["post-52565","post","type-post","status-publish","format-standard","has-post-thumbnail","hentry","category-aktuali"],"_links":{"self":[{"href":"https:\/\/aluksne.lv\/index.php\/wp-json\/wp\/v2\/posts\/52565","targetHints":{"allow":["GET"]}}],"collection":[{"href":"https:\/\/aluksne.lv\/index.php\/wp-json\/wp\/v2\/posts"}],"about":[{"href":"https:\/\/aluksne.lv\/index.php\/wp-json\/wp\/v2\/types\/post"}],"author":[{"embeddable":true,"href":"https:\/\/aluksne.lv\/index.php\/wp-json\/wp\/v2\/users\/1"}],"replies":[{"embeddable":true,"href":"https:\/\/aluksne.lv\/index.php\/wp-json\/wp\/v2\/comments?post=52565"}],"version-history":[{"count":0,"href":"https:\/\/aluksne.lv\/index.php\/wp-json\/wp\/v2\/posts\/52565\/revisions"}],"wp:featuredmedia":[{"embeddable":true,"href":"https:\/\/aluksne.lv\/index.php\/wp-json\/wp\/v2\/media\/52586"}],"wp:attachment":[{"href":"https:\/\/aluksne.lv\/index.php\/wp-json\/wp\/v2\/media?parent=52565"}],"wp:term":[{"taxonomy":"category","embeddable":true,"href":"https:\/\/aluksne.lv\/index.php\/wp-json\/wp\/v2\/categories?post=52565"},{"taxonomy":"post_tag","embeddable":true,"href":"https:\/\/aluksne.lv\/index.php\/wp-json\/wp\/v2\/tags?post=52565"}],"curies":[{"name":"wp","href":"https:\/\/api.w.org\/{rel}","templated":true}]}}