{"id":55224,"date":"2025-04-28T11:38:48","date_gmt":"2025-04-28T08:38:48","guid":{"rendered":"https:\/\/aluksne.lv\/?p=55224"},"modified":"2025-05-05T12:24:02","modified_gmt":"2025-05-05T09:24:02","slug":"svinot-latvijas-neatkaribas-atjaunosanas-dienu-4-maija-aluksnes-kulturas-centra-pasniegs-pasvaldibas-apbalvojumus-pagodinajums-un-zelta-bite","status":"publish","type":"post","link":"https:\/\/aluksne.lv\/index.php\/2025\/04\/28\/svinot-latvijas-neatkaribas-atjaunosanas-dienu-4-maija-aluksnes-kulturas-centra-pasniegs-pasvaldibas-apbalvojumus-pagodinajums-un-zelta-bite\/","title":{"rendered":"Svinot Latvijas Neatkar\u012bbas atjauno\u0161anas dienu, 4. maij\u0101 Al\u016bksnes Kult\u016bras centr\u0101 pasniegs pa\u0161vald\u012bbas apbalvojumus \u201cPagodin\u0101jums\u201d un \u201cZelta bite\u201d"},"content":{"rendered":"<p><strong><a href=\"https:\/\/aluksne.lv\/wp-content\/uploads\/2025\/04\/4.-maijs-2.png\"><img loading=\"lazy\" decoding=\"async\" class=\" wp-image-55225 alignright\" src=\"https:\/\/aluksne.lv\/wp-content\/uploads\/2025\/04\/4.-maijs-2-724x1024.png\" alt=\"Svinot Latvijas Neatkar\u012bbas atjauno\u0161anas dienu, 4. maij\u0101 Al\u016bksnes Kult\u016bras centr\u0101 pasniegs pa\u0161vald\u012bbas apbalvojumus \u201cPagodin\u0101jums\u201d un \u201cZelta bite\u201d\" width=\"530\" height=\"750\" srcset=\"https:\/\/aluksne.lv\/wp-content\/uploads\/2025\/04\/4.-maijs-2-724x1024.png 724w, https:\/\/aluksne.lv\/wp-content\/uploads\/2025\/04\/4.-maijs-2-424x600.png 424w, https:\/\/aluksne.lv\/wp-content\/uploads\/2025\/04\/4.-maijs-2-768x1086.png 768w, https:\/\/aluksne.lv\/wp-content\/uploads\/2025\/04\/4.-maijs-2-1086x1536.png 1086w, https:\/\/aluksne.lv\/wp-content\/uploads\/2025\/04\/4.-maijs-2-1170x1655.png 1170w, https:\/\/aluksne.lv\/wp-content\/uploads\/2025\/04\/4.-maijs-2.png 1414w\" sizes=\"auto, (max-width: 530px) 100vw, 530px\" \/><\/a>4. maij\u0101, svinot Latvijas Neatkar\u012bbas atjauno\u0161anas 35. gadadienu, pulksten 16.00 Al\u016bksnes Kult\u016bras centr\u0101 notiks pas\u0101kums \u201cSt\u0101sts par mums pa\u0161iem\u201d, kas patiesi b\u016bs st\u0101sts gan par \u012bpa\u0161iem cilv\u0113kiem, kuri \u0161aj\u0101 dien\u0101 sa\u0146ems pa\u0161vald\u012bbas apbalvojumus, gan par tiem Al\u016bksnes novada kolekt\u012bviem un to dal\u012bbniekiem, kuri \u0161aj\u0101 sv\u0113tku dien\u0101 priec\u0113s apmekl\u0113t\u0101jus ar priek\u0161nesumiem.<\/strong><\/p>\n<p><strong>\u00a0<\/strong>Al\u016bksnes novada pa\u0161vald\u012bbas apbalvojumu \u201cPagodin\u0101jums\u201d Latvijas neatkar\u012bbas atjauno\u0161anas 35. gadadien\u0101 sa\u0146ems izgl\u012bt\u012bbas un kult\u016bras nozaru darbinieki, uz\u0146\u0113m\u0113ji un sportisti, kurus apbalvo\u0161anai pieteiku\u0161i iedz\u012bvot\u0101ji.<\/p>\n<p>&nbsp;<\/p>\n<p><strong><u>Apbalvojums \u201cPagodin\u0101jums izgl\u012bt\u012bb\u0101\u201d:<\/u><\/strong><\/p>\n<ul>\n<li>Al\u016bksnes B\u0113rnu un jaunie\u0161u centra intere\u0161u izgl\u012bt\u012bbas programmas \u201cImproviz\u0101cijas te\u0101tra studija \u201cProfitro\u013ci\u201d\u201d skolot\u0101jai Agitai L\u012bdumniecei,<\/li>\n<li>Al\u016bksnes M\u016bzikas skolas sitaminstrumentu sp\u0113les izgl\u012bt\u012bbas programmas vad\u012bt\u0101jam M\u0101rcim Kalni\u0146am,<\/li>\n<li>Al\u016bksnes vidusskolas dizaina un tehnolo\u0123iju skolot\u0101jai Ilzei Eglei.<\/li>\n<\/ul>\n<p>&nbsp;<\/p>\n<p><strong><u>Apbalvojums \u201cPagodin\u0101jums uz\u0146\u0113m\u0113jdarb\u012bb\u0101\u201d:<\/u><\/strong><\/p>\n<ul>\n<li>sabiedr\u012bbai ar ierobe\u017eotu atbild\u012bbu \u201cOzolm\u0101jas\u201d (valdes priek\u0161s\u0113d\u0113t\u0101js Viktors Dubovs),<\/li>\n<li>sabiedr\u012bbai ar ierobe\u017eotu atbild\u012bbu \u201cZZ Wood Works\u201d (valdes loceklis Ivars Zaharenoks).<\/li>\n<\/ul>\n<p>&nbsp;<\/p>\n<p><strong><u>Apbalvojums \u201cPagodin\u0101jums kult\u016br\u0101\u201d:<\/u><\/strong><\/p>\n<ul>\n<li>Jaunal\u016bksnes pagasta jaukt\u0101 kora \u201cEzerl\u0101se\u201d diri\u0123entei Ingr\u012bdai Pilskalnei.\n<\/li>\n<\/ul>\n<p><strong><u>Apbalvojums \u201cPagodin\u0101jums sport\u0101\u201d:<\/u><\/strong><\/p>\n<ul>\n<li>Zigurda Kalni\u0146a un Ren\u0101ra Salaka rallija ekip\u0101\u017eai.\n<\/li>\n<\/ul>\n<p>Sv\u0113tku pas\u0101kum\u0101 Al\u016bksnes novada pa\u0161vald\u012bba pasniegs ar\u012b apbalvojumu <strong><u>\u201cGada balva \u201cZelta bite\u201d<\/u><\/strong> pieciem pa\u0161vald\u012bbas iest\u0101\u017eu darbiniekiem, kurus apbalvo\u0161anai virz\u012bju\u0161i iest\u0101\u017eu vad\u012bt\u0101ji un pa\u0161vald\u012bbas vad\u012bba:<\/p>\n<ul>\n<li>Centr\u0101l\u0101s administr\u0101cijas Gr\u0101matved\u012bbas algu gr\u0101matvedei Egitai Krilei,<\/li>\n<li>Al\u016bksnes pirmsskolas izgl\u012bt\u012bbas iest\u0101des \u201cSpr\u012bd\u012btis\u201d \u0161efpav\u0101rei Larisai Petrosjanai,<\/li>\n<li>pa\u0161vald\u012bbas iest\u0101des \u201cSpodra\u201d me\u017ezinim \u0100rim Kreicim,<\/li>\n<li>pa\u0161vald\u012bbas iest\u0101des \u201cSpodra\u201d d\u0101rzniecei Inesei P\u0101sai,<\/li>\n<li>Al\u016bksnes novada Soci\u0101lo lietu p\u0101rvaldes soci\u0101l\u0101s apr\u016bpes centra \u201cP\u012bl\u0101d\u017ei\u201d soci\u0101lajai darbiniecei Ievai Vimbai.<\/li>\n<\/ul>\n<p>Pas\u0101kum\u0101 piedal\u012bsies Al\u016bksnes M\u016bzikas skolas jaun\u0101ko kla\u0161u kokl\u0113t\u0101ju ansamblis un vec\u0101ko kla\u0161u un pedagogu kokl\u0113t\u0101ju ansamblis (vad\u012bt\u0101ja Inga Kalni\u0146a), Jaunlaicenes pagasta folkloras kopa \u201cPutnis\u201d (vad\u012bt\u0101ja Inga Kalni\u0146a), Ziemera pagasta folkloras kopa (vad\u012bt\u0101ja Ilze Briedi\u0146a), Ziemera pamatskolas folkloras kopas \u201cDr\u012bveldre\u0137i\u201d dal\u012bbnieki (vad\u012bt\u0101ja Inga \u0100rste). Pas\u0101kumu vad\u012bs Ernsta Glika Al\u016bksnes Valsts \u0123imn\u0101zijas audz\u0113k\u0146i Kri\u0161j\u0101nis Zadumins un Dominika Medne.<\/p>\n<p>Svin\u0113sim Latvijas Neatkar\u012bbas atjauno\u0161anas 35. gadadienu kop\u0101!<\/p>\n<p><em>SAGATAVOJA: Evita APLOKA,<\/em><br \/>\n<em>Al\u016bksnes novada pa\u0161vald\u012bbas<\/em><br \/>\n<em>Centr\u0101l\u0101s administr\u0101cijas sabiedrisko attiec\u012bbu speci\u0101liste<\/em><\/p>\n","protected":false},"excerpt":{"rendered":"<p>4. maij\u0101, svinot Latvijas Neatkar\u012bbas atjauno\u0161anas 35. gadadienu, pulksten 16.00 Al\u016bksnes Kult\u016bras centr\u0101 notiks pas\u0101kums \u201cSt\u0101sts par mums pa\u0161iem\u201d, kas patiesi b\u016bs st\u0101sts gan par \u012bpa\u0161iem cilv\u0113kiem, kuri \u0161aj\u0101 dien\u0101 sa\u0146ems pa\u0161vald\u012bbas apbalvojumus, gan par tiem Al\u016bksnes novada kolekt\u012bviem un&#8230;<br \/><a class=\"read-more-button\" href=\"https:\/\/aluksne.lv\/index.php\/2025\/04\/28\/svinot-latvijas-neatkaribas-atjaunosanas-dienu-4-maija-aluksnes-kulturas-centra-pasniegs-pasvaldibas-apbalvojumus-pagodinajums-un-zelta-bite\/\">Las\u012bt visu<\/a><\/p>\n","protected":false},"author":1,"featured_media":55225,"comment_status":"closed","ping_status":"open","sticky":false,"template":"","format":"standard","meta":{"_crdt_document":"","_monsterinsights_skip_tracking":false,"_monsterinsights_sitenote_active":false,"_monsterinsights_sitenote_note":"","_monsterinsights_sitenote_category":0,"footnotes":"","_links_to":"","_links_to_target":""},"categories":[9],"tags":[],"class_list":["post-55224","post","type-post","status-publish","format-standard","has-post-thumbnail","hentry","category-noderiga-informacija"],"_links":{"self":[{"href":"https:\/\/aluksne.lv\/index.php\/wp-json\/wp\/v2\/posts\/55224","targetHints":{"allow":["GET"]}}],"collection":[{"href":"https:\/\/aluksne.lv\/index.php\/wp-json\/wp\/v2\/posts"}],"about":[{"href":"https:\/\/aluksne.lv\/index.php\/wp-json\/wp\/v2\/types\/post"}],"author":[{"embeddable":true,"href":"https:\/\/aluksne.lv\/index.php\/wp-json\/wp\/v2\/users\/1"}],"replies":[{"embeddable":true,"href":"https:\/\/aluksne.lv\/index.php\/wp-json\/wp\/v2\/comments?post=55224"}],"version-history":[{"count":0,"href":"https:\/\/aluksne.lv\/index.php\/wp-json\/wp\/v2\/posts\/55224\/revisions"}],"wp:featuredmedia":[{"embeddable":true,"href":"https:\/\/aluksne.lv\/index.php\/wp-json\/wp\/v2\/media\/55225"}],"wp:attachment":[{"href":"https:\/\/aluksne.lv\/index.php\/wp-json\/wp\/v2\/media?parent=55224"}],"wp:term":[{"taxonomy":"category","embeddable":true,"href":"https:\/\/aluksne.lv\/index.php\/wp-json\/wp\/v2\/categories?post=55224"},{"taxonomy":"post_tag","embeddable":true,"href":"https:\/\/aluksne.lv\/index.php\/wp-json\/wp\/v2\/tags?post=55224"}],"curies":[{"name":"wp","href":"https:\/\/api.w.org\/{rel}","templated":true}]}}