{"id":57063,"date":"2025-08-08T11:30:04","date_gmt":"2025-08-08T08:30:04","guid":{"rendered":"https:\/\/aluksne.lv\/?p=57063"},"modified":"2025-08-08T11:30:04","modified_gmt":"2025-08-08T08:30:04","slug":"stajusies-speka-grozijumi-aluksnes-novada-pasvaldibas-nolikuma","status":"publish","type":"post","link":"https:\/\/aluksne.lv\/index.php\/2025\/08\/08\/stajusies-speka-grozijumi-aluksnes-novada-pasvaldibas-nolikuma\/","title":{"rendered":"St\u0101ju\u0161ies sp\u0113k\u0101 groz\u012bjumi Al\u016bksnes novada pa\u0161vald\u012bbas nolikum\u0101"},"content":{"rendered":"<p><strong>6. august\u0101 sp\u0113k\u0101 st\u0101ju\u0161ies groz\u012bjumi pa\u0161vald\u012bbas saisto\u0161ajos noteikumos \u201cAl\u016bksnes novada pa\u0161vald\u012bbas nolikums\u201d.<\/strong><\/p>\n<p>&nbsp;<\/p>\n<p>Groz\u012bjumi nolikum\u0101 nosaka, ka turpm\u0101k domes priek\u0161s\u0113d\u0113t\u0101jam b\u016bs divi vietnieki &#8211; vietnieks tautsaimniec\u012bbas jaut\u0101jumos un vietnieks soci\u0101los, izgl\u012bt\u012bbas un kult\u016bras jaut\u0101jumos (amata nosaukums main\u012bts no l\u012bdz\u0161in\u0113j\u0101 nosaukuma \u201cvietnieks att\u012bst\u012bbas un invest\u012bciju piesaistes jaut\u0101jumos\u201d). T\u0101pat nolikums papildin\u0101ts ar normu, kas nosaka komisiju pilnvaru termi\u0146u.<\/p>\n<p>&nbsp;<\/p>\n<p>\u0145emot v\u0113r\u0101 domes pie\u0146emtos l\u0113mumus, kas saist\u012bti ar \u012bstenojam\u0101m izmai\u0146\u0101m izgl\u012bt\u012bbas iest\u0101\u017eu t\u012bkl\u0101, no nolikuma iz\u0146emta Al\u016bksnes vidusskola, k\u0101 ar\u012b Jaunal\u016bksnes pirmsskolas izgl\u012bt\u012bbas iest\u0101de \u201cP\u016bc\u012bte\u201d, ko paredz\u0113ts pievienot Al\u016bksnes pirmsskolas izgl\u012bt\u012bbas iest\u0101dei \u201cPienen\u012bte\u201d.<\/p>\n<p>&nbsp;<\/p>\n<p>Nolikums papildin\u0101ts ar punktu, kas, atbilsto\u0161i no \u0161\u012b gada maija sp\u0113k\u0101 eso\u0161ajiem groz\u012bjumiem likum\u0101 \u201cPar intere\u0161u konflikta nov\u0113r\u0161anu valsts amatpersonu darb\u012bb\u0101\u201d, turpm\u0101k noteiks, ka domes priek\u0161s\u0113d\u0113t\u0101js sniedz rakstveida at\u013cauju amatu savieno\u0161anai valsts amatpersonai, kuru iec\u0113lusi, iev\u0113l\u0113jusi vai apstiprin\u0101jusi amat\u0101 dome, iz\u0146emot, ja at\u013cauja nepiecie\u0161ama domes priek\u0161s\u0113d\u0113t\u0101jam, vietniekam, pa\u0161vald\u012bbas izpilddirektoram &#8211; \u0161\u0101dos gad\u012bjumos rakstveida at\u013cauju sniegs pa\u0161vald\u012bbas dome.<\/p>\n<p>&nbsp;<\/p>\n<p>Al\u016bksnes novada pa\u0161vald\u012bbas domes saisto\u0161o noteikumu Nr. 14\/2025 \u201cGroz\u012bjumi Al\u016bksnes novada pa\u0161vald\u012bbas domes 2023. gada 30. marta saisto\u0161ajos noteikumos Nr.\u00a02\/2023 \u201cAl\u016bksnes novada pa\u0161vald\u012bbas nolikums\u201d\u201d ofici\u0101l\u0101 publik\u0101cija izdevuma \u201cLatvijas V\u0113stnesis\u201d 5. augusta <a href=\"https:\/\/www.vestnesis.lv\/op\/2025\/148.2\">laidien\u0101 Nr. 148<\/a>, k\u0101 ar\u012b vietn\u0113 <a href=\"https:\/\/likumi.lv\/ta\/id\/362274\">www.likumi.lv<\/a> un pa\u0161vald\u012bbas t\u012bmek\u013cvietn\u0113 <a href=\"https:\/\/aluksne.lv\/index.php\/pasvaldiba\/dokumenti\/saistosie-noteikumi\/\">www.aluksne.lv<\/a>.<\/p>\n<p>&nbsp;<\/p>\n<p><em>SAGATAVOJA: Evita APLOKA,<\/em><br \/>\n<em>Al\u016bksnes novada pa\u0161vald\u012bbas<\/em><br \/>\n<em>Centr\u0101l\u0101s administr\u0101cijas sabiedrisko attiec\u012bbu speci\u0101liste<\/em><\/p>\n","protected":false},"excerpt":{"rendered":"<p>6. august\u0101 sp\u0113k\u0101 st\u0101ju\u0161ies groz\u012bjumi pa\u0161vald\u012bbas saisto\u0161ajos noteikumos \u201cAl\u016bksnes novada pa\u0161vald\u012bbas nolikums\u201d. &nbsp; Groz\u012bjumi nolikum\u0101 nosaka, ka turpm\u0101k domes priek\u0161s\u0113d\u0113t\u0101jam b\u016bs divi vietnieki &#8211; vietnieks tautsaimniec\u012bbas jaut\u0101jumos un vietnieks soci\u0101los, izgl\u012bt\u012bbas un kult\u016bras jaut\u0101jumos (amata nosaukums main\u012bts no l\u012bdz\u0161in\u0113j\u0101 nosaukuma&#8230;<br \/><a class=\"read-more-button\" href=\"https:\/\/aluksne.lv\/index.php\/2025\/08\/08\/stajusies-speka-grozijumi-aluksnes-novada-pasvaldibas-nolikuma\/\">Las\u012bt visu<\/a><\/p>\n","protected":false},"author":1,"featured_media":0,"comment_status":"closed","ping_status":"open","sticky":false,"template":"","format":"standard","meta":{"_crdt_document":"","_monsterinsights_skip_tracking":false,"_monsterinsights_sitenote_active":false,"_monsterinsights_sitenote_note":"","_monsterinsights_sitenote_category":0,"footnotes":"","_links_to":"","_links_to_target":""},"categories":[9],"tags":[],"class_list":["post-57063","post","type-post","status-publish","format-standard","hentry","category-noderiga-informacija"],"_links":{"self":[{"href":"https:\/\/aluksne.lv\/index.php\/wp-json\/wp\/v2\/posts\/57063","targetHints":{"allow":["GET"]}}],"collection":[{"href":"https:\/\/aluksne.lv\/index.php\/wp-json\/wp\/v2\/posts"}],"about":[{"href":"https:\/\/aluksne.lv\/index.php\/wp-json\/wp\/v2\/types\/post"}],"author":[{"embeddable":true,"href":"https:\/\/aluksne.lv\/index.php\/wp-json\/wp\/v2\/users\/1"}],"replies":[{"embeddable":true,"href":"https:\/\/aluksne.lv\/index.php\/wp-json\/wp\/v2\/comments?post=57063"}],"version-history":[{"count":0,"href":"https:\/\/aluksne.lv\/index.php\/wp-json\/wp\/v2\/posts\/57063\/revisions"}],"wp:attachment":[{"href":"https:\/\/aluksne.lv\/index.php\/wp-json\/wp\/v2\/media?parent=57063"}],"wp:term":[{"taxonomy":"category","embeddable":true,"href":"https:\/\/aluksne.lv\/index.php\/wp-json\/wp\/v2\/categories?post=57063"},{"taxonomy":"post_tag","embeddable":true,"href":"https:\/\/aluksne.lv\/index.php\/wp-json\/wp\/v2\/tags?post=57063"}],"curies":[{"name":"wp","href":"https:\/\/api.w.org\/{rel}","templated":true}]}}