{"id":60692,"date":"2026-02-18T09:14:51","date_gmt":"2026-02-18T07:14:51","guid":{"rendered":"https:\/\/aluksne.lv\/?p=60692"},"modified":"2026-02-18T09:15:13","modified_gmt":"2026-02-18T07:15:13","slug":"finansu-komitejas-19-02-2026-sedes-darba-kartiba","status":"publish","type":"post","link":"https:\/\/aluksne.lv\/index.php\/2026\/02\/18\/finansu-komitejas-19-02-2026-sedes-darba-kartiba\/","title":{"rendered":"Finan\u0161u komitejas 19.02.2026. s\u0113des darba k\u0101rt\u012bba"},"content":{"rendered":"<p><strong>19.02.2026., plkst. 10:00<\/strong><br \/>\n<strong>D\u0101rza iel\u0101 11, Al\u016bksn\u0113, Al\u016bksnes novad\u0101 z\u0101l\u0113 1.st\u0101v\u0101<\/strong><\/p>\n<p><strong>Darba k\u0101rt\u012bb\u0101:<\/strong><br \/>\n0. Par darba k\u0101rt\u012bbu.<br \/>\n1. Par Al\u016bksnes novada pa\u0161vald\u012bbas nekustam\u0101 \u012bpa\u0161uma \u00bd dom\u0101jam\u0101s da\u013cas Valkas iel\u0101 20, Al\u016bksn\u0113, Al\u016bksnes novad\u0101 atsavin\u0101\u0161anu.<br \/>\n2. Par nekustam\u0101 \u012bpa\u0161uma \u201cSeda 2\u201d &#8211; 6, Liepn\u0101, Liepnas pagast\u0101, Al\u016bksnes novad\u0101 atsavin\u0101\u0161anu.<br \/>\n3. Par nekustam\u0101 \u012bpa\u0161uma \u201cMelnupes\u201d &#8211; 5, Zelti\u0146os, Zelti\u0146u pagast\u0101, Al\u016bksnes novad\u0101 atsavin\u0101\u0161anu.<br \/>\n4. Par nekustam\u0101 \u012bpa\u0161uma \u201cT\u0113rces\u201d &#8211; 23, Zelti\u0146os, Zelti\u0146u pagast\u0101, Al\u016bksnes novad\u0101 atsavin\u0101\u0161anu.<br \/>\n5. Par nekustam\u0101 \u012bpa\u0161uma Tor\u0146a iel\u0101 9-24, Al\u016bksn\u0113, Al\u016bksnes novad\u0101 atsavin\u0101\u0161anu.<br \/>\n6. Par nekustam\u0101 \u012bpa\u0161uma Tor\u0146a iel\u0101 7-1, Al\u016bksn\u0113, Al\u016bksnes novad\u0101 atsavin\u0101\u0161anu.<br \/>\n7. Par Al\u016bksnes novada pa\u0161vald\u012bbas nekustam\u0101 \u012bpa\u0161uma \u201cVilk\u0101beles\u201d, Zelti\u0146u pagast\u0101, Al\u016bksnes novad\u0101 atsavin\u0101\u0161anu.<br \/>\n8. Par Al\u016bksnes novada pa\u0161vald\u012bbas nekustam\u0101 \u012bpa\u0161uma \u201cEzeri\u0146i\u201d, Zelti\u0146u pagast\u0101, Al\u016bksnes novad\u0101 atsavin\u0101\u0161anu.<br \/>\n9. Par zemes nodo\u0161anu \u012bpa\u0161um\u0101 bez atl\u012bdz\u012bbas.<br \/>\n10. Par zemes nodo\u0161anu \u012bpa\u0161um\u0101 bez atl\u012bdz\u012bbas.<br \/>\n11. Par nomas maksas noteik\u0161anu Al\u016bksnes novada pa\u0161vald\u012bbas nedz\u012bvojamai telpai Liel\u0101 Ezera iel\u0101 24, Al\u016bksn\u0113, Al\u016bksnes novad\u0101.<br \/>\n12. Par Invest\u012bciju pl\u0101na 2022.-2027. gadam aktualiz\u0113\u0161anu.<br \/>\n13. Par projektu \u201cPa\u0161vald\u012bbas noz\u012bmes koplieto\u0161anas melior\u0101cijas novadgr\u0101vju atjauno\u0161ana\u201d.<br \/>\n14. Par Al\u016bksnes novada pagastu apvien\u012bbas p\u0101rvades infrastrukt\u016bras uzlabo\u0161anas projektu.<br \/>\n15. Par apb\u016bves ties\u012bbas pie\u0146em\u0161anu.<br \/>\n16. Par groz\u012bjumu Al\u016bksnes novada pa\u0161vald\u012bbas domes 23.12.2025. l\u0113mum\u0101 Nr. 383 \u201cPar amata viet\u0101m un atl\u012bdz\u012bbu Centr\u0101laj\u0101 administr\u0101cij\u0101\u201d.<br \/>\n17. Par groz\u012bjumiem Al\u016bksnes novada pa\u0161vald\u012bbas domes 23.12.2025. l\u0113mum\u0101 Nr. 387 \u201cPar amata viet\u0101m un atl\u012bdz\u012bbu Al\u016bksnes novada pagastu apvien\u012bbas p\u0101rvald\u0113\u201d .<br \/>\n18. Par izmai\u0146\u0101m Zemes lietu komisijas person\u0101lsast\u0101v\u0101.<br \/>\n19. Par izmai\u0146\u0101m Zemes lietu komisijas person\u0101lsast\u0101v\u0101.<br \/>\n20. Par saisto\u0161o noteikumu Nr. ___\/2026 \u201cGroz\u012bjumi Al\u016bksnes novada pa\u0161vald\u012bbas domes 2025. gada 19. j\u016bnija saisto\u0161ajos noteikumos Nr. 12\/2025 \u201cPar pa\u0161vald\u012bbas l\u012bdzfinans\u0113jumu kult\u016bras pieminek\u013cu un v\u0113sturisko b\u016bvju saglab\u0101\u0161anai Al\u016bksnes novad\u0101\u201d\u201d izdo\u0161anu.<\/p>\n","protected":false},"excerpt":{"rendered":"<p>19.02.2026., plkst. 10:00 D\u0101rza iel\u0101 11, Al\u016bksn\u0113, Al\u016bksnes novad\u0101 z\u0101l\u0113 1.st\u0101v\u0101 Darba k\u0101rt\u012bb\u0101: 0. Par darba k\u0101rt\u012bbu. 1. Par Al\u016bksnes novada pa\u0161vald\u012bbas nekustam\u0101 \u012bpa\u0161uma \u00bd dom\u0101jam\u0101s da\u013cas Valkas iel\u0101 20, Al\u016bksn\u0113, Al\u016bksnes novad\u0101 atsavin\u0101\u0161anu. 2. Par nekustam\u0101 \u012bpa\u0161uma \u201cSeda 2\u201d&#8230;<br \/><a class=\"read-more-button\" href=\"https:\/\/aluksne.lv\/index.php\/2026\/02\/18\/finansu-komitejas-19-02-2026-sedes-darba-kartiba\/\">Las\u012bt visu<\/a><\/p>\n","protected":false},"author":1,"featured_media":0,"comment_status":"closed","ping_status":"open","sticky":false,"template":"","format":"standard","meta":{"_crdt_document":"","_monsterinsights_skip_tracking":false,"_monsterinsights_sitenote_active":false,"_monsterinsights_sitenote_note":"","_monsterinsights_sitenote_category":0,"footnotes":"","_links_to":"","_links_to_target":""},"categories":[9],"tags":[],"class_list":["post-60692","post","type-post","status-publish","format-standard","hentry","category-noderiga-informacija"],"_links":{"self":[{"href":"https:\/\/aluksne.lv\/index.php\/wp-json\/wp\/v2\/posts\/60692","targetHints":{"allow":["GET"]}}],"collection":[{"href":"https:\/\/aluksne.lv\/index.php\/wp-json\/wp\/v2\/posts"}],"about":[{"href":"https:\/\/aluksne.lv\/index.php\/wp-json\/wp\/v2\/types\/post"}],"author":[{"embeddable":true,"href":"https:\/\/aluksne.lv\/index.php\/wp-json\/wp\/v2\/users\/1"}],"replies":[{"embeddable":true,"href":"https:\/\/aluksne.lv\/index.php\/wp-json\/wp\/v2\/comments?post=60692"}],"version-history":[{"count":1,"href":"https:\/\/aluksne.lv\/index.php\/wp-json\/wp\/v2\/posts\/60692\/revisions"}],"predecessor-version":[{"id":60693,"href":"https:\/\/aluksne.lv\/index.php\/wp-json\/wp\/v2\/posts\/60692\/revisions\/60693"}],"wp:attachment":[{"href":"https:\/\/aluksne.lv\/index.php\/wp-json\/wp\/v2\/media?parent=60692"}],"wp:term":[{"taxonomy":"category","embeddable":true,"href":"https:\/\/aluksne.lv\/index.php\/wp-json\/wp\/v2\/categories?post=60692"},{"taxonomy":"post_tag","embeddable":true,"href":"https:\/\/aluksne.lv\/index.php\/wp-json\/wp\/v2\/tags?post=60692"}],"curies":[{"name":"wp","href":"https:\/\/api.w.org\/{rel}","templated":true}]}}