{"id":61411,"date":"2026-03-16T08:13:25","date_gmt":"2026-03-16T06:13:25","guid":{"rendered":"https:\/\/aluksne.lv\/?p=61411"},"modified":"2026-03-16T11:16:14","modified_gmt":"2026-03-16T09:16:14","slug":"2026-gada-4-aprili-plkst-11-00-pasakuma-ottes-lieldienas-aicinam-uz-izstades-baltuma-modies-pavasaris-atklasanu","status":"publish","type":"post","link":"https:\/\/aluksne.lv\/index.php\/2026\/03\/16\/2026-gada-4-aprili-plkst-11-00-pasakuma-ottes-lieldienas-aicinam-uz-izstades-baltuma-modies-pavasaris-atklasanu\/","title":{"rendered":"4. apr\u012bl\u012b aicin\u0101m uz izst\u0101des \u201cBaltum\u0101 modies pavasaris\u201d atkl\u0101\u0161anu"},"content":{"rendered":"<p><strong><img loading=\"lazy\" decoding=\"async\" class=\" wp-image-61412 alignright\" src=\"https:\/\/aluksne.lv\/wp-content\/uploads\/2026\/03\/Izstade-Baltuma-modies-pavasaris-724x1024.jpg\" alt=\"Izst\u0101des plak\u0101ts &quot;BALTUM\u0100 MODES PAVASARIS&quot; no Viktora Kirpa Ates muzeja &quot;Vidzemes lauku s\u0113ta&quot;. Plak\u0101t\u0101 redzams balts, iz\u0161\u016bts audums ar ziedu mot\u012bvu uz abstrakta gleznas fona ar ziliem, za\u013ciem un baltiem kr\u0101su triepieniem. Teksts: &quot;Muzeja kr\u0101jum\u0101 glab\u0101to balto rokdarbu un m\u0101kslinieces Maijas Graudi\u0146as gleznu izst\u0101de&quot;. Atkl\u0101\u0161ana 04.01.2026. PLKST. 11.00. Izst\u0101de apskat\u0101ma l\u012bdz 06.06.2026.\" width=\"512\" height=\"724\" srcset=\"https:\/\/aluksne.lv\/wp-content\/uploads\/2026\/03\/Izstade-Baltuma-modies-pavasaris-724x1024.jpg 724w, https:\/\/aluksne.lv\/wp-content\/uploads\/2026\/03\/Izstade-Baltuma-modies-pavasaris-424x600.jpg 424w, https:\/\/aluksne.lv\/wp-content\/uploads\/2026\/03\/Izstade-Baltuma-modies-pavasaris-768x1086.jpg 768w, https:\/\/aluksne.lv\/wp-content\/uploads\/2026\/03\/Izstade-Baltuma-modies-pavasaris-1086x1536.jpg 1086w, https:\/\/aluksne.lv\/wp-content\/uploads\/2026\/03\/Izstade-Baltuma-modies-pavasaris-1170x1655.jpg 1170w, https:\/\/aluksne.lv\/wp-content\/uploads\/2026\/03\/Izstade-Baltuma-modies-pavasaris.jpg 1414w\" sizes=\"auto, (max-width: 512px) 100vw, 512px\" \/>Izst\u0101de \u201cBaltum\u0101 modies pavasaris\u201d apvieno Viktora \u0136irpa Ates muzeja \u201cVidzemes lauku s\u0113ta\u201d kr\u0101jum\u0101 glab\u0101tos baltos rokdarbus un m\u0101kslinieces Maijas Graudi\u0146as gleznas, veidojot st\u0101stu par darba tikumu, gaismu un kr\u0101saino dabas atmodu. <\/strong><\/p>\n<p>Balt\u0101 kr\u0101sa latvie\u0161u kult\u016br\u0101 simboliz\u0113 gaismu, Sauli un debesu diev\u012bbu pasauli. T\u0101 apz\u012bm\u0113 ar\u012b \u0161\u0137\u012bst\u012bbu, tikum\u012bbu un ritu\u0101lo t\u012br\u012bbu. T\u0101p\u0113c balts t\u0113rps, baltas rokas un balti raksti rokdarbu trad\u012bcij\u0101s saist\u012bti ar t\u012br\u012bbu, sv\u0113tumu un atdzim\u0161anu.<\/p>\n<p>Viktora \u0136irpa Ates muzeja \u201cVidzemes lauku s\u0113ta\u201d kr\u0101jum\u0101 glab\u0101jas vair\u0101ki desmiti balto rokdarbu, kas atkl\u0101j latvie\u0161u tradicion\u0101lo kult\u016bru un rokdarbu prasmes. Smalkie iz\u0161uvumi, tambor\u0113jumi, ad\u012bjumi un austie darbi rad\u012bti no lina, kokvilnas un vilnas pavedieniem, veidojot smalkus rakstus, kuros rokdarbnie\u010du meistar\u012bba materi\u0101la t\u012braj\u0101 baltum\u0101 k\u013c\u016bst par galveno izteiksmes l\u012bdzekli. \u0160ie priek\u0161meti st\u0101sta ne tikai par est\u0113tiku un r\u016bp\u012bgu roku darbu, bet ar\u012b par cilv\u0113kiem, kas tos darin\u0101ju\u0161i \u2013 Kalncempju pagasta un t\u0101 apk\u0101rtnes sieviet\u0113m, kuru prasmes un zin\u0101\u0161anas nodotas no paaudzes paaudz\u0113. Baltie rokdarbi glab\u0101 st\u0101stus par m\u0101jas skaistumu, p\u016bra gatavo\u0161anu, sv\u0113tku reiz\u0113m un ikdienas dz\u012bves rit\u0113jumu, k\u013c\u016bstot par noz\u012bm\u012bgu viet\u0113j\u0101 kult\u016bras mantojuma da\u013cu.<\/p>\n<p>Savuk\u0101rt m\u0101kslinieces Maijas Graudi\u0146as gleznas izst\u0101d\u0113 ien\u0101k k\u0101 pasaul\u012bg\u0101 kr\u0101su un gaismas v\u0113sma. Vi\u0146as kr\u0101sainie, maig\u0101s noska\u0146\u0101s veidotie darbi balt\u0101 rokdarbu vid\u0113 ienes pavasara kl\u0101tb\u016btni \u2013 k\u0101 br\u012bdi, kad p\u0113c klus\u0101 ziemas baltuma dab\u0101 par\u0101d\u0101s pirm\u0101s kr\u0101sas, gaisma un dz\u012bv\u012bba.<\/p>\n<p>Sav\u0101 glezniec\u012bb\u0101 m\u0101ksliniece piev\u0113r\u0161as dabas mot\u012bviem un cilv\u0113ka portretam, p\u0113tot cilv\u0113ka un dabas savstarp\u0113jo saikni. Vi\u0146u interes\u0113 br\u012bdis, kur\u0101 cilv\u0113ks un vide satiekas \u2013 gan fiziski, gan emocion\u0101li. Dabas deta\u013cas, gaisma, fakt\u016bras un noska\u0146as k\u013c\u016bst par l\u012bdzv\u0113rt\u012bgiem st\u0101sta dal\u012bbniekiem l\u012bdz\u0101s cilv\u0113ka kl\u0101tb\u016btnei. Rado\u0161ais process m\u0101ksliniecei bie\u017ei l\u012bdzin\u0101s pasl\u0113p\u0113m. Dodoties dab\u0101 vai v\u0113rojot cilv\u0113ku, vi\u0146a iepriek\u0161 nezina, ko tie\u0161i atkl\u0101s \u2013 jaunu formu, gaismas niansi vai attiec\u012bbas starp fig\u016bru un vidi. \u0160\u012b mekl\u0113\u0161anas un atkl\u0101\u0161anas saj\u016bta ir b\u016btiska vi\u0146as glezniec\u012bbas da\u013ca. Darbi top k\u0101 vizu\u0101li nov\u0113rojumi un vienlaikus k\u0101 iek\u0161\u0113jas pieredzes atspogu\u013cojums. Tajos m\u0101ksliniece cen\u0161as notvert trauslo robe\u017eu starp cilv\u0113ku un dabu \u2013 vietu, kur abas pasaules satiekas, ietekm\u0113 viena otru un veido kop\u012bgu telpu.<\/p>\n<p>Maija Graudi\u0146a ir m\u0101ksliniece un m\u0101kslas ma\u0123istre. Ikdien\u0101 vi\u0146a str\u0101d\u0101 k\u0101 grafisk\u0101 dizainere, pie\u0161\u0137irot ikdienas liet\u0101m vizu\u0101lu skaidr\u012bbu, est\u0113tiku un st\u0101stu.<\/p>\n<p>Viktora \u0136irpa Ates muzeja \u201cVidzemes lauku s\u0113ta\u201d izst\u0101d\u0113 \u201cBaltum\u0101 modies pavasaris\u201d t\u012br\u0101, skaidr\u0101 un mierpiln\u0101 baltum\u0101 ien\u0101k pavasaris, cer\u012bba un atdzim\u0161ana. Baltie rokdarbi un m\u0101kslinieces Maijas Graudi\u0146as kr\u0101sainie darbi savstarp\u0113j\u0101 dialog\u0101 atkl\u0101j dabas un cilv\u0113ka pasaules nep\u0101rtraukto atjauno\u0161anos un tiek\u0161anos pret\u012b gaismai.<\/p>\n<p>Izst\u0101de b\u016bs skat\u0101ma l\u012bdz 2026. gada 6. j\u016bnijam.<\/p>\n<p>Dal\u012bbas maksa \u2013 ieeja muzej\u0101: pieaugu\u0161ajiem \u2013 3,50 EUR, senioriem \u2013 2,50 EUR, skol\u0113niem un studentiem \u2013 2,00 EUR.<\/p>\n<p>&nbsp;<\/p>\n<p>Viktora \u0136irpa Ates muzeja \u201cVidzemes lauku s\u0113ta\u201d kr\u0101jums raksturo 19. gadsimta beigu un 20. gadsimta periodu, akcent\u0113jot latvisko identit\u0101ti, kur darba tikums, m\u012blest\u012bba pret savu zemi un trad\u012bcijas ir cilv\u0113ka dz\u012bves ritms, goda lieta un paaud\u017eu p\u0101rmantots sp\u0113ks. Br\u012bvdabas muzejs pied\u0101v\u0101 iepaz\u012bt 11 autentiskas \u0113kas Vidzemes lauku s\u0113t\u0101. Muzeja unik\u0101l\u0101 v\u0113rt\u012bba ir Latvijas br\u012bvvalsts laik\u0101 ikdien\u0101 darbin\u0101t\u0101 tehnika, zirgu invent\u0101rs, iek\u0161dedzes motori, amatnieku r\u012bki un citi darba priek\u0161meti. Da\u013cu no tiem apmekl\u0113t\u0101ji var izm\u0113\u0123in\u0101t darb\u012bb\u0101, \u012bpa\u0161i, tradicion\u0101lajos P\u013caujas sv\u0113tkos, katru gadu septembra otraj\u0101 sestdien\u0101. Ekspoz\u012bcija st\u0101sta par zemnieku ikdienu \u2013 sadz\u012bvi, darbu, trad\u012bcij\u0101m, politiskiem notikumiem, kult\u016bru, izgl\u012bt\u012bbu, sportu un reli\u0123iju. Muzejs atspogu\u013co ar\u012b Kalncempju pagasta un t\u0101 apk\u0101rtn\u0113 dzimu\u0161o novadnieku dz\u012bvi un rado\u0161o darb\u012bbu. Muzejs atkl\u0101ts 1985. gad\u0101. T\u0101 izveides iniciat\u012bva pieder kalncempietim Viktoram \u0136irpam. Par \u0161o ieguld\u012bjumu 1996. gad\u0101 vi\u0146\u0161 apbalvots ar Triju Zvaig\u017e\u0146u ordeni.<\/p>\n","protected":false},"excerpt":{"rendered":"<p>Izst\u0101de \u201cBaltum\u0101 modies pavasaris\u201d apvieno Viktora \u0136irpa Ates muzeja \u201cVidzemes lauku s\u0113ta\u201d kr\u0101jum\u0101 glab\u0101tos baltos rokdarbus un m\u0101kslinieces Maijas Graudi\u0146as gleznas, veidojot st\u0101stu par darba tikumu, gaismu un kr\u0101saino dabas atmodu. Balt\u0101 kr\u0101sa latvie\u0161u kult\u016br\u0101 simboliz\u0113 gaismu, Sauli un debesu&#8230;<br \/><a class=\"read-more-button\" href=\"https:\/\/aluksne.lv\/index.php\/2026\/03\/16\/2026-gada-4-aprili-plkst-11-00-pasakuma-ottes-lieldienas-aicinam-uz-izstades-baltuma-modies-pavasaris-atklasanu\/\">Las\u012bt visu<\/a><\/p>\n","protected":false},"author":1,"featured_media":61412,"comment_status":"closed","ping_status":"open","sticky":false,"template":"","format":"standard","meta":{"_crdt_document":"","_monsterinsights_skip_tracking":false,"_monsterinsights_sitenote_active":false,"_monsterinsights_sitenote_note":"","_monsterinsights_sitenote_category":0,"footnotes":"","_links_to":"","_links_to_target":""},"categories":[9],"tags":[],"class_list":["post-61411","post","type-post","status-publish","format-standard","has-post-thumbnail","hentry","category-noderiga-informacija"],"_links":{"self":[{"href":"https:\/\/aluksne.lv\/index.php\/wp-json\/wp\/v2\/posts\/61411","targetHints":{"allow":["GET"]}}],"collection":[{"href":"https:\/\/aluksne.lv\/index.php\/wp-json\/wp\/v2\/posts"}],"about":[{"href":"https:\/\/aluksne.lv\/index.php\/wp-json\/wp\/v2\/types\/post"}],"author":[{"embeddable":true,"href":"https:\/\/aluksne.lv\/index.php\/wp-json\/wp\/v2\/users\/1"}],"replies":[{"embeddable":true,"href":"https:\/\/aluksne.lv\/index.php\/wp-json\/wp\/v2\/comments?post=61411"}],"version-history":[{"count":3,"href":"https:\/\/aluksne.lv\/index.php\/wp-json\/wp\/v2\/posts\/61411\/revisions"}],"predecessor-version":[{"id":61426,"href":"https:\/\/aluksne.lv\/index.php\/wp-json\/wp\/v2\/posts\/61411\/revisions\/61426"}],"wp:featuredmedia":[{"embeddable":true,"href":"https:\/\/aluksne.lv\/index.php\/wp-json\/wp\/v2\/media\/61412"}],"wp:attachment":[{"href":"https:\/\/aluksne.lv\/index.php\/wp-json\/wp\/v2\/media?parent=61411"}],"wp:term":[{"taxonomy":"category","embeddable":true,"href":"https:\/\/aluksne.lv\/index.php\/wp-json\/wp\/v2\/categories?post=61411"},{"taxonomy":"post_tag","embeddable":true,"href":"https:\/\/aluksne.lv\/index.php\/wp-json\/wp\/v2\/tags?post=61411"}],"curies":[{"name":"wp","href":"https:\/\/api.w.org\/{rel}","templated":true}]}}