{"id":62367,"date":"2026-04-29T10:28:28","date_gmt":"2026-04-29T07:28:28","guid":{"rendered":"https:\/\/aluksne.lv\/?p=62367"},"modified":"2026-04-29T10:33:29","modified_gmt":"2026-04-29T07:33:29","slug":"sakas-francu-ainavu-stila-darza-ierikosana-aluksne","status":"publish","type":"post","link":"https:\/\/aluksne.lv\/index.php\/2026\/04\/29\/sakas-francu-ainavu-stila-darza-ierikosana-aluksne\/","title":{"rendered":"S\u0101kas fran\u010du ainavu stila d\u0101rza ier\u012bko\u0161ana Al\u016bksn\u0113"},"content":{"rendered":"<p><strong><a href=\"https:\/\/aluksne.lv\/wp-content\/uploads\/2026\/04\/francu_darzs.jpg\"><img loading=\"lazy\" decoding=\"async\" class=\"alignright wp-image-62368\" src=\"https:\/\/aluksne.lv\/wp-content\/uploads\/2026\/04\/francu_darzs-1024x576.jpg\" alt=\"S\u0101kas fran\u010du ainavu stila d\u0101rza ier\u012bko\u0161ana Al\u016bksn\u0113\" width=\"515\" height=\"290\" srcset=\"https:\/\/aluksne.lv\/wp-content\/uploads\/2026\/04\/francu_darzs-1024x576.jpg 1024w, https:\/\/aluksne.lv\/wp-content\/uploads\/2026\/04\/francu_darzs-800x450.jpg 800w, https:\/\/aluksne.lv\/wp-content\/uploads\/2026\/04\/francu_darzs-768x432.jpg 768w, https:\/\/aluksne.lv\/wp-content\/uploads\/2026\/04\/francu_darzs-1536x864.jpg 1536w, https:\/\/aluksne.lv\/wp-content\/uploads\/2026\/04\/francu_darzs-1170x658.jpg 1170w, https:\/\/aluksne.lv\/wp-content\/uploads\/2026\/04\/francu_darzs.jpg 1920w\" sizes=\"auto, (max-width: 515px) 100vw, 515px\" \/><\/a>Al\u016bksn\u0113, pie v\u0113sturisk\u0101s ieejas mui\u017eas park\u0101, Oj\u0101ra V\u0101cie\u0161a iel\u0101 1, s\u0101kas darbi, lai izveidotu d\u0101rzu fran\u010du ainavu stil\u0101, sakoptu to aptvero\u0161os st\u0101d\u012bjumus un ier\u012bkotu g\u0101j\u0113ju celi\u0146us.<\/strong><\/p>\n<p>Fran\u010du ainavu stila d\u0101rzs ir baroka parka izplat\u012bt\u0101kais paveids. Tas ir \u0123eometriski pl\u0101nots, t\u0101 st\u0101d\u012bjumi, kr\u016bmi, koki veidoti \u0123eometrisk\u0101s form\u0101s. Kompoz\u012bcijas pamat\u0101 ir proporcionalit\u0101te un kompoz\u012bcijas skaidr\u012bba. \u0160\u0101da stila d\u0101rzus visbie\u017e\u0101k var v\u0113rot da\u017e\u0101du kult\u016brv\u0113sturisku \u0113ku parkos, tostarp, Rund\u0101les pils park\u0101. Al\u016bksnes mui\u017eas parka izp\u0113te liecina, ka s\u0101kotn\u0113ji ar\u012b \u0161eit parks pie mui\u017eas \u0113kas veidots regul\u0101r\u0101 fran\u010du d\u0101rza stil\u0101.<\/p>\n<p>Jaunais d\u0101rzs paredz\u0113ts k\u0101 regul\u0101ra pl\u0101nojuma d\u0101rzs ar vair\u0101kst\u0101vu kokaugu, ko\u0161umkr\u016bmu un pu\u0137u st\u0101d\u012bjumiem un g\u0101j\u0113ju celi\u0146iem. Tas raksturos savu priek\u0161teci \u2013 fran\u010du d\u0101rzu, kas 18. gadsimta beig\u0101s atrad\u0101s parka ieejas da\u013c\u0101 pret\u012b nu jau zudu\u0161ajai Ozolkoka pilij. Jaunie g\u0101j\u0113ju celi\u0146i iek\u013causies kop\u0113j\u0101 parka celi\u0146u strukt\u016br\u0101, nodro\u0161inot labiek\u0101rtojam\u0101s teritorijas sasaisti ar p\u0101r\u0113jo parku.<\/p>\n<p>D\u0101rza regul\u0101ro pl\u0101nojumu veidos vair\u0101kas garenejas un \u0161\u0137\u0113rsejas, k\u0101 ar\u012b simetriski izk\u0101rtotas, dz\u012bv\u017eoga ieskautas pu\u0137u dobes ar dekorat\u012bviem ko\u0161umkr\u016bmu, lapu koku un cirptu skuje\u0146u st\u0101d\u012bjumiem. L\u012bdztekus paredz\u0113ta ar\u012b d\u0101rzu aptvero\u0161\u0101s parka teritorijas st\u0101d\u012bjumu un koku sakop\u0161ana.<\/p>\n<p>Centr\u0101laj\u0101 dob\u0113 vertik\u0101lajam akcentam paredz\u0113ts agri ziedo\u0161ais \u0137irsis, koku apdob\u0113s pavasar\u012b zied\u0113s s\u012bpolpu\u0137es. D\u0101rza centr\u0101l\u0101 da\u013ca b\u016bs akcent\u0113ta ar da\u017e\u0101du \u0161\u0137ir\u0146u ro\u017eu st\u0101d\u012bjumu. \u010cetru kr\u0101su rozes d\u0101rza centr\u0101 simboliz\u0113s Latvijas \u010detrus gadalaikus. Ro\u017eu st\u0101d\u012bjumu kr\u0101s\u0101m b\u016bs pak\u0101rtota piegu\u013co\u0161o ziemcie\u0161u dobes to\u0146u kompoz\u012bcija. P\u0101r\u0113jo centr\u0101lajai da\u013cai pak\u0101rtoto dobju sortiments b\u016bs veidots no ziemciet\u0113m un vasaras pu\u0137\u0113m. Vertik\u0101lo akcentu p\u0101r\u0113j\u0101m dob\u0113m pie\u0161\u0137irs cirpti un veidoti t\u016bju koci\u0146i.<\/p>\n<p>Teritorijas labiek\u0101rtojumam paredz\u0113ts izb\u016bv\u0113t elektrot\u012bklus un uzst\u0101d\u012bt apgaismojuma laternas, bet dro\u0161\u012bbai &#8211;\u00a0 izb\u016bv\u0113t videonov\u0113ro\u0161anas sist\u0113mu un uzst\u0101d\u012bt video nov\u0113ro\u0161anas kameras.<\/p>\n<p>Fran\u010du d\u0101rza izveide ir viena no vair\u0101k\u0101m aktivit\u0101t\u0113m Al\u016bksnes novada pa\u0161vald\u012bbas \u012bstenotaj\u0101 Eiropas Savien\u012bbas projekt\u0101 \u201cPiel\u0101go\u0161an\u0101s klimata p\u0101rmai\u0146\u0101m un pl\u016bdu risku mazin\u0101\u0161ana, veicot ilgtsp\u0113j\u012bgas infrastrukt\u016bras izveidi un atjauno\u0161anu Al\u016bksnes pils\u0113t\u0101\u201d. Parkiem pils\u0113t\u0101 ir b\u016btiska loma &#8211; tie iev\u0113rojami uzlabo iedz\u012bvot\u0101ju dz\u012bves kvalit\u0101ti. Za\u013c\u0101s teritorijas pal\u012bdz samazin\u0101t gaisa temperat\u016bru karstuma vi\u013c\u0146u laik\u0101, veidojot pat\u012bkam\u0101ku mikroklimatu un mazinot t\u0101 saukto \u201csiltuma salas\u201d efektu. Koki un augi absorb\u0113 oglek\u013ca dioks\u012bdu, att\u012bra gaisu no pies\u0101r\u0146ojuma un uzlabo kop\u0113jo vides kvalit\u0101ti. Turkl\u0101t parki veicina biolo\u0123isko daudzveid\u012bbu, nodro\u0161ina vietu rekre\u0101cijai un fizisk\u0101m aktivit\u0101t\u0113m, k\u0101 ar\u012b pozit\u012bvi ietekm\u0113 sabiedr\u012bbas vesel\u012bbu un labb\u016bt\u012bbu. Ilgtsp\u0113j\u012bgi att\u012bst\u012bti parki k\u013c\u016bst par noz\u012bm\u012bgu instrumentu pils\u0113tu notur\u012bbas stiprin\u0101\u0161an\u0101 pret klimata p\u0101rmai\u0146u rad\u012btajiem izaicin\u0101jumiem.<\/p>\n<p>Projekta darb\u012bbu paredz\u0113ts \u012bstenot, iev\u0113rojot tr\u012bs Jaun\u0101 Eiropas \u201cBauhaus\u201d principus: est\u0113tika, ilgtsp\u0113ja, iek\u013caut\u012bba, tai skait\u0101, nodro\u0161inot projekta iek\u013cau\u0161anos apk\u0101rt\u0113j\u0101 ainav\u0101, dab\u0101 balst\u012bto risin\u0101jumu, univers\u0101l\u0101 dizaina principu iev\u0113ro\u0161anu.\u00a0<\/p>\n<p>Darbus paredz\u0113ts veikt atbilsto\u0161i SIA \u201cARHITEKTA L. \u0160MITA DARBN\u012aCA\u201d 2020.\u00a0gad\u0101 izstr\u0101d\u0101tajiem b\u016bvprojektiem. B\u016bvdarbus veiks SIA \u201cSmart Energy\u201d, b\u016bvdarbu izmaksas 208\u00a0882,96 EUR, bez PVN. B\u016bvuzraudz\u012bbu nodro\u0161in\u0101s SIA \u201cMar\u010duks\u201d. B\u016bvdarbu izpildes termi\u0146\u0161 ir se\u0161i m\u0113ne\u0161i. Projektu vada Al\u016bksnes novada pa\u0161vald\u012bbas Centr\u0101l\u0101s administr\u0101cijas Att\u012bst\u012bbas noda\u013cas projektu vad\u012bt\u0101ja El\u012bna Birzniece.<\/p>\n<p style=\"text-align: center;\"><a href=\"https:\/\/aluksne.lv\/wp-content\/uploads\/2026\/04\/5-no-gaisa-ezera-puse-kopija.png\"><img loading=\"lazy\" decoding=\"async\" class=\"wp-image-62370 aligncenter\" src=\"https:\/\/aluksne.lv\/wp-content\/uploads\/2026\/04\/5-no-gaisa-ezera-puse-kopija-1024x648.png\" alt=\"Fran\u010du d\u0101rzs, vizualiz\u0101cija\" width=\"737\" height=\"467\" srcset=\"https:\/\/aluksne.lv\/wp-content\/uploads\/2026\/04\/5-no-gaisa-ezera-puse-kopija-1024x648.png 1024w, https:\/\/aluksne.lv\/wp-content\/uploads\/2026\/04\/5-no-gaisa-ezera-puse-kopija-800x507.png 800w, https:\/\/aluksne.lv\/wp-content\/uploads\/2026\/04\/5-no-gaisa-ezera-puse-kopija-768x486.png 768w, https:\/\/aluksne.lv\/wp-content\/uploads\/2026\/04\/5-no-gaisa-ezera-puse-kopija.png 1036w\" sizes=\"auto, (max-width: 737px) 100vw, 737px\" \/><\/a><img loading=\"lazy\" decoding=\"async\" class=\"alignnone  wp-image-56445\" src=\"https:\/\/aluksne.lv\/wp-content\/uploads\/2025\/07\/ESlogo.jpg\" alt=\"ES logo\" width=\"459\" height=\"198\" srcset=\"https:\/\/aluksne.lv\/wp-content\/uploads\/2025\/07\/ESlogo.jpg 1024w, https:\/\/aluksne.lv\/wp-content\/uploads\/2025\/07\/ESlogo-800x345.jpg 800w, https:\/\/aluksne.lv\/wp-content\/uploads\/2025\/07\/ESlogo-768x332.jpg 768w\" sizes=\"auto, (max-width: 459px) 100vw, 459px\" \/><\/p>\n<p>VIZUALIZ\u0100CIJA: SIA \u201cARHITEKTA L. \u0160MITA DARBN\u012aCA\u201d<br \/>\nFOTO: Jurijs DROZDOVS<br \/>\nTEKSTS: Evita APLOKA,<br \/>\nAl\u016bksnes novada pa\u0161vald\u012bbas<br \/>\nCentr\u0101l\u0101s administr\u0101cijas sabiedrisko attiec\u012bbu speci\u0101liste<\/p>\n","protected":false},"excerpt":{"rendered":"<p>Al\u016bksn\u0113, pie v\u0113sturisk\u0101s ieejas mui\u017eas park\u0101, Oj\u0101ra V\u0101cie\u0161a iel\u0101 1, s\u0101kas darbi, lai izveidotu d\u0101rzu fran\u010du ainavu stil\u0101, sakoptu to aptvero\u0161os st\u0101d\u012bjumus un ier\u012bkotu g\u0101j\u0113ju celi\u0146us. Fran\u010du ainavu stila d\u0101rzs ir baroka parka izplat\u012bt\u0101kais paveids. Tas ir \u0123eometriski pl\u0101nots, t\u0101&#8230;<br \/><a class=\"read-more-button\" href=\"https:\/\/aluksne.lv\/index.php\/2026\/04\/29\/sakas-francu-ainavu-stila-darza-ierikosana-aluksne\/\">Las\u012bt visu<\/a><\/p>\n","protected":false},"author":1,"featured_media":62370,"comment_status":"closed","ping_status":"open","sticky":false,"template":"","format":"standard","meta":{"_crdt_document":"","_monsterinsights_skip_tracking":false,"_monsterinsights_sitenote_active":false,"_monsterinsights_sitenote_note":"","_monsterinsights_sitenote_category":0,"footnotes":"","_links_to":"","_links_to_target":""},"categories":[9],"tags":[],"class_list":["post-62367","post","type-post","status-publish","format-standard","has-post-thumbnail","hentry","category-noderiga-informacija"],"_links":{"self":[{"href":"https:\/\/aluksne.lv\/index.php\/wp-json\/wp\/v2\/posts\/62367","targetHints":{"allow":["GET"]}}],"collection":[{"href":"https:\/\/aluksne.lv\/index.php\/wp-json\/wp\/v2\/posts"}],"about":[{"href":"https:\/\/aluksne.lv\/index.php\/wp-json\/wp\/v2\/types\/post"}],"author":[{"embeddable":true,"href":"https:\/\/aluksne.lv\/index.php\/wp-json\/wp\/v2\/users\/1"}],"replies":[{"embeddable":true,"href":"https:\/\/aluksne.lv\/index.php\/wp-json\/wp\/v2\/comments?post=62367"}],"version-history":[{"count":4,"href":"https:\/\/aluksne.lv\/index.php\/wp-json\/wp\/v2\/posts\/62367\/revisions"}],"predecessor-version":[{"id":62374,"href":"https:\/\/aluksne.lv\/index.php\/wp-json\/wp\/v2\/posts\/62367\/revisions\/62374"}],"wp:featuredmedia":[{"embeddable":true,"href":"https:\/\/aluksne.lv\/index.php\/wp-json\/wp\/v2\/media\/62370"}],"wp:attachment":[{"href":"https:\/\/aluksne.lv\/index.php\/wp-json\/wp\/v2\/media?parent=62367"}],"wp:term":[{"taxonomy":"category","embeddable":true,"href":"https:\/\/aluksne.lv\/index.php\/wp-json\/wp\/v2\/categories?post=62367"},{"taxonomy":"post_tag","embeddable":true,"href":"https:\/\/aluksne.lv\/index.php\/wp-json\/wp\/v2\/tags?post=62367"}],"curies":[{"name":"wp","href":"https:\/\/api.w.org\/{rel}","templated":true}]}}