{"id":62409,"date":"2026-04-29T15:30:37","date_gmt":"2026-04-29T12:30:37","guid":{"rendered":"https:\/\/aluksne.lv\/?p=62409"},"modified":"2026-04-29T15:30:37","modified_gmt":"2026-04-29T12:30:37","slug":"aicinam-uz-saimnieka-un-saimnieces-dienu-mates-dienas-noskanas-kopigi-veidosim-auglu-darzu-viktora-kirpa-ates-muzeja-vidzemes-lauku-seta","status":"publish","type":"post","link":"https:\/\/aluksne.lv\/index.php\/2026\/04\/29\/aicinam-uz-saimnieka-un-saimnieces-dienu-mates-dienas-noskanas-kopigi-veidosim-auglu-darzu-viktora-kirpa-ates-muzeja-vidzemes-lauku-seta\/","title":{"rendered":"Aicin\u0101m uz Saimnieka un Saimnieces dienu \u2013 M\u0101tes dienas noska\u0146\u0101s kop\u012bgi veidosim aug\u013cu d\u0101rzu Viktora \u0136irpa Ates muzej\u0101 \u201cVidzemes lauku s\u0113ta\u201d!"},"content":{"rendered":"<p><strong><img loading=\"lazy\" decoding=\"async\" class=\"wp-image-62410 alignright\" src=\"https:\/\/aluksne.lv\/wp-content\/uploads\/2026\/04\/Saimnieka-un-Saimnieces-dienu-\u2013-Mates-dienas-noskanas-kopigi-veidosim-augl.a-1-724x1024.jpg\" alt=\"Aicin\u0101m uz Saimnieka un Saimnieces dienu \u2013 M\u0101tes dienas noska\u0146\u0101s kop\u012bgi veidosim aug\u013cu d\u0101rzu Viktora \u0136irpa Ates muzej\u0101 \u201cVidzemes lauku s\u0113ta\u201d!\" width=\"535\" height=\"756\" srcset=\"https:\/\/aluksne.lv\/wp-content\/uploads\/2026\/04\/Saimnieka-un-Saimnieces-dienu-\u2013-Mates-dienas-noskanas-kopigi-veidosim-augl.a-1-724x1024.jpg 724w, https:\/\/aluksne.lv\/wp-content\/uploads\/2026\/04\/Saimnieka-un-Saimnieces-dienu-\u2013-Mates-dienas-noskanas-kopigi-veidosim-augl.a-1-424x600.jpg 424w, https:\/\/aluksne.lv\/wp-content\/uploads\/2026\/04\/Saimnieka-un-Saimnieces-dienu-\u2013-Mates-dienas-noskanas-kopigi-veidosim-augl.a-1-768x1086.jpg 768w, https:\/\/aluksne.lv\/wp-content\/uploads\/2026\/04\/Saimnieka-un-Saimnieces-dienu-\u2013-Mates-dienas-noskanas-kopigi-veidosim-augl.a-1-1086x1536.jpg 1086w, https:\/\/aluksne.lv\/wp-content\/uploads\/2026\/04\/Saimnieka-un-Saimnieces-dienu-\u2013-Mates-dienas-noskanas-kopigi-veidosim-augl.a-1-1170x1655.jpg 1170w, https:\/\/aluksne.lv\/wp-content\/uploads\/2026\/04\/Saimnieka-un-Saimnieces-dienu-\u2013-Mates-dienas-noskanas-kopigi-veidosim-augl.a-1.jpg 1414w\" sizes=\"auto, (max-width: 535px) 100vw, 535px\" \/>\u0160\u012b gada 10. maij\u0101 plkst.11.00 ikviens interesents aicin\u0101ts piedal\u012bties Saimnieka un Saimnieces dien\u0101 \u2013 izzino\u0161\u0101 un praktisk\u0101 pas\u0101kum\u0101, kas norisin\u0101sies Viktora \u0136irpa Ates muzej\u0101 \u201cVidzemes lauku s\u0113ta\u201d.<\/strong><\/p>\n<p>Pas\u0101kuma laik\u0101 dal\u012bbniekiem b\u016bs iesp\u0113ja apg\u016bt aug\u013cu d\u0101rza kop\u0161anas prasmes, kop\u012bgi veidojot Viktora \u0136irpa Ates muzej\u0101 \u201cVidzemes lauku s\u0113ta\u201d aug\u013cu d\u0101rzu. Tiks iepaz\u012btas v\u0113sturisk\u0101s \u0101be\u013cu \u0161\u0137irnes, st\u0101d\u012btas \u0101beles un ogu kr\u016bmus, k\u0101 ar\u012b sniegta v\u0113rt\u012bga inform\u0101cija par to kop\u0161anu un saglab\u0101\u0161anu. Darba proces\u0101 dal\u012bbnieki ne tikai ieg\u016bs zin\u0101\u0161anas, bet ar\u012b stiprin\u0101s kopienas sadarb\u012bbu un pieder\u012bbas saj\u016btu dzimtajai vietai.<\/p>\n<p>Pas\u0101kums notiks \u012bpa\u0161\u0101 noska\u0146\u0101, atz\u012bm\u0113jot M\u0101tes dienu un simboliski godinot m\u0101ti k\u0101 dz\u012bv\u012bbas dev\u0113ju un \u0123imenes pavarda sarg\u0101t\u0101ju. \u0100bele latvie\u0161u kult\u016brtrad\u012bcij\u0101s bie\u017ei tiek uzskat\u012bta par m\u0101tes simbolu \u2013 t\u0101 dod aug\u013cus, sniedz patv\u0113rumu un tiek r\u016bp\u012bgi kopta no paaudzes paaudz\u0113. T\u0101p\u0113c kop\u012bga \u0101be\u013cu st\u0101d\u012b\u0161ana \u0161aj\u0101 dien\u0101 ieg\u016bst \u012bpa\u0161u noz\u012bmi \u2013 k\u0101 pateic\u012bbas un cie\u0146as apliecin\u0101jums m\u0101mi\u0146\u0101m un liec\u012bba par katras dzimtas sp\u0113ku, r\u016bp\u0113m un m\u012blest\u012bbu \u0123imen\u0113 no paaudzes paaudz\u0113 un savu dzimto sak\u0146u apzin\u0101\u0161anos.<\/p>\n<p>Pas\u0101kuma pavasara noska\u0146u papildin\u0101s kop\u012bga cien\u0101\u0161an\u0101s \u2013 b\u016bs iesp\u0113ja nobaud\u012bt pirmo pavasara n\u0101tru zupu.<\/p>\n<p>Saimnieka un Saimnieces diena tiek organiz\u0113ta ar biedr\u012bbas \u201cAl\u016bksnes nevalstisko organiz\u0101ciju atbalsta centrs\u201d atbalstu projekta \u201cAl\u016bksnes NVO atbalsta centrs \u2013 salied\u0113tas un atbalsto\u0161as kopienas veicin\u0101t\u0101js\u201d (Nr.2025.LV\/NVOF\/MAC\/105\/L45) ietvaros.<\/p>\n<p>Aicin\u0101m dal\u012bbniekus \u0146emt l\u012bdzi darba r\u012bkus (d\u0101rza \u0161\u0137\u0113res, l\u0101pstas) un ierasties darbam piem\u0113rot\u0101 ap\u0123\u0113rb\u0101!<\/p>\n<p>Dal\u012bba pas\u0101kum\u0101 ir bez maksas. Muzeja ekspoz\u012bciju un izst\u0101\u017eu apskate \u2013 saska\u0146\u0101 ar sp\u0113k\u0101 eso\u0161o cenr\u0101di.<\/p>\n<p>Laipni gaid\u012bti visi interesenti \u2013 \u012bpa\u0161i \u0123imenes, lai kop\u012bgi pavad\u012btu M\u0101tes dienu un veidotu aug\u013cu d\u0101rzu muzeja apmekl\u0113t\u0101ju priekam un lauku s\u0113tas ainavai!<\/p>\n","protected":false},"excerpt":{"rendered":"<p>\u0160\u012b gada 10. maij\u0101 plkst.11.00 ikviens interesents aicin\u0101ts piedal\u012bties Saimnieka un Saimnieces dien\u0101 \u2013 izzino\u0161\u0101 un praktisk\u0101 pas\u0101kum\u0101, kas norisin\u0101sies Viktora \u0136irpa Ates muzej\u0101 \u201cVidzemes lauku s\u0113ta\u201d. Pas\u0101kuma laik\u0101 dal\u012bbniekiem b\u016bs iesp\u0113ja apg\u016bt aug\u013cu d\u0101rza kop\u0161anas prasmes, kop\u012bgi veidojot Viktora&#8230;<br \/><a class=\"read-more-button\" href=\"https:\/\/aluksne.lv\/index.php\/2026\/04\/29\/aicinam-uz-saimnieka-un-saimnieces-dienu-mates-dienas-noskanas-kopigi-veidosim-auglu-darzu-viktora-kirpa-ates-muzeja-vidzemes-lauku-seta\/\">Las\u012bt visu<\/a><\/p>\n","protected":false},"author":1,"featured_media":62410,"comment_status":"closed","ping_status":"open","sticky":false,"template":"","format":"standard","meta":{"_crdt_document":"","_monsterinsights_skip_tracking":false,"_monsterinsights_sitenote_active":false,"_monsterinsights_sitenote_note":"","_monsterinsights_sitenote_category":0,"footnotes":"","_links_to":"","_links_to_target":""},"categories":[9],"tags":[],"class_list":["post-62409","post","type-post","status-publish","format-standard","has-post-thumbnail","hentry","category-noderiga-informacija"],"_links":{"self":[{"href":"https:\/\/aluksne.lv\/index.php\/wp-json\/wp\/v2\/posts\/62409","targetHints":{"allow":["GET"]}}],"collection":[{"href":"https:\/\/aluksne.lv\/index.php\/wp-json\/wp\/v2\/posts"}],"about":[{"href":"https:\/\/aluksne.lv\/index.php\/wp-json\/wp\/v2\/types\/post"}],"author":[{"embeddable":true,"href":"https:\/\/aluksne.lv\/index.php\/wp-json\/wp\/v2\/users\/1"}],"replies":[{"embeddable":true,"href":"https:\/\/aluksne.lv\/index.php\/wp-json\/wp\/v2\/comments?post=62409"}],"version-history":[{"count":2,"href":"https:\/\/aluksne.lv\/index.php\/wp-json\/wp\/v2\/posts\/62409\/revisions"}],"predecessor-version":[{"id":62412,"href":"https:\/\/aluksne.lv\/index.php\/wp-json\/wp\/v2\/posts\/62409\/revisions\/62412"}],"wp:featuredmedia":[{"embeddable":true,"href":"https:\/\/aluksne.lv\/index.php\/wp-json\/wp\/v2\/media\/62410"}],"wp:attachment":[{"href":"https:\/\/aluksne.lv\/index.php\/wp-json\/wp\/v2\/media?parent=62409"}],"wp:term":[{"taxonomy":"category","embeddable":true,"href":"https:\/\/aluksne.lv\/index.php\/wp-json\/wp\/v2\/categories?post=62409"},{"taxonomy":"post_tag","embeddable":true,"href":"https:\/\/aluksne.lv\/index.php\/wp-json\/wp\/v2\/tags?post=62409"}],"curies":[{"name":"wp","href":"https:\/\/api.w.org\/{rel}","templated":true}]}}