{"id":62433,"date":"2026-04-30T09:20:40","date_gmt":"2026-04-30T06:20:40","guid":{"rendered":"https:\/\/aluksne.lv\/?p=62433"},"modified":"2026-04-30T09:20:40","modified_gmt":"2026-04-30T06:20:40","slug":"aktualitates-aprili","status":"publish","type":"post","link":"https:\/\/aluksne.lv\/index.php\/2026\/04\/30\/aktualitates-aprili\/","title":{"rendered":"Aktualit\u0101tes apr\u012bl\u012b"},"content":{"rendered":"<table width=\"639\">\n<tbody>\n<tr>\n<td width=\"108\">\n<p>Izgl\u012bt\u012bbas p\u0101rvalde\u00a0<\/p>\n<\/td>\n<td width=\"531\">\n<p>Pabeigta \u00a0Atvese\u013co\u0161anas fonda projekta &#8220;Sabiedr\u012bbas digit\u0101lo prasmju att\u012bst\u012bba&#8221; \u012bsteno\u0161ana.\u00a0Projekta ietvaros 169 iedz\u012bvot\u0101ji pilnveidoju\u0161i savas digit\u0101l\u0101s prasmes, kopum\u0101 316 reizes piedaloties 1., 2. un 3. l\u012bme\u0146a izgl\u012bt\u012bbas programmu apguv\u0113, \u00a0da\u013ca dal\u012bbnieku apguva\u00a0vair\u0101ku l\u012bme\u0146u\u00a0programmas.\u00a0<\/p>\n<p>&nbsp;<\/p>\n<p>Sagatavots valsts p\u0101rbaudes darbu norises pl\u0101nojums 2025.\/2026.m\u0101c\u012bbu gadam. Apstiprin\u0101ti eks\u0101menu nov\u0113rot\u0101ji un v\u0113rt\u0113t\u0101ji. \u0160ogad\u00a0Izgl\u012bt\u012bbas p\u0101rvaldes\u00a0\u00a0p\u0101rraudz\u012bb\u0101 \u00a0iek\u013cauta ar\u012b Smiltenes tehnikuma Alsvi\u0137u strukt\u016brvien\u012bba.\u00a0<\/p>\n<p>&nbsp;<\/p>\n<p>3.kla\u0161u un 6.kla\u0161u skol\u0113ni nok\u0101rtoju\u0161i monitoringa darbus\u00a0tekstprat\u012bb\u0101, dabas zin\u012bb\u0101s un\u00a0r\u0113\u0137inprat\u012bb\u0101. 9.kla\u0161u skol\u0113ni k\u0101rtoja monitoringa darbu ang\u013cu valod\u0101.\u00a0<\/p>\n<p>&nbsp;<\/p>\n<p>Notiku\u0161i se\u0161i \u00a0profesion\u0101l\u0101s pilnveides pas\u0101kumi novada pedagogiem.\u00a0<\/p>\n<p>&nbsp;<\/p>\n<p>Organiz\u0113ti kursi pedagogiem &#8220;J\u0113gpilna un dro\u0161a MI izmanto\u0161ana izgl\u012bt\u012bb\u0101&#8221;.\u00a0<\/p>\n<p>&nbsp;<\/p>\n<p>Nosl\u0113gti l\u012bgumi ar 20 pa\u0161vald\u012bb\u0101m par izgl\u012bt\u012bbas sniegtajiem pakalpojumiem Al\u016bksnes novad\u0101 deklar\u0113tajiem izgl\u012btojamiem, kuri apmekl\u0113 citu novadu izgl\u012bt\u012bbas iest\u0101des (26 pirmsskolas vecuma, 112 skol\u0113ni 1.-12.klase). Pakalpojuma izmaksas (par 4 m\u0113ne\u0161iem) &#8211; 80 060,10 EUR.\u00a0<\/p>\n<p>&nbsp;<\/p>\n<p>Izgl\u012bt\u012bbas p\u0101rval\u017eu vad\u012bt\u0101jiem Re\u0123ion\u0101lo att\u012bst\u012bbas centru novadu apvien\u012bba pied\u0101v\u0101ja piedal\u012bties viz\u012bt\u0113 Valkas novad\u0101. Par izgl\u012bt\u012bbas jaut\u0101jumu risin\u0101\u0161anu dal\u012bj\u0101s Valkas un Valgas novadu pa\u0161vald\u012bbas. Tika apmekl\u0113tas \u010detras izgl\u012bt\u012bbas iest\u0101des. Uldis P\u0101vuls iepaz\u012bstin\u0101ja ar jaun\u0101kajiem p\u0113t\u012bjumiem par sadarb\u012bbas un p\u0101rmai\u0146u veicin\u0101\u0161anas\u00a0psiholo\u0123iskajiem\u00a0aspektiem.\u00a0<\/p>\n<p>&nbsp;<\/p>\n<p>24.apr\u012bl\u012b izgl\u012bt\u012bbas iest\u0101d\u0113s notika \u00a0Olimpisk\u0101 diena.\u00a0<\/p>\n<p>&nbsp;<\/p>\n<\/td>\n<\/tr>\n<tr>\n<td width=\"108\">\n<p>Ziemeru pamatskola\u00a0<\/p>\n<\/td>\n<td width=\"531\">\n<p>02.04. Lieldienu tirdzi\u0146\u0161 &#8211; uz\u0146\u0113m\u0113jdarb\u012bbas prat\u012bba.\u00a0<\/p>\n<p>Monitoringa darbi\u00a0tekstprat\u012bb\u0101,\u00a0r\u0113\u0137inprat\u012bb\u0101, dabaszin\u0101t\u0146u\u00a0prat\u012bb\u0101\u00a03., 6.klas\u0113m, ang\u013cu valod\u0101 &#8211; 9.klasei.\u00a0<\/p>\n<p>Skolas un pagasta centra apk\u0101rtnes sakop\u0161anas talkas. 24.04. Skolas padomes organiz\u0113ta talka pirmsskolas \u0101ra laukuma uzlabo\u0161anai.\u00a0<\/p>\n<p>24.04. Olimpisk\u0101s dienas aktivit\u0101tes.\u00a0<\/p>\n<\/td>\n<\/tr>\n<tr>\n<td width=\"108\">\n<p>Liepnas pamatskola\u00a0<\/p>\n<\/td>\n<td width=\"531\">\n<p>13.04.-17.04.\u00a0pedagogi piedal\u012bj\u0101s sagatavo\u0161an\u0101s viz\u012bt\u0113 Lietuv\u0101, ERASMUS + \u012astermi\u0146a mobilit\u0101tes projekta skol\u0113niem un person\u0101lam visp\u0101r\u0113j\u0101s izgl\u012bt\u012bbas jom\u0101 &#8220;Izaicin\u0101jums k\u0101 iesp\u0113ja&#8221; ietvaros.\u00a0<\/p>\n<p>14.04. skol\u0113nu pa\u0161p\u0101rvalde \u201cSP\u0100RNI\u201d\u00a0 aizst\u0101v\u0113ja Al\u016bksnes novada JIP 2026 projektu \u201c\u00a0Back\u00a0with\u00a0a\u00a0bang\u201d.\u00a0<\/p>\n<p>24.04. Vides sakop\u0161anas un labiek\u0101rto\u0161anas talka. Aktivit\u0101te norisin\u0101j\u0101s programmas ERASMUS+ Latvija Jaunatnes l\u012bdzdal\u012bbas projekta &#8220;Mainot straumi&#8221; ietvaros.\u00a0<\/p>\n<p>24.04. Olimpisk\u0101s dienas aktivit\u0101tes.\u00a0<\/p>\n<p>27.04.-30.04.\u00a0projekta \u201cN\u0101kotnes arhitekti\u201d ietvaros\u00a0 Saj\u016btu takas veido\u0161ana.\u00a0<\/p>\n<p>30.04. Pas\u0101kums &#8220;M\u0113s- Latvijai&#8221;, Izaugsmes balvas pasnieg\u0161ana skol\u0113niem par person\u012bgo progresu\u00a0m\u0101c\u012bbu darb\u0101.\u00a0<\/p>\n<p>&nbsp;<\/p>\n<\/td>\n<\/tr>\n<tr>\n<td width=\"108\">\n<p>Mazputni\u0146\u0161\u00a0<\/p>\n<\/td>\n<td width=\"531\">\n<p>02.04. Lieldienu pas\u0101kums &#8220;Lieldieni\u0146as brauk\u0161us brauca, olas veda vezum\u0101&#8221;.\u00a0<\/p>\n<p>09.04.\u00a05,6gad\u012bgie b\u0113rni piedal\u012bj\u0101s ESF+ projekta &#8220;STEM un pilsonisk\u0101s l\u012bdzdal\u012bbas norises pla\u0161\u0101kai izgl\u012bt\u012bbas pieredzei un karjeras izv\u0113lei&#8221; nodarb\u012bb\u0101 &#8220;Dro\u0161\u012bbas eksped\u012bcija&#8221; (norises ID 2025\/1\/STEM\/PL\/561).\u00a0\u00a0\u00a0<\/p>\n<p>13., 14.04. 1 pedagogs piedal\u012bj\u0101s Latvijas Pa\u0161vald\u012bbu m\u0101c\u012bbu centra organiz\u0113taj\u0101s tie\u0161saistes m\u0101c\u012bb\u0101s \u201cB\u0113rnu ties\u012bbu aizsardz\u012bba, 8 ak. stundas. Izgl\u012bt\u012bbas iest\u0101\u017eu pedagogiem, pedagogu pal\u012bgiem, tehniskajiem darbiniekiem, apr\u016bp\u0113t\u0101jiem un asistentiem\u201d.\u00a0<\/p>\n<p>21.04. Iest\u0101des vad\u012bt\u0101ja piedal\u012bj\u0101s Al\u016bksnes novada pirmsskolas skolot\u0101ju m\u0101c\u012b\u0161an\u0101s grupu vad\u012bt\u0101ju san\u0101ksm\u0113 par paveikto \u00a0k\u0101 m\u0101c\u012b\u0161an\u0101s grupas pedagogiem &#8220;Atbalsts b\u0113rna izaugsmei&#8221; vad\u012bt\u0101ja.\u00a0<\/p>\n<p>22.04. &#8220;P\u016bc\u012b\u0161u&#8221; grupas b\u0113rni apmekl\u0113ja nodarb\u012bbu &#8220;Sap\u0146u bibliot\u0113ka &#8221; Malienas pagasta bibliot\u0113k\u0101.\u00a0<\/p>\n<p>22.04. Iest\u0101d\u0113 b\u0113rniem talantu \u0161ovs &#8220;Talantu varav\u012bksne 2026&#8221;.\u00a0<\/p>\n<p>23.04. Iest\u0101d\u0113 vec\u0101ko grupu b\u0113rniem &#8220;Zobi\u0146u skolas nodarb\u012bba&#8221; par mutes un zobu vesel\u012bbu un\u00a0higienu.\u00a0<\/p>\n<p>23.04. 3 vec\u0101k\u0101s grupas b\u0113rni piedal\u012bj\u0101s Al\u016bksnes novada talantu r\u012bt\u0101 &#8220;Pienen\u012btes p\u016bku b\u0113rni&#8221; Al\u016bksnes PII &#8220;Pienen\u012bt\u0113&#8221;.\u00a0<\/p>\n<p>24.04. \u00a0Olimpisk\u0101s dienas 2026 aktivit\u0101tes iest\u0101des teritorij\u0101.\u00a0<\/p>\n<p>24.04. Teritorijas &#8220;atmodin\u0101\u0161anas&#8221; talka iest\u0101des darbiniekiem.\u00a0<\/p>\n<p>29.04. Skolot\u0101ju pal\u012bgi piedal\u012bsies iedvesmas pas\u0101kum\u0101 PII skolot\u0101ju pal\u012bgiem pirmskolas izgl\u012bt\u012bbas iest\u0101d\u0113 &#8220;Saul\u012bte&#8221; Strauti\u0146os un Alsvi\u0137os.\u00a0\u00a0<\/p>\n<\/td>\n<\/tr>\n<tr>\n<td width=\"108\">\n<p>Pienen\u012bte\u00a0<\/p>\n<\/td>\n<td width=\"531\">\n<p>02.04. Lieldienu pas\u0101kums ar sportisk\u0101m aktivit\u0101t\u0113m . Lieldienu pas\u0101kums &#8220;P\u016bc\u012bt\u0113s&#8221;\u00a0\u00a0<\/p>\n<p>08.04. L\u012bderis man\u012b ievie\u0161anas komandas situ\u0101ciju refleksija\u00a0<\/p>\n<p>09.04. STEAM projekta ietvaros nodarb\u012bbas &#8216;Dro\u0161\u012bbas eksped\u012bcija b\u0113rniem&#8217; ab\u0101s iest\u0101d\u0113s\u00a0<\/p>\n<p>17.04. Pirmsskolas iest\u0101\u017eu pedagogu\u00a0superv\u012bzija\u00a0ar\u00a0I.Ratenieci, tre\u0161\u0101 nosl\u0113dzo\u0161\u0101 nodarb\u012bba.\u00a0<\/p>\n<p>23.04. Al\u016bksnes un Smiltenes novadu pirmsskolas vecuma b\u0113rnu talantu r\u012bts &#8220;Pienen\u012btes p\u016bku b\u0113rni.&#8221;\u00a0<\/p>\n<p>24.04.Olimpisk\u0101 sporta diena.\u00a0<\/p>\n<p>29.04. &#8220;L\u012bder\u012bbas dien\u0101 &#8221; kop\u0101 ar vec\u0101kiem.\u00a0<\/p>\n<p>30.04. &#8220;Balt\u0101 galdauta sv\u0113tki&#8221; un\u00a0\u0122ime\u0146u dienas p\u0101rg\u0101jiens pret\u012b maija sv\u0113tkiem\u00a0<\/p>\n<p>Visa m\u0113ne\u0161a garum\u0101 notiek\u00a0D\u017eimbas\u00a0nodarb\u012bbas tr\u012bs grup\u0101s. Notiek akt\u012bva sadarb\u012bba ar Al\u016bksnes sporta skolu.\u00a0<\/p>\n<p>&nbsp;<\/p>\n<\/td>\n<\/tr>\n<tr>\n<td width=\"108\">\n<p>Spr\u012bd\u012btis\u00a0<\/p>\n<\/td>\n<td width=\"531\">\n<p>01.04.2026. izgl\u012bt\u012bbas iest\u0101des 4. grupas b\u0113rni, iepaz\u012bstot vec\u0101ku profesijas, dev\u0101s izzino\u0161\u0101 ekskursij\u0101 uz Al\u016bksnes putnu fermu &#8220;AGROVA&#8221;, ieg\u016bstot jaunu \u00a0pieredzi un zin\u0101\u0161anas.\u00a0<\/p>\n<p>&nbsp;<\/p>\n<p>30.03.2026. &#8211; 02.04.2026. \u00a0Ekoskolas m\u0113ne\u0161a t\u0113mas \u201cMe\u017es\u201d ned\u0113\u013ca aizvad\u012bta kr\u0101su ned\u0113\u013cas z\u012bm\u0113 &#8211; katras dienas nor\u0101d\u012bto kr\u0101su atspogu\u013cojot ne tikai ap\u0123\u0113rb\u0101, bet ar\u012b p\u0113tot un mekl\u0113jot dab\u0101 katras dienas attiec\u012bg\u0101s kr\u0101sas dabas objektus, piev\u0113r\u0161ot uzman\u012bbu biolo\u0123iskajai daudzveid\u012bbai tuv\u0101kaj\u0101 apk\u0101rtn\u0113, sagaidot Lieldienas rado\u0161i un ko\u0161i.\u00a0<\/p>\n<p>&nbsp;<\/p>\n<p>10.04.2026.\u00a0izgl\u012bt\u012bbas iest\u0101di apmekl\u0113ja Mobil\u0101 Vesel\u012bbas Apr\u016bpes Centra speci\u0101listi \u2013 okulists un \u0137irurgs ortop\u0113ds. Katru speci\u0101listu apmekl\u0113ja 24 b\u0113rni.\u00a0\u00a0\u00a0<\/p>\n<p><strong>\u00a0<\/strong>\u00a0<\/p>\n<p>13.04.2026. Izgl\u012bt\u012bbas iest\u0101des 25 Maz\u0101s\u00a0Ekopadomes<strong>\u00a0<\/strong>b\u0113rni \u201cZa\u013cie asni\u0146i\u201d<strong>\u00a0\u00a0<\/strong>(4., 5., 10. grupa) un pedagogi Jolanta APS\u012aTE, Liene TOMI\u0145A, Agnese SPRICE, Indra FRUNZA piedal\u012bj\u0101s SIA &#8220;ZAAO&#8221; Dabas un tehnolo\u0123iju parka &#8220;URDA&#8221; vides izgl\u012btojo\u0161\u0101 pas\u0101kum\u0101 \u201cVannas istabas briesmon\u012b\u0161i. Skudras Urdas gudr\u0101 m\u0101ja.\u201d, &#8221;St\u016bri&#8221;, Daib\u0113, Stalbes pagasta,\u00a0C\u0113su\u00a0novad\u0101, \u012bstenojot\u00a0Eiropas Soci\u0101l\u0101 fonda Plus projektu\u00a0Nr.4.2.2.1\/1\/25\/I\/001 \u201cSTEM un pilsonisk\u0101s l\u012bdzdal\u012bbas norises pla\u0161\u0101kai izgl\u012bt\u012bbas pieredzei un karjeras izv\u0113lei\u201d.\u00a0\u00a0<\/p>\n<p>&nbsp;<\/p>\n<p>15.04.2026. Izgl\u012bt\u012bbas iest\u0101des\u00a05-7 gadus veci b\u0113rni piedal\u012bj\u0101s Fonda \u201cIesp\u0113ju tilts\u201d \u00a0atbalsta centra \u201cAtspulgs\u201d izgl\u012btojo\u0161\u0101 pas\u0101kum\u0101 \u201cP\u013cavas pu\u0137u piedz\u012bvojumi \u2013 kop\u0101 pie\u0146emsim dadzi!\u201d, aktualiz\u0113jot inform\u0101ciju par iek\u013cau\u0161anu, izpratni un da\u017e\u0101d\u012bbu sabiedr\u012bb\u0101. B\u0113rni izgatavoja plak\u0101tus par t\u0113mu \u201cDraudz\u012bba\u201d, kuri tiks uzd\u0101vin\u0101ti atbalsta centra \u201cAtspulgs\u201d amatniekiem, savuk\u0101rt amatnieki katram pas\u0101kuma dal\u012bbniekam uzd\u0101vin\u0101ja \u012bpa\u0161u, pa\u0161u darin\u0101tu ziedi\u0146u. Pas\u0101kums notika, \u012bstenojot<strong>\u00a0<\/strong>Eiropas Soci\u0101l\u0101 fonda Plus projektu\u00a0Nr.4.2.2.1\/1\/25\/I\/001 \u201cSTEM un pilsonisk\u0101s l\u012bdzdal\u012bbas norises pla\u0161\u0101kai izgl\u012bt\u012bbas pieredzei un karjeras izv\u0113lei\u201d.\u00a0\u00a0<\/p>\n<p>&nbsp;<\/p>\n<p>17.04.2026.\u00a0Al\u016bksnes novada bibliot\u0113kas B\u0113rnu noda\u013cas bibliotek\u0101res apmekl\u0113ja 5-7 gad\u012bgo b\u0113rnu grupas, tik\u0101s ar b\u0113rniem un pateic\u0101s par dal\u012bbu B\u0113rnu \u017e\u016brij\u0101. 11. grupas b\u0113rni iepriecin\u0101ja bibliotek\u0101res un citus b\u0113rnus ar izr\u0101di \u201cKazl\u0113ns, kas prata skait\u012bt l\u012bdz 10\u201d.\u00a0<\/p>\n<p><strong>\u00a0<\/strong>\u00a0<\/p>\n<p>21.04.2026.\u00a0izgl\u012bt\u012bbas iest\u0101d\u0113 notika Al\u016bksnes novada pirmsskolas izgl\u012bt\u012bbas skolot\u0101ju m\u0101c\u012b\u0161an\u0101s grupu vad\u012bt\u0101ju san\u0101ksme, kur\u0101 katra m\u0101c\u012b\u0161an\u0101s grupas vad\u012bt\u0101ja atskait\u012bj\u0101s par paveikto un notika n\u0101kam\u0101 m\u0101c\u012bbu gada darba pl\u0101no\u0161ana. Skolot\u0101ju m\u0101c\u012b\u0161an\u0101s grupas sniedz atbalstu, iedvesmu un savstarp\u0113ju dal\u012b\u0161anos pieredz\u0113 ikdienas darb\u0101. \u0160aj\u0101 m\u0101c\u012bbu gad\u0101 pedagogiem tika pied\u0101v\u0101tas piecas da\u017e\u0101das m\u0101c\u012b\u0161an\u0101s grupas, no kur\u0101m divas vad\u012bja izgl\u012bt\u012bbas iest\u0101des pedagogi \u201cDigit\u0101l\u0101\u00a0prat\u012bba\u201d (vada Dita HOLLA) un \u201cValodu m\u0101c\u012bbu joma\u201d (vada Anta APINE).\u00a0<\/p>\n<p><strong>\u00a0<\/strong>\u00a0<\/p>\n<p>21.04.2026. izgl\u012bt\u012bbas iest\u0101des 6 b\u0113rni (5., 9., 11. grupa) un skolot\u0101jas Ilze HOLLA un Gunita KREICE piedal\u012bj\u0101s SIA &#8220;ZAAO&#8221;\u00a0 Dabas un tehnolo\u0123ijas parka &#8220;&#8216;Urda&#8221; r\u012bkotaj\u0101 Vides akcijas &#8220;Lupati\u0146u b\u0113rnu st\u0101sti&#8221; nosl\u0113guma pas\u0101kum\u0101, &#8221;St\u016bri&#8221;, Daib\u0113, Stalbes pagasta, C\u0113su novad\u0101.\u00a0\u00a0<\/p>\n<p>B\u0113rni noskat\u012bj\u0101s le\u013c\u013cu te\u0101tra izr\u0101di \u201cRa\u017eas ritmi\u201d, piedal\u012bj\u0101s kust\u012bbu aktivit\u0101t\u0113s kop\u0101 ar skudru Urdu, bet skolot\u0101jas darboj\u0101s rado\u0161aj\u0101 darbn\u012bc\u0101, kur\u0101 var\u0113ja atjaunot l\u012bdzi pa\u0146emto T-kreklu ar sev t\u012bkamu apdruku.\u00a0\u00a0<\/p>\n<p><strong>\u00a0<\/strong>\u00a0<\/p>\n<p>APR\u012aLIS izgl\u012bt\u012bbas iest\u0101d\u0113 ir L\u012bder\u012bbas m\u0113nesis<strong>\u00a0&#8211;\u00a0<\/strong>Mazi so\u013ci ved uz lieliem pan\u0101kumiem!\u00a0<\/p>\n<p>B\u0113rni p\u0101rmai\u0146u procesa izgl\u012bt\u012bb\u0101 \u201cL\u012bderis man\u012b\u201d iepaz\u012bst un m\u0101c\u0101s atpaz\u012bt da\u017e\u0101das emocijas, apg\u016bst, nostiprina paradumus un l\u012bder\u012bbas prasmes:\u00a0<\/p>\n<p>&nbsp;<\/p>\n<p>08.04.2026.\u00a0b\u0113rni kop\u0101 ar dv\u012b\u0146u m\u0101si\u0146\u0101m izdz\u012bvoja da\u017e\u0101das emocijas Apvien\u012bbas OLEE izr\u0101d\u0113 \u201cSkumja un prieks\u201d\u00a0<\/p>\n<p>&nbsp;<\/p>\n<p>15.04.2026. Iest\u0101des padomes s\u0113d\u0113 Maz\u0101 Ekopadome \u201cZa\u013cie asni\u0146i\u201d prezent\u0113ja paveikto mart\u0101 Ekoskolas m\u0113ne\u0161a t\u0113m\u0101 \u201c\u016adens\u201d un gada t\u0113m\u0101 \u201cBiolo\u0123isk\u0101 daudzveid\u012bba\u201d. B\u0113rni kop\u0101 ar skolot\u0101j\u0101m apkopoja\u00a0 izzino\u0161ajos p\u0101rg\u0101jienos uzzin\u0101to Al\u016bksnes \u016bdens atdzel\u017eo\u0161anas stacij\u0101, notek\u016bde\u0146u att\u012br\u012b\u0161anas stacij\u0101 un pa\u0161vald\u012bbas a\u0123ent\u016br\u0101 \u201cALJA\u201d, par to, ko katrs atceras no p\u0101rg\u0101jien\u0101 redz\u0113t\u0101, gatavoja prezent\u0101cijas saturu, m\u0101c\u012bj\u0101s uzst\u0101ties publikas priek\u0161\u0101.\u00a0<\/p>\n<p>&nbsp;<\/p>\n<p>24.04.2026. \u201cOlimpisk\u0101 diena 2026\u201d izgl\u012bt\u012bbas iest\u0101d\u0113, kur L\u012bder\u012bbas m\u0113ne\u0161a\u00a0ietvaros\u00a0Olimpisko vingrojumu (lielajiem un mazajiem b\u0113rniem) r\u0101d\u012bja divas ener\u0123iskas m\u016bsu izgl\u012bt\u012bbas iest\u0101des meitenes R\u0113zija un Alise no 10. grupas, kuras pievienoj\u0101s sporta skolot\u0101j\u0101m, lai ar savu piem\u0113ru iedvesmotu maz\u0101kos b\u0113rnus un savus vienaud\u017eus. M\u0113s ikviens varam b\u016bt l\u012bderis, ir tikai j\u0101s\u0101k dar\u012bt! Meite\u0146u atzi\u0146a \u2013 \u201cSkolot\u0101jam b\u016bt ir gr\u016bti, bet tik pat\u012bkami!\u201d\u00a0<\/p>\n<p>&nbsp;<\/p>\n<p>24.04.2026. \u012bsteni Olimpisk\u0101 gar\u0101 un sol\u012b, izgl\u012bt\u012bbas iest\u0101des darbinieki dev\u0101s kop\u0101 dab\u0101 draudz\u012bg\u0101 veid\u0101, protams, neaizmirstot par\u00a0<em>plogingo\u0161anas<\/em>\u00a0iesp\u0113j\u0101m. Atbild\u012bgie darbinieki lietotn\u0113\u00a0<em>Actionbound<\/em>\u00a0sagatavoja aktivit\u0101ti, lai caur digit\u0101lo sp\u0113li p\u0101rg\u0101jiena dal\u012bbnieki mekl\u0113tu pareizo atbildi uz \u0101\u0137\u012bgiem jaut\u0101jumiem un kop\u0101 sasniegtu galam\u0113r\u0137i.\u00a0\u00a0<\/p>\n<p>&nbsp;<\/p>\n<p>28.04.2026. un 30.04.2026. notiks\u00a0\u201cB\u0113rnu Talantu PAR\u0100DE \u2013 KO TU PROTI?\u201d\u00a0\u00a0<\/p>\n<p>&nbsp;<\/p>\n<p>30.04.2026.\u00a0izgl\u012bt\u012bbas iest\u0101d\u0113 pl\u0101nota Salaspils PII \u201cRITEN\u012aTIS\u201d kol\u0113\u0123u vieso\u0161an\u0101s, lai dal\u012btos ar lab\u0101s prakses piem\u0113riem.\u00a0<\/p>\n<p>&nbsp;<\/p>\n<\/td>\n<\/tr>\n<tr>\n<td width=\"108\">\n<p>M\u0101kslas skola\u00a0<\/p>\n<\/td>\n<td width=\"531\">\n<p>10.apr\u012bl\u012b M\u0101kslas skol\u0101 atkl\u0101ta grafi\u0137es Dzidras Ezergailes 100.dzim\u0161anas dienai velt\u012bta izst\u0101de ar m\u0101kslinieces ori\u0123in\u0101ldarbiem un M\u0101kslas skolas audz\u0113k\u0146u darbiem, kas tapu\u0161i iedvesmojoties no m\u0101kslinieces dai\u013crades.\u00a0<\/p>\n<p>24.apr\u012bl\u012b vizu\u0101li un vizu\u0101li plastisk\u0101s m\u0101kslas konkurs\u0101 &#8220;Te s\u0101kas mana pasaule&#8221; Al\u016bksnes M\u0101kslas skolas audz\u0113k\u0146i ieguvu\u0161i divus I pak\u0101pes diplomus.\u00a0<\/p>\n<\/td>\n<\/tr>\n<tr>\n<td width=\"108\">\n<p>Sporta skola\u00a0<\/p>\n<\/td>\n<td width=\"531\">\n<p>20.apr\u012bl\u012b Liel\u0101s talkas ietvaros\u00a0talkoj\u0101m\u00a0Pilssal\u0101.\u00a0<\/p>\n<p>24.apr\u012bl\u012b r\u012bta pus\u0113 Olimpisk\u0101s dienas pas\u0101kums kop\u0101 ar olimpie\u0161iem Mairi K\u013cavu un\u00a0Sanitu.Buli\u0146u\u00a0un Latvijas izlases biatlonisti Sandru Buli\u0146u.\u00a0<\/p>\n<p>24.apr\u012bl\u012b p\u0113cpusdien\u0101 audz\u0113k\u0146u un treneru tik\u0161an\u0101s ar absolventu, olimpieti Mairi K\u013cavu \u201cBasketbolista ce\u013c\u0161 l\u012bdz olimpiskajam bobslejam\u201d.\u00a0<\/p>\n<p>U-14 futbola komanda uzs\u0101kta dal\u012bba Latvijas \u010dempion\u0101t\u0101.\u00a0<\/p>\n<p>29.apr\u012bl\u012b uz\u0146emts \u201cSporto visa klase\u201d re\u0123ion\u0101lais pas\u0101kums.\u00a0<\/p>\n<p>Apr\u012bl\u012b audz\u0113k\u0146i piedal\u012bju\u0161ies 9\u00a0sacens\u012bb\u0101s basketbol\u0101, vieglatl\u0113tik\u0101, futbol\u0101 un d\u017eudo.\u00a0<\/p>\n<\/td>\n<\/tr>\n<tr>\n<td width=\"108\">\n<p>Sporta centrs\u00a0<\/p>\n<\/td>\n<td width=\"531\">\n<p><strong>04.04.<\/strong>\u00a0notika &#8220;Ilzenes kausa izc\u012b\u0146a florbol\u0101 2026&#8221;. Kop\u0101\u00a0<u>piedal\u012bj\u0101s 8 komandas<\/u>\u00a0(ar\u012b no citiem novadiem &#8211; Smiltenes, Valmieras, Madonas).\u00a0\u00a0<\/p>\n<p><strong>14.04.<\/strong>\u00a0Al\u016bksnes novada orient\u0113\u0161an\u0101s sacens\u012bbu seri\u0101ls &#8220;Horizonta kauss 2026&#8221; &#8211; 1. posms.\u00a0<u>Piedal\u012bj\u0101s<\/u>\u00a0rekordliels dal\u012bbnieku skaits &#8211;\u00a0<u>93 cilv\u0113ki.<\/u>\u00a0Ne tikai no citiem novadiem, bet ar\u012b no Igaunijas.\u00a0\u00a0<\/p>\n<p><strong>18.04. &#8211; 19.04.\u00a0<\/strong>Al\u016bksnes XXIII starptautiskais d\u017eudo turn\u012brs. Kop\u0101\u00a0<u>pulc\u0113ja\u00a0vair\u0101k nek\u0101\u00a0500 dal\u012bbniekus<\/u>\u00a0no Latvijas, Lietuvas, Igaunijas un Polijas.\u00a0\u00a0<\/p>\n<p><strong>24.04.<\/strong>\u00a0pie Sporta centra norisin\u0101j\u0101s Olimpisk\u0101 diena vis\u0101m 1. l\u012bdz 8. klas\u0113m, kur no Sporta centra puses\u00a0pas\u0101kuma scen\u0101rijs un aktivit\u0101tes\u00a0visiem dal\u012bbniekiem (viktor\u012bna). Papildu no Sporta skolas piesaist\u012bti Al\u016bksnes olimpie\u0161i un sportisti.\u00a0\u00a0<\/p>\n<p><strong>25.04.\u00a0<\/strong>&#8220;Sports\u00a0for\u00a0all&#8221; projekta ietvaros Igaunij\u0101,\u00a0Varsk\u0101\u00a0norisin\u0101j\u0101s\u00a0Jogas\u00a0festiv\u0101ls, kur, lai stiprin\u0101tu starpvalstu attiec\u012bbas no Al\u016bksnes novada\u00a0<u>piedal\u012bj\u0101s 8 cilv\u0113ki.\u00a0<\/u>\u00a0<\/p>\n<p>Darbs pie Al\u016bksnes novada skrie\u0161anas seri\u0101la &#8220;Al\u016bksnes pavasaris 2026&#8221; 1. posma, kas norisin\u0101sies\u00a0<strong>30.04.<\/strong>\u00a0no TIC, Al\u016bksnes pils\u0113t\u0101.\u00a0<\/p>\n<p>Vair\u0101kas tik\u0161an\u0101s ar Gulbenes Sporta p\u0101rvaldi par velobraucienu &#8220;B\u0101n\u012b\u0161a kauss 2026 &#8211;\u00a0Apsteidz tvaiku!&#8221;, kas norisin\u0101sies\u00a0<strong>02.05.\u00a0&#8211;\u00a0<\/strong>mar\u0161ruts, saska\u0146ojumi utt. (Starts no Gulbenes, fini\u0161s &#8211; Al\u016bksne).\u00a0<\/p>\n<\/td>\n<\/tr>\n<tr>\n<td width=\"108\">\n<p>B\u0113rnu un jaunie\u0161u centrs\u00a0<\/p>\n<\/td>\n<td width=\"531\">\n<p>1.apr\u012bl\u012b R\u012bg\u0101 St\u0101stnieku konkursa \u201cAnekdo\u0161u virpulis 2026\u201d fin\u0101ls, piedal\u012bj\u0101s FK \u201cDr\u012bveldre\u0137i\u201d dal\u012bbnieki;\u00a0<\/p>\n<p>2.apr\u012bl\u012b projekta &#8220;Gar\u0161as pietura laukos&#8221; 1.aktivit\u0101te;\u00a0<\/p>\n<p>3.apr\u012bl\u012b sa\u0146emti jaunie\u0161u iniciat\u012bvu projektu konkursa pieteikumi;\u00a0<\/p>\n<p>6.apr\u012bl\u012b Za\u0137u skr\u0113jiens;\u00a0<\/p>\n<p>7.apr\u012bl\u012b projekta &#8220;PrasM\u0112S&#8221; 3.aktivit\u0101te;\u00a0<\/p>\n<p>8.apr\u012bl\u012b projekta &#8220;Aiz kadra&#8221; 4.aktivit\u0101te;\u00a0<\/p>\n<p>11.apr\u012bl\u012b improviz\u0101cijas te\u0101tra dal\u012bbnieki dev\u0101s uz Valmieras BJC un piedal\u012bj\u0101s Vidzemes novada Te\u0101tra sporta draudz\u012bbas turn\u012br\u0101.\u00a0<\/p>\n<p>14.apr\u012bl\u012b izv\u0113rt\u0113ti iesniegtie jaunie\u0161u iniciat\u012bvu projekti;\u00a0<\/p>\n<p>16.apr\u012bl\u012b ABJC robotikas sacens\u012bbas \u201cPaGalma\u201d kauss;\u00a0<\/p>\n<p>17.apr\u012bl\u012b projekta &#8220;Paaud\u017eu tilts \u017eurn\u0101listik\u0101&#8221; ietvaros tik\u0161an\u0101s ar &#8220;Al\u016bksnes un Malienas Zi\u0146u&#8221; \u017eurn\u0101listiem;\u00a0<\/p>\n<p>24.apr\u012bl\u012b M\u0101lpil\u012b \u00a0Vidzemes re\u0123iona vizu\u0101l\u0101s un vizu\u0101li plastisk\u0101s m\u0101kslas konkursa &#8220;Te s\u0101kas mana pasaule&#8221; nosl\u0113guma pas\u0101kums, piedal\u0101s Al\u016bksnes novada vizu\u0101l\u0101s un vizu\u0101li plastisk\u0101s m\u0101kslas konkursa dal\u012bbnieki;\u00a0<\/p>\n<p>24.apr\u012bl\u012b Valmier\u0101 \u00a0XIXLatvijas\u00a0b\u0113rnu un jaunie\u0161u te\u0101tru festiv\u0101ls &#8220;&#8230;un es ie\u0161u un ie\u0161u!&#8221;, piedal\u0101s te\u0101tris \u201cSnulliS\u201d;\u00a0<\/p>\n<p>24.apr\u012bl\u012b \u00a0jaunatnes darbinieki Gulben\u0113 &#8220;Eurodesc&#8221; pas\u0101kum\u0101 &#8220;Eiropas Jaunatnes ned\u0113\u013cas&#8221; ietvaros;\u00a0<\/p>\n<p>25.apr\u012bl\u012b Al\u016bksnes KC m\u016bsdienu deju koncerts &#8220;Kad deja run\u0101&#8221; piedal\u0101s m\u016bsdienu deju grupas no \u00a0&#8220;Dejo savam priekam\u201d un &#8220;Move&#8221;\u00a0\u00a0<\/p>\n<p>25.apr\u012bl\u012b deju kolekt\u012bva &#8220;Enku-drenku&#8221;11.-12.kl. grupa uzst\u0101jas \u00a0Krustpili koncert\u0101 &#8220;Savu prieku izdejot&#8221;;\u00a0<\/p>\n<p>27.apr\u012bl\u012b Tehnisk\u0101s jaunrades diena Ziemeru pamatskol\u0101 STEM intere\u0161u izgl\u012bt\u012bbas programmu dal\u012bbniekiem;\u00a0<\/p>\n<p>29.apr\u012bl\u012b M\u0101ri\u0146kalna TN koncerts \u201cPavasara\u00a0tre\u013c\u013cos\u201d, piedal\u0101s folkloras\u00a0kr\u0101t\u016bv\u012bte\u00a0\u201cDr\u012bveldre\u0137i\u201d, deju kolekt\u012bvs \u201cVaidavi\u0146a\u201d un deju kolekt\u012bva \u201cEnku-drenku\u201d 2.;3.kl. grupas;\u00a0<\/p>\n<p>29.apr\u012bl\u012b EGAV\u0122 sv\u0113tku koncerts velt\u012bts \u00a0Latvijas Republikas Neatkar\u012bbas atjauno\u0161anas dienai, piedal\u0101s kora studijas 1.-3.kl. un 7.-12.kl. grupas, improviz\u0101cijas te\u0101tris \u201cProfitro\u013ci\u201d.\u00a0<\/p>\n<p>&nbsp;<\/p>\n<\/td>\n<\/tr>\n<\/tbody>\n<\/table>\n<p>&nbsp;<\/p>\n","protected":false},"excerpt":{"rendered":"<p>Izgl\u012bt\u012bbas p\u0101rvalde\u00a0 Pabeigta \u00a0Atvese\u013co\u0161anas fonda projekta &#8220;Sabiedr\u012bbas digit\u0101lo prasmju att\u012bst\u012bba&#8221; \u012bsteno\u0161ana.\u00a0Projekta ietvaros 169 iedz\u012bvot\u0101ji pilnveidoju\u0161i savas digit\u0101l\u0101s prasmes, kopum\u0101 316 reizes piedaloties 1., 2. un 3. l\u012bme\u0146a izgl\u012bt\u012bbas programmu apguv\u0113, \u00a0da\u013ca dal\u012bbnieku apguva\u00a0vair\u0101ku l\u012bme\u0146u\u00a0programmas.\u00a0 &nbsp; Sagatavots valsts p\u0101rbaudes darbu norises&#8230;<br \/><a class=\"read-more-button\" href=\"https:\/\/aluksne.lv\/index.php\/2026\/04\/30\/aktualitates-aprili\/\">Las\u012bt visu<\/a><\/p>\n","protected":false},"author":1,"featured_media":0,"comment_status":"closed","ping_status":"open","sticky":false,"template":"","format":"standard","meta":{"_crdt_document":"","_monsterinsights_skip_tracking":false,"_monsterinsights_sitenote_active":false,"_monsterinsights_sitenote_note":"","_monsterinsights_sitenote_category":0,"footnotes":"","_links_to":"","_links_to_target":""},"categories":[554],"tags":[],"class_list":["post-62433","post","type-post","status-publish","format-standard","hentry","category-izglitiba"],"_links":{"self":[{"href":"https:\/\/aluksne.lv\/index.php\/wp-json\/wp\/v2\/posts\/62433","targetHints":{"allow":["GET"]}}],"collection":[{"href":"https:\/\/aluksne.lv\/index.php\/wp-json\/wp\/v2\/posts"}],"about":[{"href":"https:\/\/aluksne.lv\/index.php\/wp-json\/wp\/v2\/types\/post"}],"author":[{"embeddable":true,"href":"https:\/\/aluksne.lv\/index.php\/wp-json\/wp\/v2\/users\/1"}],"replies":[{"embeddable":true,"href":"https:\/\/aluksne.lv\/index.php\/wp-json\/wp\/v2\/comments?post=62433"}],"version-history":[{"count":1,"href":"https:\/\/aluksne.lv\/index.php\/wp-json\/wp\/v2\/posts\/62433\/revisions"}],"predecessor-version":[{"id":62434,"href":"https:\/\/aluksne.lv\/index.php\/wp-json\/wp\/v2\/posts\/62433\/revisions\/62434"}],"wp:attachment":[{"href":"https:\/\/aluksne.lv\/index.php\/wp-json\/wp\/v2\/media?parent=62433"}],"wp:term":[{"taxonomy":"category","embeddable":true,"href":"https:\/\/aluksne.lv\/index.php\/wp-json\/wp\/v2\/categories?post=62433"},{"taxonomy":"post_tag","embeddable":true,"href":"https:\/\/aluksne.lv\/index.php\/wp-json\/wp\/v2\/tags?post=62433"}],"curies":[{"name":"wp","href":"https:\/\/api.w.org\/{rel}","templated":true}]}}