{"id":62441,"date":"2026-04-30T13:22:11","date_gmt":"2026-04-30T10:22:11","guid":{"rendered":"https:\/\/aluksne.lv\/?p=62441"},"modified":"2026-04-30T13:24:47","modified_gmt":"2026-04-30T10:24:47","slug":"izpilddirektora-informacija-30-04-2026","status":"publish","type":"post","link":"https:\/\/aluksne.lv\/index.php\/2026\/04\/30\/izpilddirektora-informacija-30-04-2026\/","title":{"rendered":"Izpilddirektora inform\u0101cija 30.04.2026."},"content":{"rendered":"<p><img loading=\"lazy\" decoding=\"async\" class=\" wp-image-62443 alignright\" src=\"https:\/\/aluksne.lv\/wp-content\/uploads\/2026\/04\/Prezentacija_aprilis_2026.pptx-Tikai-lasams-1024x576.jpg\" alt=\"Izpilddirektora inform\u0101cija 30.04.2026.\" width=\"549\" height=\"309\" srcset=\"https:\/\/aluksne.lv\/wp-content\/uploads\/2026\/04\/Prezentacija_aprilis_2026.pptx-Tikai-lasams-1024x576.jpg 1024w, https:\/\/aluksne.lv\/wp-content\/uploads\/2026\/04\/Prezentacija_aprilis_2026.pptx-Tikai-lasams-800x450.jpg 800w, https:\/\/aluksne.lv\/wp-content\/uploads\/2026\/04\/Prezentacija_aprilis_2026.pptx-Tikai-lasams-768x432.jpg 768w, https:\/\/aluksne.lv\/wp-content\/uploads\/2026\/04\/Prezentacija_aprilis_2026.pptx-Tikai-lasams-1536x864.jpg 1536w, https:\/\/aluksne.lv\/wp-content\/uploads\/2026\/04\/Prezentacija_aprilis_2026.pptx-Tikai-lasams-2048x1152.jpg 2048w, https:\/\/aluksne.lv\/wp-content\/uploads\/2026\/04\/Prezentacija_aprilis_2026.pptx-Tikai-lasams-1170x658.jpg 1170w\" sizes=\"auto, (max-width: 549px) 100vw, 549px\" \/>L\u012bdz 28. apr\u012blim Al\u016bksnes novada Dzimtsarakstu noda\u013c\u0101 re\u0123istr\u0113ti 12 jaundzimu\u0161ie, 5 laul\u012bbas un 74 m\u016b\u017e\u012bb\u0101 aizg\u0101ju\u0161ie. Darbu Dzimtsarakstu noda\u013cas vad\u012bt\u0101ja vietnieka amat\u0101 k\u0101 pien\u0101kumu izpild\u012bt\u0101ja uzs\u0101kusi L\u012bga J\u0113kabsone.<br \/>\n29. apr\u012bl\u012b Al\u016bksnes novad\u0101 re\u0123ion\u0101laj\u0101 viz\u012bt\u0113 bija ieradies vesel\u012bbas ministrs Hosams Abu Meri.<\/p>\n<p>\nAl\u016bksn\u0113, pie v\u0113sturisk\u0101s ieejas mui\u017eas park\u0101, Oj\u0101ra V\u0101cie\u0161a iel\u0101 1, s\u0101kas darbi, lai izveidotu d\u0101rzu fran\u010du ainavu stil\u0101, sakoptu to aptvero\u0161os st\u0101d\u012bjumus un ier\u012bkotu g\u0101j\u0113ju celi\u0146us.<\/p>\n<p>Turpin\u0101s b\u016bvdarbi biju\u0161aj\u0101 VEF teritorij\u0101, J\u0101\u0146kalna iel\u0101 8 (daudzdz\u012bvok\u013cu dz\u012bvojam\u0101s m\u0101jas p\u0101rb\u016bve), Saules tilta atjauno\u0161ana, melior\u0101cijas sist\u0113mas sak\u0101rto\u0161ana pie Al\u016bksnes ezera, Pilssalas tilta remontdarbi, maij\u0101 tiks uzs\u0101kti b\u016bvdarbi Me\u017einiekos.<\/p>\n<p>Hel\u0113nas iel\u0101, posm\u0101 no D\u0101rza l\u012bdz Liel\u0101 Ezera ielai, \u0161opavasar notiks centraliz\u0113t\u0101s \u016bdensapg\u0101des sist\u0113mas un siltumtrases mai\u0146a. \u0160obr\u012bd jau ar caurdures metodi posm\u0101 izb\u016bv\u0113ts jauns ma\u0123istr\u0101lais \u016bdensvads. T\u0101l\u0101k sekos \u016bdensvada atzaru izb\u016bve.<\/p>\n<p>Pa\u0161vald\u012bbas bud\u017eeta izpilde uz 29.04.2026.:<br \/>\nIe\u0146\u0113mumi kop\u0101 34,76%,<br \/>\nTaj\u0101 skait\u0101:<br \/>\nIedz\u012bvot\u0101ju ien\u0101kuma nodoklis 27,14% (p\u0113c likuma \u201cPar valsts bud\u017eetu 2026.gadam un bud\u017eeta ietvaru 2026., 2027. un 2028.gadam\u201d procentu\u0101l\u0101 sadal\u012bjuma par pilniem 4 m\u0113ne\u0161iem j\u0101b\u016bt 30,33%)<br \/>\nNekustam\u0101 \u012bpa\u0161uma nodoklis \u2013 86,34%<br \/>\nPa\u0161vald\u012bbu finan\u0161u izl\u012bdzin\u0101\u0161anas fonda dot\u0101cija 38,45%<br \/>\nBud\u017eeta iest\u0101\u017eu ie\u0146\u0113mumi 33,44%<br \/>\nIzdevumu izpild\u012bti par 23,27%<br \/>\nPa\u0161vald\u012bbas aizdevumu un galvojumu saist\u012bbas 13,74% pret pa\u0161vald\u012bbas bud\u017eetu bez m\u0113r\u0137dot\u0101cij\u0101m un iemaks\u0101m pa\u0161vald\u012bbu finan\u0161u izl\u012bdzin\u0101\u0161anas fond\u0101.<\/p>\n<p>Iepirkumi Centr\u0101laj\u0101 administr\u0101cij\u0101:<br \/>\nIzsludin\u0101ti: Ziemeru pamatskolas telpu vienk\u0101r\u0161otas atjauno\u0161anas projekt\u0113\u0161ana un b\u016bvdarbi, Pils\u0113tas bulv\u0101ra un Darba ielas p\u0101rb\u016bve Al\u016bksn\u0113, divu ra\u017eo\u0161anas \u0113ku izb\u016bve, daudzdz\u012bvok\u013cu dz\u012bvojam\u0101s m\u0101jas projekt\u0113\u0161ana un b\u016bvniec\u012bba Al\u016bksn\u0113.<br \/>\nSagatavo\u0161an\u0101: grupu m\u0101jas jaunb\u016bve M\u0101lup\u0113.<br \/>\nPie\u0146emti l\u0113mumi sl\u0113gt l\u012bgumu: tranz\u012bta un grants ielu seguma atjauno\u0161ana Al\u016bksn\u0113, ezera piekrastes promen\u0101des izb\u016bve.<\/p>\n<p>Al\u016bksnes m\u016bzikas skola ar koncertu Al\u016bksnes kult\u016bras centr\u0101 atz\u012bm\u0113jusi 80 gadu jubileju.<\/p>\n<p>Ieg\u0101d\u0101ti soli un uzs\u0101kta to uzst\u0101d\u012b\u0161ana Liepn\u0101, realiz\u0113jot Liepnas pagasta iedz\u012bvot\u0101ju 2025.gada l\u012bdzdal\u012bbas bud\u017eeta projekta ideju.<\/p>\n<p>Pa\u0161vald\u012bbas \u0113kai \u201cL\u012bksm\u0113s\u201d M\u0101ri\u0146kaln\u0101 veikta b\u0113ni\u0146u siltin\u0101\u0161ana.<\/p>\n<p>Zelti\u0146os veikti \u0101ra tualetes jumta seguma remontdarbi, v\u0113jtvera un publisko koka \u0161\u016bpo\u013cu remonts.<\/p>\n<p>Jaunlaicen\u0113 uzs\u0101kti estr\u0101des \u0113kas gr\u012bdas un pamatu remontdarbi.<\/p>\n<p>Uz visiem pa\u0161vald\u012bbas autoce\u013ciem atcelti transportl\u012bdzek\u013cu satiksmes ierobe\u017eojumi klimatisko apst\u0101k\u013cu d\u0113\u013c. Pa\u0161vald\u012bbas autoce\u013cu ikdienas uztur\u0113\u0161anas darbu ietvaros pagastos organiz\u0113ta un veikta ce\u013cu greider\u0113\u0161ana un atsevi\u0161\u0137os posmos grants segas pastiprin\u0101\u0161ana.<\/p>\n<p>Pagastu apvien\u012bbas p\u0101rvald\u0113 nosl\u0113gu\u0161\u0101s iepirkuma proced\u016bras K\u016bdupes tilta p\u0101rb\u016bvei Pededz\u0113 un no valsts p\u0101r\u0146emto pa\u0161vald\u012bbas autoce\u013cu remontdarbiem.<\/p>\n<p>31.mart\u0101 notiku\u0161aj\u0101 nekustam\u0101 \u012bpa\u0161uma \u201cStrauti\u0146u skola\u201d, Strauti\u0146os, Alsvi\u0137u pagast\u0101 tre\u0161aj\u0101 izsol\u0113 \u012bpa\u0161uma ties\u012bbas par summu 31 980 EUR ieguva fiziska persona.<\/p>\n<p>No 7.apr\u012b\u013ca l\u012bdz 7.maijam iedz\u012bvot\u0101ji aicin\u0101ti iesniegt idejas l\u012bdzdal\u012bbas bud\u017eeta projektu konkurs\u0101.<\/p>\n<p>Apr\u012bl\u012b pa\u0161vald\u012bbas vad\u012bbai tiekoties ar iest\u0101\u017eu \u201cSpodra\u201d un \u201cAlja\u201d vad\u012bt\u0101jiem, nodefin\u0113ti to uzdevumi un m\u0113r\u0137i.<\/p>\n<p>Spodr\u0101 \u2013 optimiz\u0113t darba organiz\u0101ciju, veidojot darbinieku brig\u0101des un piesaistot \u0101rpakalpojuma sniedz\u0113jus, turpin\u0101t soli\u0146u un atkritumu urnu uzst\u0101d\u012b\u0161anu, savlaic\u012bgi nov\u0101kt b\u012bstamos kokus Al\u016bksnes kapos, turpin\u0101t digitaliz\u0113t Al\u016bksnes kapu teritorijas, atjaunot informat\u012bv\u0101s piktogrammas.<\/p>\n<p>Alj\u0101 \u2013 pazemin\u0101t \u016bdens l\u012bmeni, nostiprin\u0101t konstrukcijas, att\u012br\u012bt pies\u0113r\u0113jumu Lukum\u012b\u0161a ezer\u0101, pl\u0101not Indzera ezera ekspluat\u0101cijas noteikumu un apsaimnieko\u0161anas strat\u0113\u0123ijas izstr\u0101di, turpin\u0101t Pededzes upes baseina licenc\u0113t\u0101s mak\u0161\u0137er\u0113\u0161anas nolikuma izstr\u0101di, projekta ietvaros organiz\u0113t Zelti\u0146u dzelzsbetona tilta sliek\u0161\u0146a nojauk\u0161anas darbus, atp\u016btas vietas ar peld\u0113\u0161anas vietas izveidi, veikt fas\u0101des remontdarbus hidrotehniskajai b\u016bvei Al\u016bksnes ezera iztek\u0101, \u016bdensnoteku sist\u0113mas atjauno\u0161anu un kan\u0101la padzi\u013cin\u0101\u0161anu, atjaunot segumu laivu nolai\u0161anas viet\u0101 Ozolu iel\u0101 un pie M\u0101kslas skolas, remont\u0113t laipas iek\u0161ezer\u0101.<\/p>\n<p>2025.gad\u0101 Al\u016bksnes novad\u0101 viet\u0113jais t\u016brisms piedz\u012bvojis pak\u0101penisku kritumu, savuk\u0101rt \u0101rvalstu t\u016brisma pl\u016bsm\u0101 v\u0113rojams pieaugums.<\/p>\n<p>2025.gad\u0101 nak\u0161\u0146ot\u0101ju datos iez\u012bm\u0113jas pozit\u012bva tendence, kas saist\u012bta ar t\u016brisma att\u012bst\u012bbas strat\u0113\u0123ijas ievie\u0161anu \u2013 pieaudzis nak\u0161\u0146ojo\u0161o t\u016bristu skaits tie\u0161i sezonas plecu period\u0101 pavasar\u012b un ruden\u012b. Tas liecina par m\u0113r\u0137tiec\u012bgu darbu pie piepras\u012bjuma izl\u012bdzin\u0101\u0161anas, izmantojot publiskos pas\u0101kumus, m\u0113r\u0137\u0113tas m\u0101rketinga aktivit\u0101tes un pied\u0101v\u0101juma da\u017e\u0101do\u0161anu \u0101rpus tradicion\u0101li piepras\u012bt\u0101s vasaras sezonas.<br \/>\nLai uzlabotu Al\u016bksnes novada t\u016brisma uz\u0146\u0113m\u0113ju redzam\u012bbu digit\u0101laj\u0101 vid\u0113, ir uzs\u0101kts darbs pie individu\u0101l\u0101m p\u0101rrun\u0101m, apm\u0101c\u012bb\u0101m un uz\u0146\u0113mumu profilu sak\u0101rto\u0161anas.<br \/>\nFoto un video kampa\u0146u veido\u0161ana, aktualiz\u0113\u0161ana t\u016brisma objektos un uz\u0146\u0113mumos.<br \/>\nSadarb\u012bbas stiprin\u0101\u0161ana ar Latvijas, Baltijas t\u016broperatoriem.<\/p>\n<p>T\u016brisma centra r\u012bkotie liel\u0101kie pas\u0101kumi: izgaismot\u0101 Cepur\u012btes sala, Muzeju nakts divos objektos, velo brauciens \u00abB\u0101n\u012b\u0161a zem\u0113\u00bb, \u00abSlepeni kodol\u012bgs piedz\u012bvojums &#8211; 2\u00bb Zelti\u0146os, M\u0101jas kafejn\u012bcu dienas vis\u0101 novad\u0101, B\u0101n\u012b\u0161a sv\u0113tki, Pils\u0113tp\u0101rg\u0101jiens-6, Rudens k\u0101piens -2, Naksn\u012bgais p\u0101rg\u0101jiens ziem\u0101, VIVI brauciens, \u00abMARIENBURGAS astotais br\u0101lis\u00bb &#8211; 5.<\/p>\n<p>&nbsp;<\/p>\n<h2><a href=\"https:\/\/aluksne.lv\/wp-content\/uploads\/2026\/04\/Prezentacija_aprilis_2026.pdf\">PREZENT\u0100CIJA<\/a><\/h2>\n","protected":false},"excerpt":{"rendered":"<p>L\u012bdz 28. apr\u012blim Al\u016bksnes novada Dzimtsarakstu noda\u013c\u0101 re\u0123istr\u0113ti 12 jaundzimu\u0161ie, 5 laul\u012bbas un 74 m\u016b\u017e\u012bb\u0101 aizg\u0101ju\u0161ie. Darbu Dzimtsarakstu noda\u013cas vad\u012bt\u0101ja vietnieka amat\u0101 k\u0101 pien\u0101kumu izpild\u012bt\u0101ja uzs\u0101kusi L\u012bga J\u0113kabsone. 29. apr\u012bl\u012b Al\u016bksnes novad\u0101 re\u0123ion\u0101laj\u0101 viz\u012bt\u0113 bija ieradies vesel\u012bbas ministrs Hosams Abu&#8230;<br \/><a class=\"read-more-button\" href=\"https:\/\/aluksne.lv\/index.php\/2026\/04\/30\/izpilddirektora-informacija-30-04-2026\/\">Las\u012bt visu<\/a><\/p>\n","protected":false},"author":1,"featured_media":62443,"comment_status":"closed","ping_status":"open","sticky":false,"template":"","format":"standard","meta":{"_crdt_document":"","_monsterinsights_skip_tracking":false,"_monsterinsights_sitenote_active":false,"_monsterinsights_sitenote_note":"","_monsterinsights_sitenote_category":0,"footnotes":"","_links_to":"","_links_to_target":""},"categories":[9],"tags":[],"class_list":["post-62441","post","type-post","status-publish","format-standard","has-post-thumbnail","hentry","category-noderiga-informacija"],"_links":{"self":[{"href":"https:\/\/aluksne.lv\/index.php\/wp-json\/wp\/v2\/posts\/62441","targetHints":{"allow":["GET"]}}],"collection":[{"href":"https:\/\/aluksne.lv\/index.php\/wp-json\/wp\/v2\/posts"}],"about":[{"href":"https:\/\/aluksne.lv\/index.php\/wp-json\/wp\/v2\/types\/post"}],"author":[{"embeddable":true,"href":"https:\/\/aluksne.lv\/index.php\/wp-json\/wp\/v2\/users\/1"}],"replies":[{"embeddable":true,"href":"https:\/\/aluksne.lv\/index.php\/wp-json\/wp\/v2\/comments?post=62441"}],"version-history":[{"count":3,"href":"https:\/\/aluksne.lv\/index.php\/wp-json\/wp\/v2\/posts\/62441\/revisions"}],"predecessor-version":[{"id":62447,"href":"https:\/\/aluksne.lv\/index.php\/wp-json\/wp\/v2\/posts\/62441\/revisions\/62447"}],"wp:featuredmedia":[{"embeddable":true,"href":"https:\/\/aluksne.lv\/index.php\/wp-json\/wp\/v2\/media\/62443"}],"wp:attachment":[{"href":"https:\/\/aluksne.lv\/index.php\/wp-json\/wp\/v2\/media?parent=62441"}],"wp:term":[{"taxonomy":"category","embeddable":true,"href":"https:\/\/aluksne.lv\/index.php\/wp-json\/wp\/v2\/categories?post=62441"},{"taxonomy":"post_tag","embeddable":true,"href":"https:\/\/aluksne.lv\/index.php\/wp-json\/wp\/v2\/tags?post=62441"}],"curies":[{"name":"wp","href":"https:\/\/api.w.org\/{rel}","templated":true}]}}