{"id":64590,"date":"2026-08-31T08:09:00","date_gmt":"2026-08-31T05:09:00","guid":{"rendered":"https:\/\/aluksne.lv\/?p=64590"},"modified":"2026-08-31T08:11:14","modified_gmt":"2026-08-31T05:11:14","slug":"zinibu-diena-aluksnes-novada-izglitibas-iestades","status":"publish","type":"post","link":"https:\/\/aluksne.lv\/index.php\/2026\/08\/31\/zinibu-diena-aluksnes-novada-izglitibas-iestades\/","title":{"rendered":"Zin\u012bbu diena Al\u016bksnes novada izgl\u012bt\u012bbas iest\u0101d\u0113s"},"content":{"rendered":"<p><strong><img loading=\"lazy\" decoding=\"async\" class=\"alignright wp-image-64591\" src=\"https:\/\/aluksne.lv\/wp-content\/uploads\/2026\/08\/12.png\" alt=\"\" width=\"538\" height=\"451\" srcset=\"https:\/\/aluksne.lv\/wp-content\/uploads\/2026\/08\/12.png 940w, https:\/\/aluksne.lv\/wp-content\/uploads\/2026\/08\/12-716x600.png 716w, https:\/\/aluksne.lv\/wp-content\/uploads\/2026\/08\/12-768x644.png 768w\" sizes=\"auto, (max-width: 538px) 100vw, 538px\" \/> <img loading=\"lazy\" decoding=\"async\" class=\"alignright wp-image-64593\" src=\"https:\/\/aluksne.lv\/wp-content\/uploads\/2026\/08\/13.png\" alt=\"\" width=\"538\" height=\"451\" srcset=\"https:\/\/aluksne.lv\/wp-content\/uploads\/2026\/08\/13.png 940w, https:\/\/aluksne.lv\/wp-content\/uploads\/2026\/08\/13-716x600.png 716w, https:\/\/aluksne.lv\/wp-content\/uploads\/2026\/08\/13-768x644.png 768w\" sizes=\"auto, (max-width: 538px) 100vw, 538px\" \/> <img loading=\"lazy\" decoding=\"async\" class=\"size-full wp-image-64594 alignright\" src=\"https:\/\/aluksne.lv\/wp-content\/uploads\/2026\/08\/14.png\" alt=\"\" width=\"940\" height=\"788\" srcset=\"https:\/\/aluksne.lv\/wp-content\/uploads\/2026\/08\/14.png 940w, https:\/\/aluksne.lv\/wp-content\/uploads\/2026\/08\/14-716x600.png 716w, https:\/\/aluksne.lv\/wp-content\/uploads\/2026\/08\/14-768x644.png 768w\" sizes=\"auto, (max-width: 940px) 100vw, 940px\" \/>9.00 Ziemeru pamatskol\u0101<\/strong> svin\u012bgais pas\u0101kums<\/p>\n<p><strong>7.15-8.30<\/strong> <strong>pirmsskolas izgl\u012bt\u012bbas iest\u0101d\u0113 \u00a0&#8220;Saul\u012bte <\/strong>b\u0113rnu sagaid\u012b\u0161ana pie iest\u0101des v\u0101rtiem (PII &#8220;Saul\u012bte&#8221;), <strong>9.30<\/strong> svin\u012bgais pas\u0101kums (izgl\u012bt\u012bbas realiz\u0101cijas viet\u0101 PII &#8220;Zemen\u012bte&#8221;)<\/p>\n<p><strong>9.30<\/strong> <strong>Alekseja Gr\u0101v\u012b\u0161a Liepnas pamatskol\u0101 <\/strong>svin\u012bgais pas\u0101kums sv\u0113tku z\u0101l\u0113<\/p>\n<p><strong>9.30<\/strong> <strong>pirmsskolas izgl\u012bt\u012bbas iest\u0101d\u0113 &#8220;Pienen\u012bte&#8221;<\/strong> svin\u012bgais pas\u0101kums ab\u0101s izgl\u012bt\u012bbas realiz\u0101cijas viet\u0101s PII &#8220;Pienen\u012bte&#8221; un PII &#8220;P\u016bc\u012bte&#8221;<\/p>\n<p><strong>9.30 pirmsskolas izgl\u012bt\u012bbas iest\u0101d\u0113 &#8220;Spr\u012bd\u012btis&#8221; <\/strong>svin\u012bgais pas\u0101kums iest\u0101des pagalm\u0101<\/p>\n<p><strong>10.00 Ernsta Glika Al\u016bksnes Valsts \u0123imn\u0101zij\u0101 sv\u0113tku g\u0101jiens, <\/strong>plkst. 10.30 svin\u012bgais pas\u0101kums Administrat\u012bv\u0101s \u0113kas laukum\u0101 (D\u0101rza iela 11)<\/p>\n<p><strong>13.00 Al\u016bksnes M\u0101kslas skol\u0101 Zin\u012bbu diena <\/strong>skolas z\u0101l\u0113<\/p>\n<p><strong>15.00 Al\u016bksnes M\u016bzikas skol\u0101 Zin\u012bbu diena <\/strong>skolas pagalm\u0101<\/p>\n<p><strong>31. august\u0101 Pirmsskolas izgl\u012bt\u012bbas iest\u0101de &#8220;Mazputni\u0146\u0161&#8221;<\/strong> <br \/>\n<strong>9.00<\/strong> grup\u0101 &#8220;C\u0101l\u012b\u0161i&#8221;<br \/>\n<strong>9.30<\/strong> grup\u0101m &#8220;Irb\u012btes&#8221; un &#8220;P\u016bc\u012btes&#8221;<\/p>\n","protected":false},"excerpt":{"rendered":"<p>9.00 Ziemeru pamatskol\u0101 svin\u012bgais pas\u0101kums 7.15-8.30 pirmsskolas izgl\u012bt\u012bbas iest\u0101d\u0113 \u00a0&#8220;Saul\u012bte b\u0113rnu sagaid\u012b\u0161ana pie iest\u0101des v\u0101rtiem (PII &#8220;Saul\u012bte&#8221;), 9.30 svin\u012bgais pas\u0101kums (izgl\u012bt\u012bbas realiz\u0101cijas viet\u0101 PII &#8220;Zemen\u012bte&#8221;) 9.30 Alekseja Gr\u0101v\u012b\u0161a Liepnas pamatskol\u0101 svin\u012bgais pas\u0101kums sv\u0113tku z\u0101l\u0113 9.30 pirmsskolas izgl\u012bt\u012bbas iest\u0101d\u0113 &#8220;Pienen\u012bte&#8221; svin\u012bgais&#8230;<br \/><a class=\"read-more-button\" href=\"https:\/\/aluksne.lv\/index.php\/2026\/08\/31\/zinibu-diena-aluksnes-novada-izglitibas-iestades\/\">Las\u012bt visu<\/a><\/p>\n","protected":false},"author":6,"featured_media":64596,"comment_status":"closed","ping_status":"closed","sticky":false,"template":"","format":"standard","meta":{"_monsterinsights_skip_tracking":false,"footnotes":"","_links_to":"","_links_to_target":""},"categories":[9],"tags":[],"class_list":["post-64590","post","type-post","status-publish","format-standard","has-post-thumbnail","hentry","category-noderiga-informacija"],"_links":{"self":[{"href":"https:\/\/aluksne.lv\/index.php\/wp-json\/wp\/v2\/posts\/64590","targetHints":{"allow":["GET"]}}],"collection":[{"href":"https:\/\/aluksne.lv\/index.php\/wp-json\/wp\/v2\/posts"}],"about":[{"href":"https:\/\/aluksne.lv\/index.php\/wp-json\/wp\/v2\/types\/post"}],"author":[{"embeddable":true,"href":"https:\/\/aluksne.lv\/index.php\/wp-json\/wp\/v2\/users\/6"}],"replies":[{"embeddable":true,"href":"https:\/\/aluksne.lv\/index.php\/wp-json\/wp\/v2\/comments?post=64590"}],"version-history":[{"count":3,"href":"https:\/\/aluksne.lv\/index.php\/wp-json\/wp\/v2\/posts\/64590\/revisions"}],"predecessor-version":[{"id":64598,"href":"https:\/\/aluksne.lv\/index.php\/wp-json\/wp\/v2\/posts\/64590\/revisions\/64598"}],"wp:featuredmedia":[{"embeddable":true,"href":"https:\/\/aluksne.lv\/index.php\/wp-json\/wp\/v2\/media\/64596"}],"wp:attachment":[{"href":"https:\/\/aluksne.lv\/index.php\/wp-json\/wp\/v2\/media?parent=64590"}],"wp:term":[{"taxonomy":"category","embeddable":true,"href":"https:\/\/aluksne.lv\/index.php\/wp-json\/wp\/v2\/categories?post=64590"},{"taxonomy":"post_tag","embeddable":true,"href":"https:\/\/aluksne.lv\/index.php\/wp-json\/wp\/v2\/tags?post=64590"}],"curies":[{"name":"wp","href":"https:\/\/api.w.org\/{rel}","templated":true}]}}