{"id":64659,"date":"2026-09-01T07:57:09","date_gmt":"2026-09-01T04:57:09","guid":{"rendered":"https:\/\/aluksne.lv\/?p=64659"},"modified":"2026-09-01T07:57:09","modified_gmt":"2026-09-01T04:57:09","slug":"aicina-sabiedribu-lidzdarboties-aluksnes-novada-attistibas-programmas-2028-2033-gadam-izstrade","status":"publish","type":"post","link":"https:\/\/aluksne.lv\/index.php\/2026\/09\/01\/aicina-sabiedribu-lidzdarboties-aluksnes-novada-attistibas-programmas-2028-2033-gadam-izstrade\/","title":{"rendered":"Aicina sabiedr\u012bbu l\u012bdzdarboties Al\u016bksnes novada att\u012bst\u012bbas programmas 2028.-2033.\u00a0gadam izstr\u0101d\u0113"},"content":{"rendered":"<p><strong>Al\u016bksnes novada pa\u0161vald\u012bba ir uzs\u0101kusi viet\u0113ja l\u012bme\u0146a vid\u0113ja termi\u0146a att\u012bst\u012bbas pl\u0101no\u0161anas dokumenta &#8211; \u201cAl\u016bksnes novada att\u012bst\u012bbas programma 2028.-2033. gadam\u201d izstr\u0101di un aicina sabiedr\u012bbu akt\u012bvi l\u012bdzdarboties t\u0101s izstr\u0101des proces\u0101.<\/strong><\/p>\n<p>Att\u012bst\u012bbas programmas m\u0113r\u0137is ir noteikt pa\u0161vald\u012bbas vid\u0113ja termi\u0146a priorit\u0101tes un nepiecie\u0161amo r\u012bc\u012bbu kopumu to \u012bsteno\u0161anai laika period\u0101 no 2028. l\u012bdz 2033. gadam. Dokument\u0101 tiks defin\u0113ti novada att\u012bst\u012bbas virzieni, risin\u0101mie izaicin\u0101jumi, \u012bstenojam\u0101s aktivit\u0101tes un noz\u012bm\u012bg\u0101kie projekti.<\/p>\n<p>Lai att\u012bst\u012bbas programma atspogu\u013cotu p\u0113c iesp\u0113jas pla\u0161\u0101ku sabiedr\u012bbas redz\u0113jumu un vajadz\u012bbas, pa\u0161vald\u012bba aicina iedz\u012bvot\u0101jus, uz\u0146\u0113m\u0113jus, nevalstisko organiz\u0101ciju p\u0101rst\u0101vjus, nozaru profesion\u0101\u013cus, Al\u016bksnes novada iedz\u012bvot\u0101ju padomes locek\u013cus un ikvienu interesentu akt\u012bvi iesaist\u012bties t\u0101s izstr\u0101d\u0113.<\/p>\n<p>&nbsp;<\/p>\n<p><strong>Sabiedr\u012bbas l\u012bdzdal\u012bba att\u012bst\u012bbas programmas izstr\u0101d\u0113 paredz\u0113ta vair\u0101kos posmos:<\/strong><\/p>\n<ol>\n<li>Tematisk\u0101s darba grupas (2026. gada septembris &#8211; oktobris);<\/li>\n<li>Iedz\u012bvot\u0101ju aptauja (2026. gada septembris &#8211; oktobris);<\/li>\n<li>Sabiedrisk\u0101 apsprie\u0161ana (2027. gada marts).<\/li>\n<\/ol>\n<p>&nbsp;<\/p>\n<p><strong>Tematisko darba grupu grafiks:<\/strong><\/p>\n<table width=\"605\">\n<tbody>\n<tr>\n<td width=\"189\">\n<p><strong>10.09. <\/strong>plkst. 17.00<\/p>\n<\/td>\n<td width=\"416\">\n<p><strong>Vide, ce\u013ci un dz\u012bves telpa<\/strong><\/p>\n<p>Centr\u0101l\u0101s administr\u0101cijas \u0113ka, D\u0101rza iela 11, Al\u016bksne<\/p>\n<\/td>\n<\/tr>\n<tr>\n<td width=\"189\">\n<p><strong>17.09.\u00a0 <\/strong>plkst. 17.00<\/p>\n<\/td>\n<td width=\"416\">\n<p><strong>\u0122imenes, izgl\u012bt\u012bba un akt\u012bva kopiena<\/strong><\/p>\n<p>Centr\u0101l\u0101s administr\u0101cijas \u0113ka, D\u0101rza iela 11, Al\u016bksne<\/p>\n<\/td>\n<\/tr>\n<tr>\n<td width=\"189\">\n<p><strong>24.09. <\/strong>plkst. 17.00<\/p>\n<\/td>\n<td width=\"416\">\n<p><strong>Uz\u0146\u0113m\u0113jdarb\u012bba un t\u016brisms<\/strong><\/p>\n<p>Centr\u0101l\u0101s administr\u0101cijas \u0113ka, D\u0101rza iela 11, Al\u016bksne<\/p>\n<\/td>\n<\/tr>\n<tr>\n<td width=\"189\">\n<p><strong>01.10. <\/strong>plkst. 17.00<\/p>\n<\/td>\n<td width=\"416\">\n<p><strong>Atbalsts, dro\u0161\u012bba un pa\u0161vald\u012bbas pakalpojumi<\/strong><\/p>\n<p>Al\u016bksnes Kult\u016bras centrs, Br\u016b\u017ea iela 7, Al\u016bksne<\/p>\n<\/td>\n<\/tr>\n<\/tbody>\n<\/table>\n<p>&nbsp;<\/p>\n<p>Tematiskaj\u0101s darba grup\u0101s dal\u012bbniekiem b\u016bs iesp\u0113ja diskut\u0113t par aktu\u0101laj\u0101m probl\u0113m\u0101m un att\u012bst\u012bbas iesp\u0113j\u0101m, identific\u0113t priorit\u0101tes, k\u0101 ar\u012b sniegt priek\u0161likumus novada turpm\u0101kajai att\u012bst\u012bbai.<\/p>\n<p>Pa\u0161vald\u012bba aicina interesentus pieteikties dal\u012bbai tematiskaj\u0101s darba grup\u0101s <strong>l\u012bdz 9.\u00a0septembrim<\/strong>, aizpildot pieteikuma anketu, kas pieejama \u0161aj\u0101 sait\u0113: <a href=\"https:\/\/forms.cloud.microsoft\/e\/QGtSzPn0p1?origin=lprLink\">https:\/\/forms.cloud.microsoft\/e\/QGtSzPn0p1?origin=lprLink<\/a>.<\/p>\n<p>Al\u016bksnes novada pa\u0161vald\u012bba aicina ikvienu izmantot iesp\u0113ju iesaist\u012bties novada n\u0101kotnes veido\u0161an\u0101!<\/p>\n<p style=\"text-align: center;\"><a href=\"https:\/\/aluksne.lv\/wp-content\/uploads\/2026\/09\/IESAISTIES_att_programma.jpg\"><img loading=\"lazy\" decoding=\"async\" class=\"alignnone size-full wp-image-64660\" src=\"https:\/\/aluksne.lv\/wp-content\/uploads\/2026\/09\/IESAISTIES_att_programma.jpg\" alt=\"Plak\u0101ts ar gai\u0161i zilu fonu un uzrakstu &quot;AICIN\u0100M SABIEDR\u012aBU L\u012aDZDARBOTIES! Al\u016bksnes novada att\u012bst\u012bbas programmas 2028.-2033. gadam izstr\u0101d\u0113&quot;. Taj\u0101 aicin\u0101ts n\u0101kt ar sav\u0101m idej\u0101m uz tematiskaj\u0101m darba grup\u0101m. Darba grupas notiks: 10.09. plkst. 17.00 Vide, ce\u013ci un dz\u012bves telpa; 17.09. plkst. 17.00 \u0122imenes, izgl\u012bt\u012bba un akt\u012bva kopiena; 24.09. plkst. 17.00 Uz\u0146\u0113m\u0113jdarb\u012bba un t\u016brisms, visas Centr\u0101l\u0101s administr\u0101cijas \u0113k\u0101. 01.10. plkst. 17.00 Atbalsts, dro\u0161\u012bba un pa\u0161vald\u012bbas pakalpojumi Al\u016bksnes Kult\u016bras centr\u0101. &quot;PIESAKIES tematiskaj\u0101m darba grup\u0101m l\u012bdz 9. septembrim!&quot;. Apak\u0161\u0101 redzams QR kods un nor\u0101de &quot;Inform\u0101cija: www.aluksne.lv&quot;.\" width=\"1080\" height=\"1350\" srcset=\"https:\/\/aluksne.lv\/wp-content\/uploads\/2026\/09\/IESAISTIES_att_programma.jpg 1080w, https:\/\/aluksne.lv\/wp-content\/uploads\/2026\/09\/IESAISTIES_att_programma-480x600.jpg 480w, https:\/\/aluksne.lv\/wp-content\/uploads\/2026\/09\/IESAISTIES_att_programma-819x1024.jpg 819w, https:\/\/aluksne.lv\/wp-content\/uploads\/2026\/09\/IESAISTIES_att_programma-768x960.jpg 768w\" sizes=\"auto, (max-width: 1080px) 100vw, 1080px\" \/><\/a><\/p>\n<p>&nbsp;<\/p>\n<p><em>Sagatavoja: Evita APLOKA,<\/em><br \/>\n<em>Al\u016bksnes novada pa\u0161vald\u012bbas<\/em><br \/>\n<em>Centr\u0101l\u0101s administr\u0101cijas sabiedrisko attiec\u012bbu speci\u0101liste<\/em><\/p>\n","protected":false},"excerpt":{"rendered":"<p>Al\u016bksnes novada pa\u0161vald\u012bba ir uzs\u0101kusi viet\u0113ja l\u012bme\u0146a vid\u0113ja termi\u0146a att\u012bst\u012bbas pl\u0101no\u0161anas dokumenta &#8211; \u201cAl\u016bksnes novada att\u012bst\u012bbas programma 2028.-2033. gadam\u201d izstr\u0101di un aicina sabiedr\u012bbu akt\u012bvi l\u012bdzdarboties t\u0101s izstr\u0101des proces\u0101. Att\u012bst\u012bbas programmas m\u0113r\u0137is ir noteikt pa\u0161vald\u012bbas vid\u0113ja termi\u0146a priorit\u0101tes un nepiecie\u0161amo r\u012bc\u012bbu&#8230;<br \/><a class=\"read-more-button\" href=\"https:\/\/aluksne.lv\/index.php\/2026\/09\/01\/aicina-sabiedribu-lidzdarboties-aluksnes-novada-attistibas-programmas-2028-2033-gadam-izstrade\/\">Las\u012bt visu<\/a><\/p>\n","protected":false},"author":1,"featured_media":64660,"comment_status":"closed","ping_status":"closed","sticky":false,"template":"","format":"standard","meta":{"_monsterinsights_skip_tracking":false,"footnotes":"","_links_to":"","_links_to_target":""},"categories":[6],"tags":[],"class_list":["post-64659","post","type-post","status-publish","format-standard","has-post-thumbnail","hentry","category-aktuali"],"_links":{"self":[{"href":"https:\/\/aluksne.lv\/index.php\/wp-json\/wp\/v2\/posts\/64659","targetHints":{"allow":["GET"]}}],"collection":[{"href":"https:\/\/aluksne.lv\/index.php\/wp-json\/wp\/v2\/posts"}],"about":[{"href":"https:\/\/aluksne.lv\/index.php\/wp-json\/wp\/v2\/types\/post"}],"author":[{"embeddable":true,"href":"https:\/\/aluksne.lv\/index.php\/wp-json\/wp\/v2\/users\/1"}],"replies":[{"embeddable":true,"href":"https:\/\/aluksne.lv\/index.php\/wp-json\/wp\/v2\/comments?post=64659"}],"version-history":[{"count":1,"href":"https:\/\/aluksne.lv\/index.php\/wp-json\/wp\/v2\/posts\/64659\/revisions"}],"predecessor-version":[{"id":64661,"href":"https:\/\/aluksne.lv\/index.php\/wp-json\/wp\/v2\/posts\/64659\/revisions\/64661"}],"wp:featuredmedia":[{"embeddable":true,"href":"https:\/\/aluksne.lv\/index.php\/wp-json\/wp\/v2\/media\/64660"}],"wp:attachment":[{"href":"https:\/\/aluksne.lv\/index.php\/wp-json\/wp\/v2\/media?parent=64659"}],"wp:term":[{"taxonomy":"category","embeddable":true,"href":"https:\/\/aluksne.lv\/index.php\/wp-json\/wp\/v2\/categories?post=64659"},{"taxonomy":"post_tag","embeddable":true,"href":"https:\/\/aluksne.lv\/index.php\/wp-json\/wp\/v2\/tags?post=64659"}],"curies":[{"name":"wp","href":"https:\/\/api.w.org\/{rel}","templated":true}]}}