{"id":64754,"date":"2026-09-04T14:17:47","date_gmt":"2026-09-04T11:17:47","guid":{"rendered":"https:\/\/aluksne.lv\/?p=64754"},"modified":"2026-09-04T14:17:47","modified_gmt":"2026-09-04T11:17:47","slug":"gulbene-norisinasies-macibas-aizbildniem","status":"publish","type":"post","link":"https:\/\/aluksne.lv\/index.php\/2026\/09\/04\/gulbene-norisinasies-macibas-aizbildniem\/","title":{"rendered":"Gulben\u0113 norisin\u0101sies m\u0101c\u012bbas aizbild\u0146iem"},"content":{"rendered":"<p><strong><img loading=\"lazy\" decoding=\"async\" class=\"alignright wp-image-64756\" src=\"https:\/\/aluksne.lv\/wp-content\/uploads\/2026\/09\/afisa_airi_sept.jpg\" alt=\"\" width=\"500\" height=\"708\" srcset=\"https:\/\/aluksne.lv\/wp-content\/uploads\/2026\/09\/afisa_airi_sept.jpg 1054w, https:\/\/aluksne.lv\/wp-content\/uploads\/2026\/09\/afisa_airi_sept-424x600.jpg 424w, https:\/\/aluksne.lv\/wp-content\/uploads\/2026\/09\/afisa_airi_sept-723x1024.jpg 723w, https:\/\/aluksne.lv\/wp-content\/uploads\/2026\/09\/afisa_airi_sept-768x1087.jpg 768w\" sizes=\"auto, (max-width: 500px) 100vw, 500px\" \/>No 19. septembra l\u012bdz 4. oktobrim Gulben\u0113 norisin\u0101sies SOS \u0122ime\u0146u atbalsta centra \u201cAIRI vec\u0101kiem\u201d m\u0101c\u012bbas aizbild\u0146iem, kur\u0101s aicin\u0101tas piedal\u012bties \u0123imenes no Gulbenes, Balvu, Al\u016bksnes, Madonas, Smiltenes un citiem novadiem.<\/strong><\/p>\n<p>Aizbild\u0146iem valsts\u00a0noteikt\u0101s m\u0101c\u012bbu programmas laik\u0101 pl\u0101notas 7 nodarb\u012bbas \u2013 4 tik\u0161an\u0101s pl\u0101notas kl\u0101tien\u0113 un 3 att\u0101lin\u0101ti. M\u0101c\u012bbas vad\u012bs Zane Balode un Dace Sold\u0101ne.<\/p>\n<p>Aizbild\u0146u atbalsts b\u0113rniem un jaunie\u0161iem ir nepiecie\u0161ams, ja vec\u0101ki da\u017e\u0101du iemeslu d\u0113\u013c nevar r\u016bp\u0113ties par b\u0113rnu \u2013 t\u0101 ir iesp\u0113ja dot b\u0113rnam dro\u0161\u012bbu, stabilit\u0101ti un r\u016bpes, kad t\u0101s visvair\u0101k nepiecie\u0161amas. B\u0101ri\u0146tiesas b\u0113rnam iece\u013c aizbildni, ja b\u0113rna vec\u0101ki ir miru\u0161i, vec\u0101kiem ir p\u0101rtrauktas vai at\u0146emtas aizg\u0101d\u012bbas ties\u012bbas, vec\u0101ki slim\u012bbas d\u0113\u013c nesp\u0113j pien\u0101c\u012bgi apr\u016bp\u0113t un uzraudz\u012bt b\u0113rnu, ja abi b\u0113rna vec\u0101ki ir nepilngad\u012bgi, ja radu\u0161\u0101s b\u016btiskas domstarp\u012bbas b\u0113rna un vec\u0101ku attiec\u012bb\u0101s, k\u0101 ar\u012b citos gad\u012bjumos.<\/p>\n<p>SOS \u0122ime\u0146u atbalsta centra \u201cAIRI vec\u0101kiem\u201d Gulben\u0113 apvieno un sniedz atbalstu 34\u00a0 aud\u017eu\u0123imen\u0113m ar 56 b\u0113rniem, 56 aizbild\u0146iem ar 94 b\u0113rniem\u00a0un 5 adopt\u0113t\u0101ju \u0123imen\u0113m ar 7 b\u0113rniem.<\/p>\n<p>\u0100rpus \u0123imenes apr\u016bp\u0113 pa\u0161laik atrodas vair\u0101k nek\u0101 5100 b\u0113rni Latvij\u0101, bet rind\u0101 uz \u0123imeni apr\u016bpes un kr\u012bzes centros gaida gandr\u012bz 1000 b\u0113rnu. Lai piev\u0113rstu sabiedr\u012bbas uzman\u012bbu un aicin\u0101tu iedz\u012bvot\u0101jus k\u013c\u016bt par \u0161o b\u0113rnu vien\u012bgo cer\u012bbu uz \u0123imeni un pilnv\u0113rt\u012bgu b\u0113rn\u012bbu, \u00a0septembra nogal\u0113 Latvijas SOS B\u0113rnu ciematu asoci\u0101cija kop\u0101 ar Gulbenes novada pa\u0161vald\u012bbu organiz\u0113s informat\u012bvo kampa\u0146u \u201cRind\u0101 uz \u0123imeni\u201d. Ar simbolisku vides objektu \u2013 tuk\u0161u kr\u0113slu rindu Gulben\u0113 \u00a0no 21.septembra s\u0101ksies informat\u012bv\u0101 kampa\u0146a Gulbenes novad\u0101, aicinot l\u012bdzcilv\u0113kus, kuri l\u012bdz \u0161im nav iedom\u0101ju\u0161ies sevi k\u0101 aizbild\u0146us, adopt\u0113t\u0101jus vai aud\u017euvec\u0101kus, izv\u0113rt\u0113t savas iesp\u0113jas sniegt atbalstu, tostarp ar\u012b k\u0101 mentoriem vai daloties ar sav\u0101m zin\u0101\u0161an\u0101m un prasm\u0113m, b\u0113rniem, kuri uzaug bez \u0161om\u0113nes.<\/p>\n","protected":false},"excerpt":{"rendered":"<p>No 19. septembra l\u012bdz 4. oktobrim Gulben\u0113 norisin\u0101sies SOS \u0122ime\u0146u atbalsta centra \u201cAIRI vec\u0101kiem\u201d m\u0101c\u012bbas aizbild\u0146iem, kur\u0101s aicin\u0101tas piedal\u012bties \u0123imenes no Gulbenes, Balvu, Al\u016bksnes, Madonas, Smiltenes un citiem novadiem. Aizbild\u0146iem valsts\u00a0noteikt\u0101s m\u0101c\u012bbu programmas laik\u0101 pl\u0101notas 7 nodarb\u012bbas \u2013 4 tik\u0161an\u0101s&#8230;<br \/><a class=\"read-more-button\" href=\"https:\/\/aluksne.lv\/index.php\/2026\/09\/04\/gulbene-norisinasies-macibas-aizbildniem\/\">Las\u012bt visu<\/a><\/p>\n","protected":false},"author":6,"featured_media":64755,"comment_status":"closed","ping_status":"closed","sticky":false,"template":"","format":"standard","meta":{"_monsterinsights_skip_tracking":false,"footnotes":"","_links_to":"","_links_to_target":""},"categories":[9],"tags":[],"class_list":["post-64754","post","type-post","status-publish","format-standard","has-post-thumbnail","hentry","category-noderiga-informacija"],"_links":{"self":[{"href":"https:\/\/aluksne.lv\/index.php\/wp-json\/wp\/v2\/posts\/64754","targetHints":{"allow":["GET"]}}],"collection":[{"href":"https:\/\/aluksne.lv\/index.php\/wp-json\/wp\/v2\/posts"}],"about":[{"href":"https:\/\/aluksne.lv\/index.php\/wp-json\/wp\/v2\/types\/post"}],"author":[{"embeddable":true,"href":"https:\/\/aluksne.lv\/index.php\/wp-json\/wp\/v2\/users\/6"}],"replies":[{"embeddable":true,"href":"https:\/\/aluksne.lv\/index.php\/wp-json\/wp\/v2\/comments?post=64754"}],"version-history":[{"count":2,"href":"https:\/\/aluksne.lv\/index.php\/wp-json\/wp\/v2\/posts\/64754\/revisions"}],"predecessor-version":[{"id":64758,"href":"https:\/\/aluksne.lv\/index.php\/wp-json\/wp\/v2\/posts\/64754\/revisions\/64758"}],"wp:featuredmedia":[{"embeddable":true,"href":"https:\/\/aluksne.lv\/index.php\/wp-json\/wp\/v2\/media\/64755"}],"wp:attachment":[{"href":"https:\/\/aluksne.lv\/index.php\/wp-json\/wp\/v2\/media?parent=64754"}],"wp:term":[{"taxonomy":"category","embeddable":true,"href":"https:\/\/aluksne.lv\/index.php\/wp-json\/wp\/v2\/categories?post=64754"},{"taxonomy":"post_tag","embeddable":true,"href":"https:\/\/aluksne.lv\/index.php\/wp-json\/wp\/v2\/tags?post=64754"}],"curies":[{"name":"wp","href":"https:\/\/api.w.org\/{rel}","templated":true}]}}