{"id":64771,"date":"2026-09-04T16:34:34","date_gmt":"2026-09-04T13:34:34","guid":{"rendered":"https:\/\/aluksne.lv\/?p=64771"},"modified":"2026-09-04T16:34:34","modified_gmt":"2026-09-04T13:34:34","slug":"eiropas-kulturas-mantojuma-dienu-objektu-saraksta-ari-jaunlaicenes-muizas-parks","status":"publish","type":"post","link":"https:\/\/aluksne.lv\/index.php\/2026\/09\/04\/eiropas-kulturas-mantojuma-dienu-objektu-saraksta-ari-jaunlaicenes-muizas-parks\/","title":{"rendered":"Eiropas kult\u016bras mantojuma dienu objektu sarakst\u0101 ar\u012b Jaunlaicenes mui\u017eas parks"},"content":{"rendered":"<p><strong><img loading=\"lazy\" decoding=\"async\" class=\"alignright wp-image-64772\" src=\"https:\/\/aluksne.lv\/wp-content\/uploads\/2026\/09\/jaunlaicene_kult_mant_diena.png\" alt=\"\" width=\"538\" height=\"762\" srcset=\"https:\/\/aluksne.lv\/wp-content\/uploads\/2026\/09\/jaunlaicene_kult_mant_diena.png 1054w, https:\/\/aluksne.lv\/wp-content\/uploads\/2026\/09\/jaunlaicene_kult_mant_diena-424x600.png 424w, https:\/\/aluksne.lv\/wp-content\/uploads\/2026\/09\/jaunlaicene_kult_mant_diena-723x1024.png 723w, https:\/\/aluksne.lv\/wp-content\/uploads\/2026\/09\/jaunlaicene_kult_mant_diena-768x1087.png 768w\" sizes=\"auto, (max-width: 538px) 100vw, 538px\" \/>\u0160ogad Eiropas kult\u016bras mantojuma dienu pas\u0101kumi vis\u0101 Latvij\u0101 norisin\u0101sies no 11. l\u012bdz 13.\u00a0septembrim. Visas valstis vienojo\u0161\u0101 t\u0113ma \u0161ogad ir kult\u016bras mantojuma apdraud\u0113jums, bet Latvij\u0101 t\u0101 ir defin\u0113ta k\u0101 \u201cKult\u016bras mantojums: kr\u012bzes un risin\u0101jumi\u201d, aicinot\u00a0 piev\u0113rst uzman\u012bbu gan riskiem, kas apdraud mantojuma saglab\u0101\u0161anu, gan sabiedr\u012bbas iesp\u0113j\u0101m \u0161os riskus mazin\u0101t. \u0160\u012b t\u0113ma rosina skat\u012bt kult\u016bras mantojumu ne tikai k\u0101 pag\u0101tnes liec\u012bbu, bet k\u0101 dz\u012bvu un main\u012bgu resursu, kura n\u0101kotne ir atkar\u012bga no m\u016bsu \u0161odienas izv\u0113l\u0113m.<\/strong><\/p>\n<p>\u00a0\u0160ogad Eiropas kult\u016bras mantojuma dienu objektu sarakst\u0101 ir ar\u012b Jaunlaicenes mui\u017eas parks, aicinot piev\u0113rst uzman\u012bbu uz klimata p\u0101rmai\u0146u un vides ietekmi uz \u0161o objektu. Jaunlaicenes mui\u017eas parks ir viet\u0113j\u0101s noz\u012bmes arhitekt\u016bras piemineklis, kas iek\u013cauts Valsts aizsarg\u0101jamo kult\u016bras pieminek\u013cu sarakst\u0101 k\u0101 da\u013ca no kop\u0113j\u0101 ansamb\u013ca \u201cJaunlaicenes mui\u017eas apb\u016bve\u201d. Jaunlaicenes mui\u017eas parks s\u0101kts veidot 18. gadsimta beig\u0101s baronu fon Volfu saimnieko\u0161anas laik\u0101. Tas veidots k\u0101 ang\u013cu klasicisma jeb ainavu stila parks. Park\u0101 ir vair\u0101kas saglab\u0101jam\u0101s v\u0113rt\u012bbas \u2013 telpisk\u0101 kompoz\u012bcija, pl\u0101nojums, celi\u0146u sist\u0113ma, st\u0101d\u012bjumi, alejas, septi\u0146u ozolu aplis, teras\u0113jums, d\u012b\u0137is ar sali\u0146u, k\u0101pnes, str\u016bklaku vietas u. c. Jaunlaicenes mui\u017eas parks ietilpst ar\u012b aizsarg\u0101jamo ainavu apvid\u016b \u201cVeclaicene\u201d un taj\u0101 sastopami da\u017e\u0101du sugu v\u0113sturiski koki, di\u017ekoki, \u012bpa\u0161i aizsarg\u0101jami \u0137\u0113rpji, k\u0101 ar\u012b retas un aizsarg\u0101jamas putnu sugas.<\/p>\n<p>\u00a0Al\u016bksnes novada pa\u0161vald\u012bba parka saglab\u0101\u0161anai un uztur\u0113\u0161anai iepriek\u0161\u0113jos gados ir realiz\u0113jusi vair\u0101kus projektus: divus Latvijas vides aizsardz\u012bbas fonda projektus: \u201cPas\u0101kumi biolo\u0123isk\u0101s daudzveid\u012bbas saglab\u0101\u0161anai Jaunlaicenes mui\u017eas park\u0101\u201d un \u201cPils d\u012b\u0137a krastu t\u012br\u012b\u0161ana Jaunlaicenes mui\u017eas park\u0101\u201d, un Koh\u0113zijas fonda projektu \u201cEpidemiolo\u0123iski dro\u0161a t\u016brisma un dabas izzi\u0146as infrastrukt\u016bras t\u012bkla izveide aizsarg\u0101jamo ainavu apvid\u016b \u201cVeclaicene\u201d biotopu un sugu dz\u012bvot\u0146u labv\u0113l\u012bga aizsardz\u012bbas st\u0101vok\u013ca sasnieg\u0161anai\u201d.<\/p>\n<p>\u00a0Aicin\u0101m visus Eiropas kult\u016bras mantojuma dienu laik\u0101 apmekl\u0113t Jaunlaicenes mui\u017eas parku, kur 11. septembra vakar\u0101 no pulksten 19.00 l\u012bdz 21.00 norisin\u0101sies pas\u0101kums \u201cMui\u017eas parka st\u0101sti\u201d. Visas aktivit\u0101tes \u0161aj\u0101 pas\u0101kum\u0101 b\u016bs bez maksas, kas ar\u012b ir \u0161o dienu m\u0113r\u0137is \u2013 dot iesp\u0113ju katram cilv\u0113kam apmekl\u0113t un iepaz\u012bt objektus. Pulksten 19.00 aicin\u0101sim visus doties pastaig\u0101 st\u0101stnieka pavad\u012bb\u0101 pa mui\u017eas parku, iek\u013caujot ar\u012b Jaunlaicenes mui\u017eas apb\u016bvi. Pulc\u0113\u0161an\u0101s pastaigai pie Jaunlaicenes mui\u017eas muzeja \u201cMal\u0113nie\u0161a pasaule\u201d pulksten 18.45. Savuk\u0101rt pulksten 20.00 parka \u201cozolu apl\u012b\u201d var\u0113s klaus\u012bties paz\u012bstamas un taut\u0101 m\u012bl\u0113tas dziesmas Veclaicenes v\u012bru vok\u0101l\u0101 ansamb\u013ca izpild\u012bjum\u0101. Visa vakara gait\u0101 parka lauc\u012bt\u0113 var\u0113s piedal\u012bties da\u017e\u0101d\u0101s \u201csmalk\u0101 stila\u201d aktivit\u0101t\u0113s un sp\u0113l\u0113s, pie biju\u0161\u0101s pagastm\u0101jas jeb kungu dz\u012bvojam\u0101s m\u0101jas Dienvidu sp\u0101rna nesteidz\u012bgi baud\u012bt t\u0113ju ar k\u016bkas gabali\u0146u vai vienk\u0101r\u0161i doties vakara pastaig\u0101, apl\u016bkojot parka izst\u0101di.<\/p>\n<p>\u00a0Aicin\u0101m piedz\u012bvot mui\u017eas parka st\u0101stus, nov\u0113rt\u0113t mums visiem atst\u0101to dabas un iepriek\u0161\u0113jo paaud\u017eu mantojumu un ar savu kl\u0101tb\u016btni apliecin\u0101t, ka ar\u012b jums r\u016bp \u0161\u012b mantojuma saglab\u0101\u0161ana.<\/p>\n<p>&nbsp;<\/p>\n<p>Evita Zeile,<\/p>\n<p>Jaunlaicenes mui\u017eas muzeja \u201cMal\u0113nie\u0161a pasaule\u201d<\/p>\n<p>izgl\u012btojo\u0161\u0101 darba aun darba ar apmekl\u0113t\u0101jiem vad\u012bt\u0101ja<\/p>\n","protected":false},"excerpt":{"rendered":"<p>\u0160ogad Eiropas kult\u016bras mantojuma dienu pas\u0101kumi vis\u0101 Latvij\u0101 norisin\u0101sies no 11. l\u012bdz 13.\u00a0septembrim. Visas valstis vienojo\u0161\u0101 t\u0113ma \u0161ogad ir kult\u016bras mantojuma apdraud\u0113jums, bet Latvij\u0101 t\u0101 ir defin\u0113ta k\u0101 \u201cKult\u016bras mantojums: kr\u012bzes un risin\u0101jumi\u201d, aicinot\u00a0 piev\u0113rst uzman\u012bbu gan riskiem, kas apdraud&#8230;<br \/><a class=\"read-more-button\" href=\"https:\/\/aluksne.lv\/index.php\/2026\/09\/04\/eiropas-kulturas-mantojuma-dienu-objektu-saraksta-ari-jaunlaicenes-muizas-parks\/\">Las\u012bt visu<\/a><\/p>\n","protected":false},"author":6,"featured_media":64772,"comment_status":"closed","ping_status":"closed","sticky":false,"template":"","format":"standard","meta":{"_monsterinsights_skip_tracking":false,"footnotes":"","_links_to":"","_links_to_target":""},"categories":[9],"tags":[],"class_list":["post-64771","post","type-post","status-publish","format-standard","has-post-thumbnail","hentry","category-noderiga-informacija"],"_links":{"self":[{"href":"https:\/\/aluksne.lv\/index.php\/wp-json\/wp\/v2\/posts\/64771","targetHints":{"allow":["GET"]}}],"collection":[{"href":"https:\/\/aluksne.lv\/index.php\/wp-json\/wp\/v2\/posts"}],"about":[{"href":"https:\/\/aluksne.lv\/index.php\/wp-json\/wp\/v2\/types\/post"}],"author":[{"embeddable":true,"href":"https:\/\/aluksne.lv\/index.php\/wp-json\/wp\/v2\/users\/6"}],"replies":[{"embeddable":true,"href":"https:\/\/aluksne.lv\/index.php\/wp-json\/wp\/v2\/comments?post=64771"}],"version-history":[{"count":1,"href":"https:\/\/aluksne.lv\/index.php\/wp-json\/wp\/v2\/posts\/64771\/revisions"}],"predecessor-version":[{"id":64773,"href":"https:\/\/aluksne.lv\/index.php\/wp-json\/wp\/v2\/posts\/64771\/revisions\/64773"}],"wp:featuredmedia":[{"embeddable":true,"href":"https:\/\/aluksne.lv\/index.php\/wp-json\/wp\/v2\/media\/64772"}],"wp:attachment":[{"href":"https:\/\/aluksne.lv\/index.php\/wp-json\/wp\/v2\/media?parent=64771"}],"wp:term":[{"taxonomy":"category","embeddable":true,"href":"https:\/\/aluksne.lv\/index.php\/wp-json\/wp\/v2\/categories?post=64771"},{"taxonomy":"post_tag","embeddable":true,"href":"https:\/\/aluksne.lv\/index.php\/wp-json\/wp\/v2\/tags?post=64771"}],"curies":[{"name":"wp","href":"https:\/\/api.w.org\/{rel}","templated":true}]}}