{"id":6834,"date":"2018-08-09T10:10:57","date_gmt":"2018-08-09T10:10:57","guid":{"rendered":"http:\/\/aluksne.lv\/?p=6834"},"modified":"2018-08-09T10:10:57","modified_gmt":"2018-08-09T10:10:57","slug":"aluksni-apmekles-ministru-prezidents","status":"publish","type":"post","link":"https:\/\/aluksne.lv\/index.php\/2018\/08\/09\/aluksni-apmekles-ministru-prezidents\/","title":{"rendered":"Al\u016bksni apmekl\u0113s Ministru prezidents"},"content":{"rendered":"<p><strong><a href=\"http:\/\/aluksne.lv\/wp-content\/uploads\/2018\/08\/10.-august\u010111.00.png\"><img loading=\"lazy\" decoding=\"async\" class=\"alignright  wp-image-6835\" src=\"http:\/\/aluksne.lv\/wp-content\/uploads\/2018\/08\/10.-august\u010111.00.png\" alt=\"\" width=\"755\" height=\"272\" data-id=\"6835\" srcset=\"https:\/\/aluksne.lv\/wp-content\/uploads\/2018\/08\/10.-august\u010111.00.png 897w, https:\/\/aluksne.lv\/wp-content\/uploads\/2018\/08\/10.-august\u010111.00-300x108.png 300w, https:\/\/aluksne.lv\/wp-content\/uploads\/2018\/08\/10.-august\u010111.00-768x277.png 768w\" sizes=\"auto, (max-width: 755px) 100vw, 755px\" \/><\/a>Piektdien, 10. august\u0101, re\u0123ion\u0101laj\u0101 viz\u012bt\u0113 Al\u016bksni apmekl\u0113s Latvijas Republikas Ministru prezidents M\u0101ris Ku\u010dinskis.<\/strong><\/p>\n<p>Viz\u012btes laik\u0101 Ministru prezidents apmekl\u0113s Al\u016bksnes B\u0101n\u012b\u0161a staciju, kur \u0161obr\u012bd norit darbs pie unik\u0101las dzelzce\u013cam velt\u012btas ekspoz\u012bcijas iek\u0101rto\u0161anas. V\u0113l Ministru prezidents apmekl\u0113s d\u0101rzkop\u012bbas uz\u0146\u0113mumu \u201cSprogas\u201d, uz\u0146\u0113mumu \u201cAl\u016bksnes Putnu Ferma\u201d un uz\u0146\u0113mumu \u201cLINDEN\u201d, kur\u0161 darbojas pa\u0161vald\u012bbas izveidotaj\u0101 industri\u0101laj\u0101 teritorij\u0101.<\/p>\n<p>Viz\u012btes ietvaros pl\u0101nota ar\u012b tik\u0161an\u0101s ar iedz\u012bvot\u0101jiem. T\u0101 notiks Al\u016bksnes Kult\u016bras centra mazaj\u0101 z\u0101l\u0113. Tik\u0161an\u0101s s\u0101kums paredz\u0113ts pulksten 11.00 un taj\u0101 aicin\u0101ts piedal\u012bties ikviens novada iedz\u012bvot\u0101js<\/p>\n","protected":false},"excerpt":{"rendered":"<p>Piektdien, 10. august\u0101, re\u0123ion\u0101laj\u0101 viz\u012bt\u0113 Al\u016bksni apmekl\u0113s Latvijas Republikas Ministru prezidents M\u0101ris Ku\u010dinskis. Viz\u012btes laik\u0101 Ministru prezidents apmekl\u0113s Al\u016bksnes B\u0101n\u012b\u0161a staciju, kur \u0161obr\u012bd norit darbs pie unik\u0101las dzelzce\u013cam velt\u012btas ekspoz\u012bcijas iek\u0101rto\u0161anas. V\u0113l Ministru prezidents apmekl\u0113s d\u0101rzkop\u012bbas uz\u0146\u0113mumu \u201cSprogas\u201d, uz\u0146\u0113mumu \u201cAl\u016bksnes&#8230;<br \/><a class=\"read-more-button\" href=\"https:\/\/aluksne.lv\/index.php\/2018\/08\/09\/aluksni-apmekles-ministru-prezidents\/\">Las\u012bt visu<\/a><\/p>\n","protected":false},"author":2,"featured_media":6835,"comment_status":"closed","ping_status":"open","sticky":false,"template":"","format":"standard","meta":{"_crdt_document":"","_monsterinsights_skip_tracking":false,"_monsterinsights_sitenote_active":false,"_monsterinsights_sitenote_note":"","_monsterinsights_sitenote_category":0,"footnotes":"","_links_to":"","_links_to_target":""},"categories":[6],"tags":[],"class_list":["post-6834","post","type-post","status-publish","format-standard","has-post-thumbnail","hentry","category-aktuali"],"_links":{"self":[{"href":"https:\/\/aluksne.lv\/index.php\/wp-json\/wp\/v2\/posts\/6834","targetHints":{"allow":["GET"]}}],"collection":[{"href":"https:\/\/aluksne.lv\/index.php\/wp-json\/wp\/v2\/posts"}],"about":[{"href":"https:\/\/aluksne.lv\/index.php\/wp-json\/wp\/v2\/types\/post"}],"author":[{"embeddable":true,"href":"https:\/\/aluksne.lv\/index.php\/wp-json\/wp\/v2\/users\/2"}],"replies":[{"embeddable":true,"href":"https:\/\/aluksne.lv\/index.php\/wp-json\/wp\/v2\/comments?post=6834"}],"version-history":[{"count":0,"href":"https:\/\/aluksne.lv\/index.php\/wp-json\/wp\/v2\/posts\/6834\/revisions"}],"wp:featuredmedia":[{"embeddable":true,"href":"https:\/\/aluksne.lv\/index.php\/wp-json\/wp\/v2\/media\/6835"}],"wp:attachment":[{"href":"https:\/\/aluksne.lv\/index.php\/wp-json\/wp\/v2\/media?parent=6834"}],"wp:term":[{"taxonomy":"category","embeddable":true,"href":"https:\/\/aluksne.lv\/index.php\/wp-json\/wp\/v2\/categories?post=6834"},{"taxonomy":"post_tag","embeddable":true,"href":"https:\/\/aluksne.lv\/index.php\/wp-json\/wp\/v2\/tags?post=6834"}],"curies":[{"name":"wp","href":"https:\/\/api.w.org\/{rel}","templated":true}]}}