{"id":52,"date":"2018-03-07T11:32:10","date_gmt":"2018-03-07T09:32:10","guid":{"rendered":"http:\/\/aluksne.lv\/projektiwp\/?p=52"},"modified":"2020-06-16T08:06:13","modified_gmt":"2020-06-16T05:06:13","slug":"aizsargajamo-ainavu-apvidus-veclaicene-infrastrukturas-uzlabosana-antropogenas-slodzes-mazinasanai-un-pieejamibas-nodrosinasanai","status":"publish","type":"post","link":"https:\/\/aluksne.lv\/projektiwp\/?p=52","title":{"rendered":"\u201cAizsarg\u0101jamo ainavu apvidus \u201cVeclaicene\u201d infrastrukt\u016bras uzlabo\u0161ana antropog\u0113n\u0101s slodzes mazin\u0101\u0161anai un pieejam\u012bbas nodro\u0161in\u0101\u0161anai\u201d"},"content":{"rendered":"<p>&nbsp;<\/p>\n<table>\n<tbody>\n<tr>\n<td>\u00a0<a href=\"http:\/\/aluksne.lv\/projektiwp\/wp-content\/uploads\/2018\/03\/proj.jpg\"><img decoding=\"async\" class=\"wp-image-27 alignright\" src=\"http:\/\/aluksne.lv\/projektiwp\/wp-content\/uploads\/2018\/03\/proj.jpg\" alt=\"\" width=\"490\" srcset=\"https:\/\/aluksne.lv\/projektiwp\/wp-content\/uploads\/2018\/03\/proj.jpg 842w, https:\/\/aluksne.lv\/projektiwp\/wp-content\/uploads\/2018\/03\/proj-300x78.jpg 300w, https:\/\/aluksne.lv\/projektiwp\/wp-content\/uploads\/2018\/03\/proj-768x199.jpg 768w\" sizes=\"(max-width: 842px) 100vw, 842px\" \/><\/a><\/td>\n<td>\n<h4 style=\"text-align: center;\"><strong>\u201cAizsarg\u0101jamo ainavu apvidus \u201cVeclaicene\u201d infrastrukt\u016bras uzlabo\u0161ana antropog\u0113n\u0101s slodzes mazin\u0101\u0161anai un pieejam\u012bbas nodro\u0161in\u0101\u0161anai\u201d<\/strong><\/h4>\n<\/td>\n<\/tr>\n<\/tbody>\n<\/table>\n<p>&nbsp;<\/p>\n<p>Specifisk\u0101 atbalsta m\u0113r\u0137a 5.4.1. projekts \u201cAizsarg\u0101jamo ainavu apvidus \u201cVeclaicene\u201d infrastrukt\u016bras uzlabo\u0161ana antropog\u0113n\u0101s slodzes mazin\u0101\u0161anai un pieejam\u012bbas nodro\u0161in\u0101\u0161anai\u201d.<\/p>\n<p>Projekta m\u0113r\u0137is: uzlabot eso\u0161o un izveidot jaunu kvalitat\u012bvu t\u016brisma un dabas izzi\u0146as infrastrukt\u016bras t\u012bklu aizsarg\u0101jamo ainavu apvid\u016b &#8220;Veclaicene&#8221;, t\u0101d\u0113j\u0101di mazinot antropog\u0113no slodzi un iesp\u0113jamo ietekmi uz \u012bpa\u0161i aizsarg\u0101jamiem biotopiem un sug\u0101m.<\/p>\n<p>Galven\u0101s projekta darb\u012bbas:<br \/>\n1. Apmekl\u0113t\u0101ju pl\u016bsmas optimiz\u0113\u0161ana, lai saglab\u0101tu dabas v\u0113rt\u012bbas un novirz\u012btu apmekl\u0113t\u0101jus uz maz\u0101k j\u016bt\u012bg\u0101m teritorij\u0101m:<br \/>\n1.1. Skatu tor\u0146a b\u016bvniec\u012bba;<br \/>\n1.2. Atp\u016btas un dabas izzi\u0146as pieturas punktu izveide;<br \/>\n1.3. St\u0101vlaukumu labiek\u0101rto\u0161ana;<br \/>\n1.4. Mar\u0161rutu uzlabo\u0161ana.<br \/>\n2. Apmekl\u0113t\u0101ju inform\u0113\u0161anas un uzskaites nodro\u0161in\u0101\u0161ana:<br \/>\n2.1. Pa\u0161apkalpo\u0161an\u0101s t\u016brisma inform\u0101cijas punktu infrastrukt\u016bras pilnveido\u0161ana;<br \/>\n2.2. Inform\u0101cijas z\u012bmju, nor\u0101\u017eu, stendu un robe\u017ez\u012bmju infrastrukt\u016bras uzlabo\u0161ana;<br \/>\n2.3. Mobil\u0101s aplik\u0101cijas izstr\u0101de.<br \/>\n3. Vesel\u012bbas mar\u0161ruta izveide.<br \/>\n4. B\u016bvuzraudz\u012bba.<br \/>\n5. Autoruzraudz\u012bba.<br \/>\n6. Publicit\u0101te.<\/p>\n<p>Projekt\u0101 pl\u0101notie rezult\u0101ti:<br \/>\n&#8211; uzb\u016bv\u0113ts skatu tornis D\u0113li\u0146kaln\u0101;<br \/>\n&#8211; izveidoti 5 atp\u016btas un dabas izzi\u0146as pieturas punkti (dabas m\u0101jas);<br \/>\n&#8211; labiek\u0101rtoti st\u0101vlaukumi;<br \/>\n&#8211; uzlaboti ce\u013ca mar\u0161rutu posmi 7 km garum\u0101;<br \/>\n&#8211; atjaunoti 3 un izveidots 1 pa\u0161apkalpo\u0161an\u0101s t\u016brisma inform\u0101cijas punkts;<br \/>\n&#8211; izvietotas inform\u0101cijas z\u012bmes, nor\u0101des, stendi un robe\u017ez\u012bmes Aizsarg\u0101jamo ainavu apvidus &#8220;Veclaicene&#8221; teritorij\u0101;<br \/>\n&#8211; izveidots vesel\u012bbas mar\u0161ruts;<br \/>\n&#8211; izstr\u0101d\u0101ta mobil\u0101 aplik\u0101cija;<br \/>\n&#8211; veikta b\u016bvuzraudz\u012bba;<br \/>\n&#8211; veikta autoruzraudz\u012bba;<br \/>\n&#8211; nodro\u0161in\u0101ta publicit\u0101te.<\/p>\n<p>Projekt\u0101 sasniedzam\u0101 izn\u0101kuma r\u0101d\u012bt\u0101ja pl\u0101not\u0101 v\u0113rt\u012bba &#8211; 11 933.25 ha, to dz\u012bvot\u0146u plat\u012bba, kuras sa\u0146em atbalstu, lai pan\u0101ktu lab\u0101ku aizsardz\u012bbas pak\u0101pi.<\/p>\n<p>Projekta kop\u0113j\u0101s izmaksas 1 204 700,00 EUR, taj\u0101 skait\u0101 ERAF finans\u0113jums 500 000,00 EUR, valsts bud\u017eeta dot\u0101cija pa\u0161vald\u012bb\u0101m 26 470,59 EUR, pa\u0161vald\u012bbas l\u012bdzfinans\u0113jums 61 764,71 EUR un neattiecin\u0101m\u0101s izmaksas 616 464,70 EUR.<\/p>\n<p>Pl\u0101notais projekta ilgums &#8211; 18 m\u0113ne\u0161i.<\/p>\n<hr \/>\n<h4 style=\"text-align: center;\"><strong>Veclaicenes aizsarg\u0101jamo ainavu apvid\u016b atkl\u0101tas Dabas m\u0101jas<\/strong><\/h4>\n<p>11.06.2019.<\/p>\n<p><span style=\"color: #993300;\">Sanita P\u0100SA,<\/span><br \/>\n<span style=\"color: #993300;\">Al\u016bksnes novada pa\u0161vald\u012bbas <\/span><span style=\"color: #993300;\">sabiedrisko attiec\u012bbu speci\u0101liste<\/span><\/p>\n<p><strong>Piektdien 7. j\u016bnij\u0101, ar kr\u0101\u0161\u0146u sv\u0113tku atkl\u0101\u0161anas programmu, durvis va\u013c\u0101 v\u0113ra Veclaicenes aizsarg\u0101jamo ainavu apvid\u016b izveidot\u0101s Dabas m\u0101jas un pa\u0161apkalpo\u0161an\u0101s t\u016brisma inform\u0101cijas punkti.<\/strong><\/p>\n<p>Projekta m\u0113r\u0137is bija uzlabot eso\u0161o un izveidot jaunu, kvalitat\u012bvu t\u016brisma un dabas izzi\u0146as infrastrukt\u016bras t\u012bklu aizsarg\u0101jamo ainavu apvid\u016b \u201cVeclaicene\u201d, t\u0101d\u0113j\u0101di mazinot antropog\u0113no slodzi un iesp\u0113jamo ietekmi uz \u012bpa\u0161i aizsarg\u0101jamiem biotopiem un sug\u0101m. Lai \u012bstenotu m\u0113r\u0137i tikai veiktas vair\u0101kas darb\u012bbas, starp t\u0101m ar\u012b pa\u0161apkalpo\u0161an\u0101s t\u016brisma inform\u0101cijas punktu un Dabas m\u0101ju izveide.<\/p>\n<p>Kop\u0101 izveidoti tr\u012bs t\u016brisma inform\u0101cijas punkti un piecas Dabas m\u0101jas. T\u0101s kalpos k\u0101 atp\u016btas un dabas izzi\u0146as pieturas punkti tiem, kas dodas p\u0101rg\u0101jienos un brauc ar velosip\u0113diem, ar\u012b k\u0101 naktsm\u012btnes ilg\u0101kam laikam, mekl\u0113jot mierpilnu atp\u016btu no ikdienas steigas. Dabas m\u0101jas uzb\u016bv\u0113tas pie gleznain\u0101ko ezeru krastiem un ir me\u017eu ieskautas.<\/p>\n<p>Katra no piec\u0101m Dabas m\u0101j\u0101m aizsarg\u0101jamo ainavu apvidus \u201cVeclaicene\u201d teritorij\u0101 Al\u016bksnes un Apes novados st\u0101sta par citu tematiku. M\u0101j\u0101 Vaidavas ezera krast\u0101 var\u0113s uzzin\u0101t inform\u0101ciju par \u016bde\u0146iem un ziv\u012bm, pie Raipala ezera me\u017ea lauc\u012bt\u0113 eso\u0161\u0101 dabas m\u0101ja velt\u012bta l\u0101\u010diem, Ilg\u0101ja ezera krast\u0101 var\u0113s iepaz\u012bt Kornetu-Pe\u013c\u013cu subglaci\u0101lo gravu, savuk\u0101rt m\u0101j\u0101 pie Palpiera ezera izkl\u0101st\u012bta me\u017ea zv\u0113ru dz\u012bve un Dabas m\u0101ja pie Eni\u0137u ezera velt\u012bta putnu tematikai. Vis\u0101s Dabas m\u0101j\u0101s ir sagatavoti un izvietoti izzino\u0161i fakti, st\u0101st\u012bjumi un att\u0113li par konkr\u0113taj\u0101m t\u0113m\u0101m. M\u0101j\u0101m piegulo\u0161aj\u0101 apk\u0101rtn\u0113 izvietoti ar\u012b tematikai velt\u012bti izgl\u012btojo\u0161i vides m\u0101kslas objekti.<\/p>\n<p>Veclaicenes ainavu apvidus pied\u0101v\u0101 izbaud\u012bt velo un k\u0101j\u0101mg\u0101j\u0113ju mar\u0161rutus, jaunuzcelt\u0101s Dabas m\u0101jas, me\u017eus, laukus, ezerus un upes Al\u016bksnes un Apes novados.<\/p>\n<p>Al\u016bksnes novada pa\u0161vald\u012bba pateicas VAS \u201cLatvijas valsts me\u017ei\u201d par sadarb\u012bbu dabas m\u0101ju izveid\u0113 pie Vaidavas un Raipala ezeriem, priv\u0101to zemju \u012bpa\u0161niekiem par sadarb\u012bbu dabas m\u0101ju izveid\u0113 pie Eni\u0137u, Ilg\u0101ja un Palpiera ezeriem un Apes novada pa\u0161vald\u012bbai par sadarb\u012bbu projekta \u012bsteno\u0161an\u0101.<\/p>\n<p>Dabas m\u0101ju projekt\u0113\u0161anu veica SIA \u201cBM-Projekts\u201d, bet b\u016bvniec\u012bbas darbus \u2013 AS \u201cMaster Industry\u201d. B\u016bvuzraudz\u012bbu nodro\u0161in\u0101ja SIA \u201cBBPV\u201d. Dabas m\u0101ju saturisko da\u013cu jeb ekspoz\u012bciju izstr\u0101d\u0101ja un realiz\u0113ja dizaina birojs SIA \u201cH2E\u201d. Projekta kop\u0113j\u0101s izmaksas 1 401\u00a0516,20 EUR, taj\u0101 skait\u0101 Eiropas Re\u0123ion\u0101l\u0101s att\u012bst\u012bbas fonda finans\u0113jums 500 000 EUR, valsts bud\u017eeta dot\u0101cija pa\u0161vald\u012bb\u0101m 26\u00a0470,59 EUR, pa\u0161vald\u012bbas l\u012bdzfinans\u0113jums 875 045,61 EUR. Projekta vad\u012bt\u0101ja \u2013 Inese Z\u012bmele-Jauni\u0146a.<\/p>\n<p><img loading=\"lazy\" decoding=\"async\" class=\"alignnone size-medium wp-image-623\" src=\"https:\/\/aluksne.lv\/projektiwp\/wp-content\/uploads\/2018\/03\/IMG_8819-Large-300x200.jpg\" alt=\"\" width=\"300\" height=\"200\" srcset=\"https:\/\/aluksne.lv\/projektiwp\/wp-content\/uploads\/2018\/03\/IMG_8819-Large-300x200.jpg 300w, https:\/\/aluksne.lv\/projektiwp\/wp-content\/uploads\/2018\/03\/IMG_8819-Large-768x512.jpg 768w, https:\/\/aluksne.lv\/projektiwp\/wp-content\/uploads\/2018\/03\/IMG_8819-Large-1024x683.jpg 1024w, https:\/\/aluksne.lv\/projektiwp\/wp-content\/uploads\/2018\/03\/IMG_8819-Large-320x213.jpg 320w, https:\/\/aluksne.lv\/projektiwp\/wp-content\/uploads\/2018\/03\/IMG_8819-Large-1170x780.jpg 1170w, https:\/\/aluksne.lv\/projektiwp\/wp-content\/uploads\/2018\/03\/IMG_8819-Large.jpg 1620w\" sizes=\"auto, (max-width: 300px) 100vw, 300px\" \/> <img loading=\"lazy\" decoding=\"async\" class=\"alignnone size-medium wp-image-624\" src=\"https:\/\/aluksne.lv\/projektiwp\/wp-content\/uploads\/2018\/03\/IMG_8901-300x200.jpg\" alt=\"\" width=\"300\" height=\"200\" srcset=\"https:\/\/aluksne.lv\/projektiwp\/wp-content\/uploads\/2018\/03\/IMG_8901-300x200.jpg 300w, https:\/\/aluksne.lv\/projektiwp\/wp-content\/uploads\/2018\/03\/IMG_8901-768x512.jpg 768w, https:\/\/aluksne.lv\/projektiwp\/wp-content\/uploads\/2018\/03\/IMG_8901-1024x683.jpg 1024w, https:\/\/aluksne.lv\/projektiwp\/wp-content\/uploads\/2018\/03\/IMG_8901-320x213.jpg 320w, https:\/\/aluksne.lv\/projektiwp\/wp-content\/uploads\/2018\/03\/IMG_8901-1170x780.jpg 1170w\" sizes=\"auto, (max-width: 300px) 100vw, 300px\" \/> <img loading=\"lazy\" decoding=\"async\" class=\"alignnone size-medium wp-image-625\" src=\"https:\/\/aluksne.lv\/projektiwp\/wp-content\/uploads\/2018\/03\/IMG_8934-Large-300x200.jpg\" alt=\"\" width=\"300\" height=\"200\" srcset=\"https:\/\/aluksne.lv\/projektiwp\/wp-content\/uploads\/2018\/03\/IMG_8934-Large-300x200.jpg 300w, https:\/\/aluksne.lv\/projektiwp\/wp-content\/uploads\/2018\/03\/IMG_8934-Large-768x512.jpg 768w, https:\/\/aluksne.lv\/projektiwp\/wp-content\/uploads\/2018\/03\/IMG_8934-Large-1024x683.jpg 1024w, https:\/\/aluksne.lv\/projektiwp\/wp-content\/uploads\/2018\/03\/IMG_8934-Large-320x213.jpg 320w, https:\/\/aluksne.lv\/projektiwp\/wp-content\/uploads\/2018\/03\/IMG_8934-Large-1170x780.jpg 1170w, https:\/\/aluksne.lv\/projektiwp\/wp-content\/uploads\/2018\/03\/IMG_8934-Large.jpg 1620w\" sizes=\"auto, (max-width: 300px) 100vw, 300px\" \/> <img loading=\"lazy\" decoding=\"async\" class=\"alignnone size-medium wp-image-626\" src=\"https:\/\/aluksne.lv\/projektiwp\/wp-content\/uploads\/2018\/03\/IMG_8990-300x200.jpg\" alt=\"\" width=\"300\" height=\"200\" srcset=\"https:\/\/aluksne.lv\/projektiwp\/wp-content\/uploads\/2018\/03\/IMG_8990-300x200.jpg 300w, https:\/\/aluksne.lv\/projektiwp\/wp-content\/uploads\/2018\/03\/IMG_8990-768x512.jpg 768w, https:\/\/aluksne.lv\/projektiwp\/wp-content\/uploads\/2018\/03\/IMG_8990-1024x683.jpg 1024w, https:\/\/aluksne.lv\/projektiwp\/wp-content\/uploads\/2018\/03\/IMG_8990-320x213.jpg 320w, https:\/\/aluksne.lv\/projektiwp\/wp-content\/uploads\/2018\/03\/IMG_8990-1170x780.jpg 1170w\" sizes=\"auto, (max-width: 300px) 100vw, 300px\" \/><\/p>\n<hr \/>\n<h4 style=\"text-align: center;\"><strong>Dabas m\u0101j\u0101s aizsarg\u0101jamo ainavu apvid\u016b \u201cVeclaicene\u201d rit p\u0113d\u0113jie sagatavo\u0161an\u0101s darbi <\/strong><\/h4>\n<p>23.04.2019.<\/p>\n<p><span style=\"color: #993300;\">Sanita P\u0100SA,<\/span><br \/>\n<span style=\"color: #993300;\">Al\u016bksnes novada pa\u0161vald\u012bbas <\/span><span style=\"color: #993300;\">sabiedrisko attiec\u012bbu speci\u0101liste<\/span><\/p>\n<p><strong>J\u016bnija s\u0101kum\u0101 aizsarg\u0101jamo ainavu apvidus \u201cVeclaicene\u201d teritorij\u0101 durvis v\u0113rs un aicin\u0101s izbaud\u012bt b\u016b\u0161anu dab\u0101 jaunuzcelt\u0101s Dabas\u00a0<\/strong><\/p>\n<p><img loading=\"lazy\" decoding=\"async\" class=\"size-medium wp-image-621 alignright\" src=\"https:\/\/aluksne.lv\/projektiwp\/wp-content\/uploads\/2018\/03\/IMG_157-300x199.jpeg\" alt=\"\" width=\"300\" height=\"199\" srcset=\"https:\/\/aluksne.lv\/projektiwp\/wp-content\/uploads\/2018\/03\/IMG_157-300x199.jpeg 300w, https:\/\/aluksne.lv\/projektiwp\/wp-content\/uploads\/2018\/03\/IMG_157-768x509.jpeg 768w, https:\/\/aluksne.lv\/projektiwp\/wp-content\/uploads\/2018\/03\/IMG_157-1024x678.jpeg 1024w, https:\/\/aluksne.lv\/projektiwp\/wp-content\/uploads\/2018\/03\/IMG_157-320x213.jpeg 320w, https:\/\/aluksne.lv\/projektiwp\/wp-content\/uploads\/2018\/03\/IMG_157-1170x775.jpeg 1170w\" sizes=\"auto, (max-width: 300px) 100vw, 300px\" \/><\/p>\n<p><strong>m\u0101jas.<\/strong><strong><img loading=\"lazy\" decoding=\"async\" class=\"size-medium wp-image-620 alignright\" src=\"https:\/\/aluksne.lv\/projektiwp\/wp-content\/uploads\/2018\/03\/IMG_156-300x199.jpeg\" alt=\"\" width=\"300\" height=\"199\" srcset=\"https:\/\/aluksne.lv\/projektiwp\/wp-content\/uploads\/2018\/03\/IMG_156-300x199.jpeg 300w, https:\/\/aluksne.lv\/projektiwp\/wp-content\/uploads\/2018\/03\/IMG_156-768x509.jpeg 768w, https:\/\/aluksne.lv\/projektiwp\/wp-content\/uploads\/2018\/03\/IMG_156-1024x678.jpeg 1024w, https:\/\/aluksne.lv\/projektiwp\/wp-content\/uploads\/2018\/03\/IMG_156-320x213.jpeg 320w, https:\/\/aluksne.lv\/projektiwp\/wp-content\/uploads\/2018\/03\/IMG_156-1170x775.jpeg 1170w\" sizes=\"auto, (max-width: 300px) 100vw, 300px\" \/><\/strong><\/p>\n<p><strong>\u00a0<\/strong>T\u0101s kalpos k\u0101 atp\u016btas un dabas izzi\u0146as pieturas punkti tiem, kas dodas p\u0101rg\u0101jienos un brauc ar velosip\u0113diem, un ar\u012b k\u0101 naktsm\u012btnes ilg\u0101kam laikam, mekl\u0113jot mierpilnu atp\u016btu no ikdienas steigas. Dabas m\u0101jas uzb\u016bv\u0113tas pie gleznain\u0101ko ezeru krastiem un ir me\u017eu ieskautas. Tas dod iesp\u0113ju gan mak\u0161\u0137er\u0113t un v\u0113l\u0101k pagatavot malt\u012bti turpat uz ugunskura, gan las\u012bt s\u0113nes un ogot. Dabas m\u0101jas ir apr\u012bkotas ar Jotul tipa kr\u0101sni\u0146u, galdu ar kr\u0113sliem, desmit matra\u010diem otraj\u0101 st\u0101v\u0101, \u0101ra tualeti, ugunskura vietu ar grila resti un malku, ta\u010du tur neatrad\u012bsiet ne gaismas sl\u0113dzi, nedz ar\u012b \u016bdens padevi.<\/p>\n<p>Katra no piec\u0101m Dabas m\u0101j\u0101m aizsarg\u0101jamo ainavu apvidus \u201cVeclaicene\u201d teritorij\u0101 Al\u016bksnes un Apes novados st\u0101sta par citu tematiku. M\u0101j\u0101 Vaidavas ezera krast\u0101 var\u0113s uzzin\u0101t inform\u0101ciju par \u016bde\u0146iem un ziv\u012bm, pie Raipala ezera me\u017ea lauc\u012bt\u0113 eso\u0161\u0101 dabas m\u0101ja velt\u012bta l\u0101\u010diem, Ilg\u0101ja ezera krast\u0101 var\u0113s iepaz\u012bt Kornetu-Pe\u013c\u013cu subglaci\u0101lo gravu, savuk\u0101rt m\u0101j\u0101 pie Palpiera ezera izkl\u0101st\u012bta me\u017ea zv\u0113ru dz\u012bve. Vis\u0101s Dabas m\u0101j\u0101s ir sagatavoti un izvietoti izzino\u0161i fakti, st\u0101st\u012bjumi un att\u0113li par konkr\u0113taj\u0101m t\u0113m\u0101m. M\u0101j\u0101m piegulo\u0161aj\u0101 apk\u0101rtn\u0113 izvietoti ar\u012b tematikai velt\u012bti izgl\u012btojo\u0161i vides m\u0101kslas objekti.<\/p>\n<p>Veclaicenes ainavu apvidus pied\u0101v\u0101 izbaud\u012bt velo un k\u0101j\u0101mg\u0101j\u0113ju mar\u0161rutus, jaunuzcelt\u0101s Dabas m\u0101jas, me\u017eus, laukus, klajumus, ezerus un upes Al\u016bksnes un Apes novados.<\/p>\n<p>Pa\u0161vald\u012bba aicina visus Veclaicenes apmekl\u0113t\u0101jus kop\u012bgi r\u016bp\u0113ties par Dabas m\u0101j\u0101m un ainavu apvidus teritoriju, atst\u0101jot to aiz sevis t\u0101du, k\u0101d\u0101 taj\u0101 ien\u0101c\u0101t. Jau savlaic\u012bgi l\u016bdzam zi\u0146ot pa m\u0101ji\u0146\u0101s nor\u0101d\u012bto telefona numuru par p\u0101rk\u0101p\u0113jiem, ja t\u0101di man\u012bti.<\/p>\n<p>Dabas m\u0101jas tapu\u0161as Al\u016bksnes novada pa\u0161vald\u012bbas \u012bstenot\u0101 Eiropas Re\u0123ion\u0101l\u0101s att\u012bst\u012bbas fonda projekta \u201cAizsarg\u0101jamo ainavu apvidus \u201cVeclaicene\u201d infrastrukt\u016bras uzlabo\u0161ana antropog\u0113n\u0101s slodzes mazin\u0101\u0161anai un pieejam\u012bbas nodro\u0161in\u0101\u0161anai\u201d ietvaros. Projekta vad\u012bt\u0101ja \u2013 Inese Z\u012bmele-Jauni\u0146a.<\/p>\n<p>&nbsp;<\/p>\n<p>&nbsp;<\/p>\n<hr \/>\n<h4 style=\"text-align: center;\">Veclaicen\u0113 izb\u016bv\u0113ti atp\u016btas un dabas izzi\u0146as pieturas punkti<\/h4>\n<p>&nbsp;<\/p>\n<p><strong>\u00a0<\/strong><strong>Nosl\u0113gusies atp\u016btas un dabas izzi\u0146as pieturas punktu b\u016bvniec\u012bba aizsarg\u0101jamo ainavu apvid\u016b \u201cVeclaicene\u201d.<\/strong><\/p>\n<p><a href=\"http:\/\/aluksne.lv\/wp-content\/uploads\/2018\/12\/IMG_5328.jpg\"><img loading=\"lazy\" decoding=\"async\" class=\"alignright wp-image-8855\" src=\"http:\/\/aluksne.lv\/wp-content\/uploads\/2018\/12\/IMG_5328.jpg\" alt=\"\" width=\"314\" height=\"383\" data-id=\"8855\" \/><\/a>Atp\u016btas un dabas izzi\u0146as pieturas izb\u016bv\u0113tas pie kopum\u0101 pieciem ezeriem un katra velt\u012bta savai tematikai. \u0112ka Vaidavas ezera krast\u0101 st\u0101sta par \u016bde\u0146iem un ziv\u012bm. T\u0101s apk\u0101rtn\u0113 izvietoti ar\u012b \u0161ai tematikai velt\u012bti izgl\u012btojo\u0161i vides m\u0101kslas objekti.<\/p>\n<p>Raipala ezera tuvum\u0101 izb\u016bv\u0113t\u0101 dabas pieturas tematika velt\u012bta l\u0101\u010diem. Tematikas izv\u0113le saist\u012bta ar to, ka apk\u0101rtn\u0113 vair\u0101kk\u0101rt nov\u0113rots \u0161is dz\u012bvnieks un net\u0101lu atrodas ar\u012b Mi\u0161u medus muzejs.<\/p>\n<p>Ilg\u0101ja ezera, kur\u0161 atrodas uz Latvijas un Igaunijas robe\u017eas, krast\u0101 dabas izzi\u0146as pieturas tematika velt\u012bta Kornetu-Pe\u013c\u013cu subglaci\u0101lajai gravai un st\u0101sta par t\u0101s \u012bpatn\u012bb\u0101m.<\/p>\n<p>Me\u017ea zv\u0113ru t\u0113ma izkl\u0101st\u012bta dabas izzi\u0146as pietur\u0101 pie Palpiera ezera. L\u012bdz\u012bgi k\u0101 p\u0101r\u0113j\u0101s \u0113k\u0101s, ar\u012b \u0161eit pirmaj\u0101 st\u0101v\u0101 izvietoti par attiec\u012bgo t\u0113mu sagatavoti izzino\u0161i fakti un st\u0101st\u012bjumi, k\u0101 ar\u012b att\u0113li. \u0112kas apk\u0101rtn\u0113 ier\u012bkots ar\u012b neliels skatu tornis, kas veidots a\u013c\u0146a form\u0101.<\/p>\n<p>Apes novada teritorij\u0101 eso\u0161\u0101 Eni\u0137u ezera krast\u0101 veidot\u0101 dabas izzi\u0146as pietura velt\u012bta putniem, kuri sastopami konkr\u0113taj\u0101 apvid\u016b. Ar\u012b \u0161eit izvietoti vair\u0101ki vides m\u0101kslas objekti.<\/p>\n<p>Visi atp\u016btas un dabas izzi\u0146as punkti funkcion\u0113s ar\u012b k\u0101 naktsm\u012btnes, kur\u0101s var\u0113s piln\u012bb\u0101 izbaud\u012bt b\u016b\u0161anu dab\u0101. Pl\u0101nots, ka durvis apmekl\u0113t\u0101jiem m\u0101jas v\u0113rs 2019. gada pavasar\u012b.<\/p>\n<p>Al\u016bksnes novada pa\u0161vald\u012bba pateicas VAS \u201cLatvijas valsts me\u017ei\u201d par sadarb\u012bbu dabas m\u0101ju izveid\u0113 pie Vaidavas un Raipala ezeriem. Pa\u0161vald\u012bba pateicas ar\u012b priv\u0101to zemju \u012bpa\u0161niekiem par sadarb\u012bbu dabas m\u0101ju izveid\u0113 pie Eni\u0137u, Ilg\u0101ja un Palpiera ezeriem. Paldies par sadarb\u012bbu projekta \u012bsteno\u0161an\u0101 Apes novada pa\u0161vald\u012bbai.<\/p>\n<p>Dabas m\u0101ju projekt\u0113\u0161anu veica SIA \u201cBM-Projekts\u201d, bet b\u016bvniec\u012bbas darbus &#8211; AS \u201cMaster Industry\u201d. B\u016bvuzraudz\u012bbu nodro\u0161in\u0101ja SIA \u201cBBPV\u201d. Dabas m\u0101ju saturisko da\u013cu jeb ekspoz\u012bciju izstr\u0101d\u0101ja un realiz\u0113ja dizaina birojs SIA \u201cH2E\u201d.<\/p>\n<p>Atp\u016btas un dabas izzi\u0146as pieturas punkti jeb Dabas m\u0101jas aizsarg\u0101jamo ainavu apvid\u016b \u201cVeclaicene\u201d izb\u016bv\u0113tas ar Eiropas Re\u0123ion\u0101l\u0101s att\u012bst\u012bbas fonda l\u012bdzfinans\u0113jumu darb\u012bbas programmas \u201cIzaugsme un nodarbin\u0101t\u012bba\u201d 5.4.1. specifisk\u0101 atbalsta m\u0113r\u0137a \u201cSaglab\u0101t un atjaunot biolo\u0123isko daudzveid\u012bbu un aizsarg\u0101t ekosist\u0113mas\u201d 5.4.1.1.pas\u0101kuma \u201cAntropog\u0113no slodzi mazino\u0161as infrastrukt\u016bras izb\u016bve un rekonstrukcija Natura 2000 teritorij\u0101s\u201d projekta \u201cAizsarg\u0101jamo ainavu apvidus \u201cVeclaicene\u201d infrastrukt\u016bras uzlabo\u0161ana antropog\u0113n\u0101s slodzes mazin\u0101\u0161anai un pieejam\u012bbas nodro\u0161in\u0101\u0161anai\u201d Nr.5.4.1.1\/17\/A\/022\u00a0ietvaros. Projekta vad\u012bt\u0101ja Inese Z\u012bmele-Jauni\u0146a.<\/p>\n<p>&nbsp;<\/p>\n<hr \/>\n<h4 style=\"text-align: center;\"><strong>Sakopj teritorijas pie topo\u0161aj\u0101m Dabas m\u0101j\u0101m Veclaicen\u0113<\/strong><\/h4>\n<p>&nbsp;<\/p>\n<div id=\"attachment_411\" style=\"width: 328px\" class=\"wp-caption alignright\"><a href=\"http:\/\/aluksne.lv\/projektiwp\/wp-content\/uploads\/2018\/03\/nov_talka_Dabas_majas.jpg\"><img loading=\"lazy\" decoding=\"async\" aria-describedby=\"caption-attachment-411\" class=\"wp-image-411\" src=\"http:\/\/aluksne.lv\/projektiwp\/wp-content\/uploads\/2018\/03\/nov_talka_Dabas_majas-1024x683.jpg\" alt=\"\" width=\"318\" height=\"212\" srcset=\"https:\/\/aluksne.lv\/projektiwp\/wp-content\/uploads\/2018\/03\/nov_talka_Dabas_majas-1024x683.jpg 1024w, https:\/\/aluksne.lv\/projektiwp\/wp-content\/uploads\/2018\/03\/nov_talka_Dabas_majas-300x200.jpg 300w, https:\/\/aluksne.lv\/projektiwp\/wp-content\/uploads\/2018\/03\/nov_talka_Dabas_majas-768x512.jpg 768w, https:\/\/aluksne.lv\/projektiwp\/wp-content\/uploads\/2018\/03\/nov_talka_Dabas_majas-320x213.jpg 320w, https:\/\/aluksne.lv\/projektiwp\/wp-content\/uploads\/2018\/03\/nov_talka_Dabas_majas-1170x780.jpg 1170w\" sizes=\"auto, (max-width: 318px) 100vw, 318px\" \/><\/a><p id=\"caption-attachment-411\" class=\"wp-caption-text\">Foto: Talka pie Palpiera ezera<\/p><\/div>\n<p><strong>8. novembr\u012b Aizsarg\u0101jamo ainavu apvid\u016b \u201cVeclaicene\u201d norisin\u0101j\u0101s talka, kuras ietvaros tika sakoptas teritorijas pie topo\u0161aj\u0101m Dabas m\u0101j\u0101m Palpiera un Eni\u0137u ezeru krastos.<\/strong><\/p>\n<p>Al\u016bksnes novada pa\u0161vald\u012bba turpina darbu pie projekta \u201cAizsarg\u0101jamo ainavu apvidus \u201cVeclaicene\u201d infrastrukt\u016bras uzlabo\u0161ana antropog\u0113n\u0101s slodzes mazin\u0101\u0161anai un pieejam\u012bbas nodro\u0161in\u0101\u0161anai\u201d. \u0160obr\u012bd notiek atp\u016btas un dabas izzi\u0146as pieturas punktu izb\u016bve.<\/p>\n<p>Lai jauno pakalpojumu visiem interesentiem var\u0113tu pied\u0101v\u0101t jau t\u016brisma sezonas s\u0101kum\u0101, ruden\u012b nepiecie\u0161ams veikt teritorijas sakop\u0161anu objektu apk\u0101rtn\u0113. Projekta vad\u012bt\u0101ja Inese Z\u012bmele\u2013Jauni\u0146a kop\u0101 ar Veclaicenes pagasta p\u0101rvaldi un pa\u0161vald\u012bbas a\u0123ent\u016bru \u201cSpodra\u201d r\u012bkoja talku, kur\u0101 tika sakoptas topo\u0161o Dabas m\u0101ju piegulo\u0161\u0101s teritorijas pie Palpiera un Eni\u0137u ezeriem.<\/p>\n<p>Pl\u0101nots, ka Dabas m\u0101jas savas durvis apmekl\u0113t\u0101jiem v\u0113rs 2019. gada pavasar\u012b.<\/p>\n<p>Projekta vad\u012bt\u0101ja pateicas visiem, kuri piedal\u012bj\u0101s teritorijas sakop\u0161anas talk\u0101.<\/p>\n<p>&nbsp;<\/p>\n<hr \/>\n<h4 style=\"text-align: center;\"><\/h4>\n<h4 style=\"text-align: center;\"><strong>Ekspluat\u0101cij\u0101 pie\u0146emts jaunais treileru laukums Kornetos<\/strong><\/h4>\n<p><span class=\"tsm\" style=\"color: #800000;\">Evita APLOKA,<img loading=\"lazy\" decoding=\"async\" class=\"size-medium wp-image-358 alignright\" src=\"http:\/\/aluksne.lv\/projektiwp\/wp-content\/uploads\/2018\/03\/vecl_1-300x225.jpg\" alt=\"\" width=\"300\" height=\"225\" srcset=\"https:\/\/aluksne.lv\/projektiwp\/wp-content\/uploads\/2018\/03\/vecl_1-300x225.jpg 300w, https:\/\/aluksne.lv\/projektiwp\/wp-content\/uploads\/2018\/03\/vecl_1-768x576.jpg 768w, https:\/\/aluksne.lv\/projektiwp\/wp-content\/uploads\/2018\/03\/vecl_1-1024x768.jpg 1024w, https:\/\/aluksne.lv\/projektiwp\/wp-content\/uploads\/2018\/03\/vecl_1-1170x878.jpg 1170w, https:\/\/aluksne.lv\/projektiwp\/wp-content\/uploads\/2018\/03\/vecl_1-800x600.jpg 800w, https:\/\/aluksne.lv\/projektiwp\/wp-content\/uploads\/2018\/03\/vecl_1.jpg 1600w\" sizes=\"auto, (max-width: 300px) 100vw, 300px\" \/> <img loading=\"lazy\" decoding=\"async\" class=\"size-medium wp-image-359 alignright\" src=\"http:\/\/aluksne.lv\/projektiwp\/wp-content\/uploads\/2018\/03\/vecl_2-300x225.jpg\" alt=\"\" width=\"300\" height=\"225\" srcset=\"https:\/\/aluksne.lv\/projektiwp\/wp-content\/uploads\/2018\/03\/vecl_2-300x225.jpg 300w, https:\/\/aluksne.lv\/projektiwp\/wp-content\/uploads\/2018\/03\/vecl_2-768x576.jpg 768w, https:\/\/aluksne.lv\/projektiwp\/wp-content\/uploads\/2018\/03\/vecl_2-1024x768.jpg 1024w, https:\/\/aluksne.lv\/projektiwp\/wp-content\/uploads\/2018\/03\/vecl_2-1170x878.jpg 1170w, https:\/\/aluksne.lv\/projektiwp\/wp-content\/uploads\/2018\/03\/vecl_2-800x600.jpg 800w, https:\/\/aluksne.lv\/projektiwp\/wp-content\/uploads\/2018\/03\/vecl_2.jpg 1600w\" sizes=\"auto, (max-width: 300px) 100vw, 300px\" \/><br \/>\nAl\u016bksnes novada pa\u0161vald\u012bbas sabiedrisko attiec\u012bbu speci\u0101liste<\/span><\/p>\n<p><strong>\u00a0Eiropas Re\u0123ion\u0101l\u0101s att\u012bst\u012bbas fonda finans\u0113t\u0101 projekta \u201cAizsarg\u0101jamo ainavu apvidus \u201cVeclaicene\u201d infrastrukt\u016bras uzlabo\u0161ana antropog\u0113n\u0101s slodzes mazin\u0101\u0161anai un pieejam\u012bbas nodro\u0161in\u0101\u0161anai\u201d ietvaros Veclaicenes pagasta Kornetos septembra beig\u0101s ekspluat\u0101cij\u0101 pie\u0146emts treileru laukums.<\/strong><\/p>\n<p>Treileru laukum\u0101 b\u016bs iesp\u0113jams piesl\u0113gties pie elektroener\u0123ijas, nepiecie\u0161am\u012bbas gad\u012bjum\u0101 iztuk\u0161ot treilera kanaliz\u0101cijas tvertni un uzpild\u012bt dzeramo \u016bdeni. Labiek\u0101rtojot treileru laukumu \u0101rpus \u012bpa\u0161i aizsarg\u0101jamo biotopu atradn\u0113m aizsarg\u0101jamo ainavu apvid\u016b \u201cVeclaicene\u201d, tiek nov\u0113rsts apdraud\u0113jums, ka treileru autotransportu novieto tam neparedz\u0113t\u0101s viet\u0101s, k\u0101 ar\u012b tiek nov\u0113rsts dabas pies\u0101r\u0146ojums, paredzot st\u0101vlaukum\u0101 kanaliz\u0101cijas tvertnes iztuk\u0161o\u0161anas vietu.<\/p>\n<p>Uztur\u0113\u0161an\u0101s treileru laukum\u0101 apmekl\u0113t\u0101jiem b\u016bs par maksu, ko p\u0113c kalkul\u0101cijas apstiprin\u0101s Al\u016bksnes novada dome. Samaks\u0101t par treileru laukumu var\u0113s pa\u0161apkalpo\u0161an\u0101s inform\u0101cijas punkt\u0101 vai, izmantojot mobilo aplik\u0101ciju.<\/p>\n<p>B\u016bvprojektu izstr\u0101d\u0101ja SIA \u201cNAMS\u201d, b\u016bvdarbus veica SIA \u201cCE\u013bINIEKS 2010\u201d, b\u016bvuzraudz\u012bbu nodro\u0161in\u0101ja SIA \u201cB\u016aVUZRAUGI LV\u201d. B\u016bvdarbu kop\u0113j\u0101s izmaksas 55\u00a0238,11 EUR ar PVN.<\/p>\n<p>L\u012bdz \u0161im projekt\u0101 jau ir uzb\u016bv\u0113ts un ekspluat\u0101cij\u0101 nodots skatu tornis D\u0113li\u0146kaln\u0101, pabeigti mar\u0161rutu ce\u013cu posmu uzlabo\u0161anas darbi, turpin\u0101s inform\u0101cijas z\u012bmju, stendu, nor\u0101\u017eu un robe\u017ez\u012bmju izvieto\u0161ana vis\u0101 aizsarg\u0101jamo ainavu apvidus \u201cVeclaicene\u201d teritorij\u0101, t\u0101pat ar\u012b turpin\u0101s pa\u0161apkalpo\u0161an\u0101s inform\u0101cijas punktu un dabas m\u0101ju b\u016bvniec\u012bba.<\/p>\n<p>Projektu vada Al\u016bksnes novada pa\u0161vald\u012bbas projektu vad\u012bt\u0101ja Inese Z\u012bmele-Jauni\u0146a.<\/p>\n<hr \/>\n<h4 style=\"text-align: center;\"><a href=\"http:\/\/aluksne.lv\/index.php\/2018\/07\/20\/aluksnes-augstienes-virsotne-delinkalna-atklats-jauns-skatu-tornis\/\">Al\u016bksnes augstienes virsotn\u0113 &#8211; D\u0113li\u0146kaln\u0101 atkl\u0101ts jauns skatu tornis<img loading=\"lazy\" decoding=\"async\" class=\"size-medium wp-image-250 alignright\" src=\"http:\/\/aluksne.lv\/projektiwp\/wp-content\/uploads\/2018\/03\/IMG_5737-300x200.jpg\" alt=\"\" width=\"300\" height=\"200\" srcset=\"https:\/\/aluksne.lv\/projektiwp\/wp-content\/uploads\/2018\/03\/IMG_5737-300x200.jpg 300w, https:\/\/aluksne.lv\/projektiwp\/wp-content\/uploads\/2018\/03\/IMG_5737-768x512.jpg 768w, https:\/\/aluksne.lv\/projektiwp\/wp-content\/uploads\/2018\/03\/IMG_5737-1024x683.jpg 1024w, https:\/\/aluksne.lv\/projektiwp\/wp-content\/uploads\/2018\/03\/IMG_5737-320x213.jpg 320w, https:\/\/aluksne.lv\/projektiwp\/wp-content\/uploads\/2018\/03\/IMG_5737-1170x780.jpg 1170w, https:\/\/aluksne.lv\/projektiwp\/wp-content\/uploads\/2018\/03\/IMG_5737.jpg 1620w\" sizes=\"auto, (max-width: 300px) 100vw, 300px\" \/><\/a><\/h4>\n<p>&nbsp;<\/p>\n<p>&nbsp;<\/p>\n<p>&nbsp;<\/p>\n<p>&nbsp;<\/p>\n<p>&nbsp;<\/p>\n<hr \/>\n<h4 style=\"text-align: center;\">\u00a0<a href=\"http:\/\/aluksne.lv\/index.php\/2018\/07\/13\/atklas-jauno-delinkalna-skatu-torni-aluksnes-augstiene\/\">Atkl\u0101s jauno D\u0113li\u0146kalna skatu torni Al\u016bksnes augstien\u0113\u00a0<img loading=\"lazy\" decoding=\"async\" class=\"size-medium wp-image-249 alignright\" src=\"http:\/\/aluksne.lv\/projektiwp\/wp-content\/uploads\/2018\/03\/IMG_4303-300x200.jpg\" alt=\"\" width=\"300\" height=\"200\" srcset=\"https:\/\/aluksne.lv\/projektiwp\/wp-content\/uploads\/2018\/03\/IMG_4303-300x200.jpg 300w, https:\/\/aluksne.lv\/projektiwp\/wp-content\/uploads\/2018\/03\/IMG_4303-768x512.jpg 768w, https:\/\/aluksne.lv\/projektiwp\/wp-content\/uploads\/2018\/03\/IMG_4303-1024x683.jpg 1024w, https:\/\/aluksne.lv\/projektiwp\/wp-content\/uploads\/2018\/03\/IMG_4303-320x213.jpg 320w, https:\/\/aluksne.lv\/projektiwp\/wp-content\/uploads\/2018\/03\/IMG_4303-1170x780.jpg 1170w\" sizes=\"auto, (max-width: 300px) 100vw, 300px\" \/><\/a><\/h4>\n<p>&nbsp;<\/p>\n<p>&nbsp;<\/p>\n<p>&nbsp;<\/p>\n<p>&nbsp;<\/p>\n<p>&nbsp;<\/p>\n<hr \/>\n<h4 style=\"text-align: center;\"><a href=\"http:\/\/aluksne.lv\/index.php\/2018\/07\/04\/noslegusies-delinkalna-skatu-torna-buvnieciba-jaunlaicenes-pagasta\/\">Nosl\u0113gusies D\u0113li\u0146kalna skatu tor\u0146a b\u016bvniec\u012bba Jaunlaicenes pagast\u0101<img loading=\"lazy\" decoding=\"async\" class=\"size-medium wp-image-248 alignright\" src=\"http:\/\/aluksne.lv\/projektiwp\/wp-content\/uploads\/2018\/03\/IMG_4364-2-300x200.jpg\" alt=\"\" width=\"300\" height=\"200\" srcset=\"https:\/\/aluksne.lv\/projektiwp\/wp-content\/uploads\/2018\/03\/IMG_4364-2-300x200.jpg 300w, https:\/\/aluksne.lv\/projektiwp\/wp-content\/uploads\/2018\/03\/IMG_4364-2-768x512.jpg 768w, https:\/\/aluksne.lv\/projektiwp\/wp-content\/uploads\/2018\/03\/IMG_4364-2-1024x683.jpg 1024w, https:\/\/aluksne.lv\/projektiwp\/wp-content\/uploads\/2018\/03\/IMG_4364-2-320x213.jpg 320w, https:\/\/aluksne.lv\/projektiwp\/wp-content\/uploads\/2018\/03\/IMG_4364-2-1170x780.jpg 1170w\" sizes=\"auto, (max-width: 300px) 100vw, 300px\" \/><\/a><\/h4>\n<p>&nbsp;<\/p>\n<p>&nbsp;<\/p>\n<p>&nbsp;<\/p>\n<p>&nbsp;<\/p>\n<p>&nbsp;<\/p>\n<p>&nbsp;<\/p>\n<hr \/>\n<h4 class=\"vt\" style=\"text-align: center;\" align=\"center\"><strong>Aizsarg\u0101jamo ainavu apvid\u016b \u201cVeclaicene\u201d izb\u016bv\u0113 dabas m\u0101jas<\/strong><\/h4>\n<p><span class=\"tsm\" style=\"color: #800000;\">Druvis MUCENIEKS,<br \/>\nAl\u016bksnes novada pa\u0161vald\u012bbas sabiedrisko attiec\u012bbu speci\u0101lists<\/span><\/p>\n<p><strong>Saska\u0146\u0101 ar dabas aizsardz\u012bbas pl\u0101nu b\u016bvnieki uzs\u0101ku\u0161i darbu pie atp\u016btas un dabas izzi\u0146as pieturas punktu jeb dabas m\u0101ju izb\u016bves. <\/strong><\/p>\n<p>Kopum\u0101 projekta \u201cAizsarg\u0101jamo ainavu apvidus \u201cVeclaicene\u201d infrastrukt\u016bras uzlabo\u0161ana antropog\u0113n\u0101s slodzes mazin\u0101\u0161anai un pieejam\u012bbas nodro\u0161in\u0101\u0161anai\u201d ietvaros tiks izb\u016bv\u0113tas piecas dabas m\u0101jas, kuras atrad\u012bsies pie Raipala, Vaidavas, Ilg\u0101ja, Palpiera un Eni\u0137u ezeriem. Katra no dabas m\u0101j\u0101m b\u016bs veidota ar \u012bpa\u0161u tematiku un st\u0101st\u012bs par \u201cNatura 2000\u201d teritoriju un taj\u0101 eso\u0161aj\u0101m v\u0113rt\u012bb\u0101m.<\/p>\n<p>Dabas m\u0101ju projekt\u0113\u0161anu veica uz\u0146\u0113mums SIA \u201cBM Projekts\u201d, bet b\u016bvniec\u012bbas darbus veic uz\u0146\u0113mums AS \u201cMaster Industry\u201d. Dabas m\u0101ju saturisko da\u013cu jeb ekspoz\u012bciju izstr\u0101d\u0101 uz\u0146\u0113mums SIA \u201cH2E\u201d.<\/p>\n<p>&nbsp;<\/p>\n<hr \/>\n<h4 class=\"vt\" style=\"text-align: center;\" align=\"center\"><strong>Atjaunos inform\u0101cijas z\u012bmes un izveidos vesel\u012bbas mar\u0161rutu<\/strong><\/h4>\n<p><span class=\"tsm\" style=\"color: #800000;\">Druvis MUCENIEKS,<br \/>\nAl\u016bksnes novada pa\u0161vald\u012bbas sabiedrisko attiec\u012bbu speci\u0101lists<\/span><\/p>\n<p><strong>Saska\u0146\u0101 ar dabas aizsardz\u012bbas pl\u0101nu, aizsarg\u0101jamo ainavu apvid\u016b \u201cVeclaicene\u201d tiks uzst\u0101d\u012btas Dabas aizsardz\u012bbas p\u0101rvaldes vienotaj\u0101 stilistik\u0101 veidotas inform\u0101cijas un nor\u0101\u017eu z\u012bmes, k\u0101 ar\u012b izveidots vesel\u012bbas mar\u0161ruts.<\/strong><\/p>\n<p>Specifisk\u0101 atbalsta m\u0113r\u0137a 5.4.1. projekta \u201cAizsarg\u0101jamo ainavu apvidus \u201cVeclaicene\u201d infrastrukt\u016bras uzlabo\u0161ana antropog\u0113n\u0101s slodzes mazin\u0101\u0161anai un pieejam\u012bbas nodro\u0161in\u0101\u0161anai\u201d ietvaros eso\u0161aj\u0101 Ievas un Trumul\u012b\u0161a ezeru dabas tak\u0101 pl\u0101nots izvietot vesel\u012bbas mar\u0161rutu.\u00a0 Mar\u0161ruts veidots saska\u0146\u0101 ar Slim\u012bbu profilakses un kontroles centra izstr\u0101d\u0101to materi\u0101lu \u201cIeteikumi pa\u0161vald\u012bb\u0101m vesel\u012bbas mar\u0161rutu izveid\u0113\u201d.\u00a0 Vesel\u012bbas mar\u0161ruts at\u0161\u0137ir\u012bb\u0101 no vienk\u0101r\u0161as dabas takas at\u0161\u0137iras ar to, ka taj\u0101 uz speci\u0101liem stendiem nor\u0101d\u012bti vingrojumi vai da\u017e\u0101di uzdevumi, kurus ieteicams veikt vesel\u012bbas uzlabo\u0161anai.<\/p>\n<p>T\u0101pat projekta ietvaros tiks uzst\u0101d\u012btas tr\u016bksto\u0161\u0101s robe\u017ez\u012bmes, k\u0101 ar\u012b atjaunoti vecie un uzst\u0101d\u012bti jauni inform\u0101cijas stendi.<\/p>\n<p>Z\u012bmju uzst\u0101d\u012b\u0161anas darbus veiks uz\u0146\u0113mums SIA \u201cSmart Energy\u201d.<\/p>\n<p>&nbsp;<\/p>\n<hr \/>\n<h4 class=\"vt\" style=\"text-align: center;\" align=\"center\"><strong>Izb\u016bv\u0113 pa\u0161apkalpo\u0161an\u0101s t\u016brisma inform\u0101cijas punktus<\/strong><\/h4>\n<p><span class=\"tsm\" style=\"color: #800000;\">Druvis MUCENIEKS,<br \/>\nAl\u016bksnes novada pa\u0161vald\u012bbas sabiedrisko attiec\u012bbu speci\u0101lists<\/span><\/p>\n<p><strong>Att\u012bstot aizsarg\u0101jamo ainavu apvidu \u201cVeclaicene\u201d, uzs\u0101kta t\u016brisma inform\u0101cijas punktu izb\u016bve.<\/strong><\/p>\n<p>Saska\u0146\u0101 ar dabas aizsardz\u012bbas pl\u0101nu, pl\u0101nots izb\u016bv\u0113t \u010detrus pa\u0161apkalpo\u0161an\u0101s t\u016brisma punktus. Tr\u012bs no punktiem \u2013 Kornetu centr\u0101, Apes pils\u0113t\u0101 un uz Vidzemes \u0161osejas &#8211; izb\u016bv\u0113 uz\u0146\u0113mums SIA \u201cOzolm\u0101jas\u201d. T\u016brisma punkta Rome\u0161kaln\u0101 izb\u016bvi veic uz\u0146\u0113mums SIA \u201cPamati\u201d.<\/p>\n<p>T\u016brisma inform\u0101cijas punktos b\u016bs pieejama lielform\u0101ta karte, kur\u0101 att\u0113lots aizsarg\u0101jamo ainavu apvidus \u201cVeclaicene\u201d. T\u0101pat punkt\u0101 b\u016bs pieejams ar\u012b elektroniskais inform\u0101cijas stends un nodro\u0161in\u0101ta iesp\u0113ja iel\u0101d\u0113t mobilo aplik\u0101ciju. Punkt\u0101 apmekl\u0113t\u0101ji var\u0113s ieg\u0101d\u0101ties dabas izzi\u0146as pieturu jeb dabas m\u0101ju apmekl\u0113juma kartes, mak\u0161\u0137er\u0113\u0161anas at\u013caujas un at\u013caujas treileru laukuma izmanto\u0161anai.<\/p>\n<p>Inform\u0101cijas punktos pl\u0101nots uzst\u0101d\u012bt ar\u012b apmekl\u0113t\u0101ju monitoringa ier\u012bci, lai veiktu apmekl\u0113t\u0101ju uzskaiti.<\/p>\n<p>&nbsp;<\/p>\n<hr \/>\n<h4 class=\"vt\" style=\"text-align: center;\" align=\"center\"><strong>Aizsarg\u0101jamo ainavu apvid\u016b \u201cVeclaicene\u201d uzlabo t\u016brisma mar\u0161rutus<\/strong><\/h4>\n<p><span class=\"tsm\" style=\"color: #800000;\">Druvis MUCENIEKS,<br \/>\nAl\u016bksnes novada pa\u0161vald\u012bbas sabiedrisko attiec\u012bbu speci\u0101lists<\/span><\/p>\n<p><strong>Ziemeru, Veclaicenes un Jaunlaicenes pagastos, k\u0101 ar\u012b Apes novad\u0101 norisin\u0101s t\u016brisma mar\u0161rutu uzlabo\u0161anas darbi.<\/strong><\/p>\n<p>Pl\u0101nots, ka \u0161ovasar kopum\u0101 tiks sak\u0101rtoti se\u0161i atsevi\u0161\u0137i ce\u013cu posmi, kuri \u0161obr\u012bd ir kritisk\u0101 st\u0101vokl\u012b un gr\u016bti m\u0113rojami ar velosip\u0113du vai izejami k\u0101j\u0101m.<\/p>\n<p>Mar\u0161rutu uzlabo\u0161anas darbus veic uz\u0146\u0113mums SIA \u201cSORMA\u201d.<\/p>\n<p>Mar\u0161rutu uzlabo\u0161ana notiek projekta Eiropas Savien\u012bbas Re\u0123ion\u0101l\u0101s att\u012bst\u012bbas fonda projekta \u201cAizsarg\u0101jamo ainavu apvidus \u201cVeclaicene\u201d infrastrukt\u016bras uzlabo\u0161ana antropog\u0113n\u0101s slodzes mazin\u0101\u0161anai un pieejam\u012bbas nodro\u0161in\u0101\u0161anai\u201d ietvaros.<\/p>\n<p>&nbsp;<\/p>\n<hr \/>\n<h4 style=\"text-align: center;\"><strong><img loading=\"lazy\" decoding=\"async\" class=\"size-medium wp-image-135 alignright\" src=\"http:\/\/aluksne.lv\/projektiwp\/wp-content\/uploads\/2018\/03\/apr_Delinkalna_skatu_tornis-300x225.jpg\" alt=\"\" width=\"300\" height=\"225\" srcset=\"https:\/\/aluksne.lv\/projektiwp\/wp-content\/uploads\/2018\/03\/apr_Delinkalna_skatu_tornis-300x225.jpg 300w, https:\/\/aluksne.lv\/projektiwp\/wp-content\/uploads\/2018\/03\/apr_Delinkalna_skatu_tornis-768x577.jpg 768w, https:\/\/aluksne.lv\/projektiwp\/wp-content\/uploads\/2018\/03\/apr_Delinkalna_skatu_tornis-1024x769.jpg 1024w, https:\/\/aluksne.lv\/projektiwp\/wp-content\/uploads\/2018\/03\/apr_Delinkalna_skatu_tornis-1170x879.jpg 1170w, https:\/\/aluksne.lv\/projektiwp\/wp-content\/uploads\/2018\/03\/apr_Delinkalna_skatu_tornis-800x600.jpg 800w\" sizes=\"auto, (max-width: 300px) 100vw, 300px\" \/>Pa\u0161vald\u012bba atg\u0101dina: D\u0113li\u0146kalna skatu tornis v\u0113l ir b\u016bvobjekts!<\/strong><\/h4>\n<p><span class=\"tsm\" style=\"color: #800000;\">Evita APLOKA,<br \/>\nAl\u016bksnes novada pa\u0161vald\u012bbas sabiedrisko attiec\u012bbu speci\u0101liste<\/span><\/p>\n<p><strong>D\u0113li\u0146kaln\u0101 turpin\u0101s skatu tor\u0146a b\u016bvniec\u012bba, t\u0101d\u0113\u013c Al\u016bksnes novada pa\u0161vald\u012bba atg\u0101dina, ka vieta, kur \u0161obr\u012bd tornis top, ir b\u016bvniec\u012bbas objekts, un tas nav pieejams apmekl\u0113t\u0101jiem.<\/strong><\/p>\n<p>Pa\u0161vald\u012bba aicina iedz\u012bvot\u0101jus b\u016bt paciet\u012bgiem un saproto\u0161iem, \u013caut b\u016bvniekiem turpin\u0101t veikt savu darbu, nem\u0113\u0123in\u0101t piek\u013c\u016bt pie tor\u0146a laik\u0101, kad tur nav b\u016bvnieku, k\u0101 ar\u012b nek\u0101d\u0101 gad\u012bjum\u0101 nem\u0113\u0123in\u0101t uzk\u0101pt nepabeigtaj\u0101 torn\u012b, kas var rad\u012bt draudus vesel\u012bbai un dz\u012bv\u012bbai.<\/p>\n<p>D\u0113li\u0146kalna skatu torni b\u016bv\u0113 specifisk\u0101 atbalsta m\u0113r\u0137a 5.4.1. projekta \u201cAizsarg\u0101jamo ainavu apvidus \u201cVeclaicene\u201d infrastrukt\u016bras uzlabo\u0161ana antropog\u0113n\u0101s slodzes mazin\u0101\u0161anai un pieejam\u012bbas nodro\u0161in\u0101\u0161anai\u201d ietvaros. T\u0101 m\u0113r\u0137is ir uzlabot eso\u0161o un izveidot jaunu kvalitat\u012bvu t\u016brisma un dabas izzi\u0146as infrastrukt\u016bras t\u012bklu aizsarg\u0101jamo ainavu apvid\u016b \u201cVeclaicene\u201d, t\u0101d\u0113j\u0101di mazinot antropog\u0113no slodzi un iesp\u0113jamo ietekmi uz \u012bpa\u0161i aizsarg\u0101jamiem biotopiem un sug\u0101m.<\/p>\n<hr \/>\n<h4 class=\"vt\" style=\"text-align: center;\" align=\"center\">D\u0113li\u0146kaln\u0101 b\u016bv\u0113 skatu torni<\/h4>\n<p><strong><img decoding=\"async\" src=\"http:\/\/aluksne.lv\/wp-content\/uploads\/2018\/01\/jan_Tornis_Kornetos-Ainars-Gaidis-Medium.jpg\" alt=\"\" width=\"300\" align=\"right\" \/><\/strong><span class=\"tsm\" style=\"color: #800000;\">Druvis MUCENIEKS,<br \/>\nAl\u016bksnes novada pa\u0161vald\u012bbas sabiedrisko attiec\u012bbu speci\u0101lists<\/span><\/p>\n<p><strong>Projekta \u201cAizsarg\u0101jamo ainavu apvidus \u201cVeclaicene\u201d infrastrukt\u016bras uzlabo\u0161ana antropog\u0113n\u0101s slodzes mazin\u0101\u0161anai un pieejam\u012bbas nodro\u0161in\u0101\u0161anai\u201d ietvaros D\u0113li\u0146kaln\u0101 norit skatu tor\u0146a izb\u016bve.<\/strong><\/p>\n<p>\u0160obr\u012bd objekt\u0101 veikta triangul\u0101cijas tor\u0146a demont\u0101\u017ea, atme\u017eo\u0161ana, k\u0101 ar\u012b ier\u012bkota b\u016bvbedre un izb\u016bv\u0113ts pagaidu ce\u013c\u0161.<\/p>\n<p>D\u0113li\u0146kalna skatu tornis b\u016bs 27 metrus augsts, un t\u0101 virsotn\u0113 atrad\u012bsies skatu platforma, kas b\u016bs apr\u012bkota ar binokli. \u0160is tornis b\u016bs identisks Veclaicenes pagasta Kornetu Dz\u0113rves kaln\u0101 izb\u016bv\u0113tajam. Pie D\u0113li\u0146kalna skatu tor\u0146a pl\u0101nots uzst\u0101d\u012bt ar\u012b apmekl\u0113t\u0101ju uzskaites ier\u012bci.<\/p>\n<p>Skatu tor\u0146a celtniec\u012bba norit saska\u0146\u0101 ar aizsarg\u0101jamo ainavu apvidus \u201cVeclaicene\u201d dabas aizsardz\u012bbas pl\u0101nu 2016.-2028. gadam.<\/p>\n<p>Darbus objekt\u0101 saska\u0146\u0101 ar iepirkumu proced\u016bras rezult\u0101tiem veic uz\u0146\u0113mumi SIA \u201cSmart Energy\u201d un SIA \u201cLivland Group\u201d. \u00a0B\u016bvdarbu izmaksas sast\u0101da 258\u00a0287,52 bez PVN.<\/p>\n<p>FOTO: Ainars Gaidis<\/p>\n<hr \/>\n<h4 class=\"vt\" style=\"text-align: center;\" align=\"center\"><strong>Nosl\u0113dz l\u012bgumu par dabas m\u0101ju ekspoz\u012bciju izveidi Veclaicen\u0113<\/strong><\/h4>\n<p>&nbsp;<\/p>\n<p class=\"tsm\"><span style=\"color: #800000;\">Evita APLOKA,<\/span><br \/>\n<span style=\"color: #800000;\"> Al\u016bksnes novada pa\u0161vald\u012bbas<\/span><br \/>\n<span style=\"color: #800000;\"> sabiedrisko attiec\u012bbu speci\u0101liste<\/span><\/p>\n<p><strong>Al\u016bksnes novada pa\u0161vald\u012bba, turpinot \u012bstenot aizsarg\u0101jamo ainavu apvidus \u201cVeclaicene\u201d infrastrukt\u016bras uzlabo\u0161anas projektu, nosl\u0113gusi l\u012bgumu par dabas izzi\u0146as ekspoz\u012bciju koncepcijas izstr\u0101di un ekspoz\u012bciju izveidi projekta teritorij\u0101 pl\u0101notaj\u0101s dabas m\u0101j\u0101s.<\/strong><\/p>\n<p>Projekta \u201cAizsarg\u0101jamo ainavu apvidus \u201cVeclaicene\u201d infrastrukt\u016bras uzlabo\u0161ana antropog\u0113n\u0101s slodzes mazin\u0101\u0161anai un pieejam\u012bbas nodro\u0161in\u0101\u0161anai\u201d ietvaros pa\u0161vald\u012bba iepirkuma proced\u016bras rezult\u0101t\u0101 nosl\u0113gusi l\u012bgumu ar SIA \u201cH2E\u201d par ainavu apvidus teritorij\u0101 pl\u0101noto atp\u016btas un dabas izzi\u0146as pieturas punktu \u2013 dabas m\u0101ju vizu\u0101l\u0101 noform\u0113juma ekspoz\u012bcijas koncepcijas un tehnisko risin\u0101jumu izstr\u0101di, k\u0101 ar\u012b \u0161\u012bs ekspoz\u012bcijas realiz\u0101ciju. L\u012bgumcena ir 33 057,85 EUR bez PVN.<\/p>\n<p>Saska\u0146\u0101 ar Aizsarg\u0101jamo ainavu apvidus \u201cVeclaicene\u201d dabas aizsardz\u012bbas pl\u0101nu projekta laik\u0101 \u0161aj\u0101 teritorij\u0101 pl\u0101nots izveidot piecus atp\u016btas un dabas izzi\u0146as pieturas punktus \u2013 dabas m\u0101jas. T\u0101s atrad\u012bsies Al\u016bksnes novad\u0101 pie Raipala, Vaidavas, Ilg\u0101ja un Palpiera ezeriem, un pie Eni\u0137u ezera Apes novad\u0101. Katr\u0101 dabas m\u0101j\u0101 ekspoz\u012bcija b\u016bs velt\u012bta k\u0101dai citai ar Natura 2000 teritoriju un taj\u0101 eso\u0161aj\u0101m v\u0113rt\u012bb\u0101m saist\u012btai tematikai.<\/p>\n<p>Eiropas Re\u0123ion\u0101l\u0101s att\u012bst\u012bbas fonda finans\u0113t\u0101 projekta m\u0113r\u0137is ir uzlabot eso\u0161o un izveidot jaunu kvalitat\u012bvu t\u016brisma un dabas izzi\u0146as infrastrukt\u016bras t\u012bklu aizsarg\u0101jamo ainavu apvid\u016b, mazinot antropog\u0113no slodzi (tie\u0161u vai netie\u0161u cilv\u0113ku un vi\u0146u saimniecisk\u0101s darb\u012bbas iedarb\u012bbu uz dabu vai t\u0101s atsevi\u0161\u0137iem elementiem, biotopiem un sug\u0101m).<\/p>\n<p>Projekt\u0101 bez jau min\u0113taj\u0101m dabas m\u0101j\u0101m pl\u0101nots uzb\u016bv\u0113t skatu torni D\u0113li\u0146kaln\u0101, labiek\u0101rtot treileru vajadz\u012bb\u0101m st\u0101vlaukumu, uzlabot atsevi\u0161\u0137us ce\u013cu posmus, izveidot pa\u0161apkalpo\u0161an\u0101s t\u016brisma inform\u0101cijas punktus, izveidot vesel\u012bbas mar\u0161rutu, k\u0101 ar\u012b izvietot informat\u012bv\u0101s z\u012bmes un stendus aizsarg\u0101jamo ainavu apvidus teritorij\u0101.<\/p>\n<p>Projekta sadarb\u012bbas partneris ir Apes pils\u0113tas dome.<\/p>\n<hr \/>\n<p>&nbsp;<\/p>\n<h4 class=\"vt\" align=\"center\"><strong>Veclaicen\u0113 top treileru laukums<\/strong><\/h4>\n<p><span class=\"tsm\" style=\"color: #800000;\">Druvis MUCENIEKS,<br \/>\nAl\u016bksnes novada pa\u0161vald\u012bbas sabiedrisko attiec\u012bbu speci\u0101lists<\/span><\/p>\n<p><strong><img loading=\"lazy\" decoding=\"async\" class=\" alignright\" src=\"http:\/\/aluksne.lv\/projekti\/visi\/dec_Treileru_laukums.jpg\" width=\"450\" height=\"316\" \/>Projekta &#8220;Aizsarg\u0101jamo ainavu apvidus &#8220;Veclaicene&#8221; infrastrukt\u016bras uzlabo\u0161ana antropog\u0113n\u0101s slodzes mazin\u0101\u0161anai un pieejam\u012bbas nodro\u0161in\u0101\u0161anai&#8221; ietvaros Veclaicenes pagast\u0101 uzs\u0101kta treileru laukuma izb\u016bve. <\/strong><\/p>\n<p>Saska\u0146\u0101 ar dabas aizsardz\u012bbas pl\u0101nu Kornetu centr\u0101 blakus eso\u0161ajam st\u0101vlaukumam tiks labiek\u0101rtots laukums, kur\u0161 paredz\u0113ts treileru autotransportam, nodro\u0161inot iesp\u0113ju piesl\u0113gties pie elektr\u012bbas vienlaic\u012bgi \u010detriem treileriem. Labiek\u0101rtojot treileru laukumu \u0101rpus \u012bpa\u0161i aizsarg\u0101jamo biotopu atradn\u0113m, tiek nov\u0113rsts gan apdraud\u0113jums, ka treileru autotransportu novieto tam neparedz\u0113t\u0101s viet\u0101s, gan iesp\u0113jamais dabas pies\u0101r\u0146ojums, paredzot st\u0101vlaukum\u0101 kanaliz\u0101cijas tvertnes iztuk\u0161o\u0161anas vietu.<\/p>\n<p>Darbus objekt\u0101 saska\u0146\u0101 ar iepirkuma rezult\u0101tiem veic uz\u0146\u0113mums SIA &#8220;Ce\u013cinieks 2010&#8221;. \u0160obr\u012bd tur veikti laukuma un t\u012bklu nosprau\u0161anas darbi, un uzs\u0101kta \u0101r\u0113jo \u016bdens un kanaliz\u0101cijas t\u012bklu izb\u016bve. Laukuma b\u016bvniec\u012bbas izmaksas ir 46 409 eiro bez PVN.<\/p>\n<p>Projekta &#8220;Aizsarg\u0101jamo ainavu apvidus &#8220;Veclaicene&#8221; infrastrukt\u016bras uzlabo\u0161ana antropog\u0113n\u0101s slodzes mazin\u0101\u0161anai un pieejam\u012bbas nodro\u0161in\u0101\u0161anai&#8221; kop\u0113j\u0101s attiecin\u0101m\u0101s izmaksas ir 1,2 miljoni eiro, no kuriem 500 000 ir ERAF finans\u0113jums, 26 470 eiro ir valsts bud\u017eeta dot\u0101cija pa\u0161vald\u012bb\u0101m, bet 61 764 eiro ir pa\u0161vald\u012bbas finans\u0113jums.<\/p>\n<p>Projekta sadarb\u012bbas partneris Apes novada dome.<\/p>\n<hr \/>\n<h4 class=\"vt\" style=\"text-align: center;\" align=\"center\">D\u0113li\u0146kaln\u0101 turpin\u0101s skatu tor\u0146a izb\u016bve<\/h4>\n<p><strong><span class=\"tsm\" style=\"color: #800000;\">Druvis MUCENIEKS,<img loading=\"lazy\" decoding=\"async\" class=\"alignnone size-medium wp-image-135 alignright\" src=\"http:\/\/aluksne.lv\/projektiwp\/wp-content\/uploads\/2018\/03\/apr_Delinkalna_skatu_tornis-300x225.jpg\" alt=\"\" width=\"300\" height=\"225\" srcset=\"https:\/\/aluksne.lv\/projektiwp\/wp-content\/uploads\/2018\/03\/apr_Delinkalna_skatu_tornis-300x225.jpg 300w, https:\/\/aluksne.lv\/projektiwp\/wp-content\/uploads\/2018\/03\/apr_Delinkalna_skatu_tornis-768x577.jpg 768w, https:\/\/aluksne.lv\/projektiwp\/wp-content\/uploads\/2018\/03\/apr_Delinkalna_skatu_tornis-1024x769.jpg 1024w, https:\/\/aluksne.lv\/projektiwp\/wp-content\/uploads\/2018\/03\/apr_Delinkalna_skatu_tornis-1170x879.jpg 1170w, https:\/\/aluksne.lv\/projektiwp\/wp-content\/uploads\/2018\/03\/apr_Delinkalna_skatu_tornis-800x600.jpg 800w\" sizes=\"auto, (max-width: 300px) 100vw, 300px\" \/><br \/>\nAl\u016bksnes novada pa\u0161vald\u012bbas sabiedrisko attiec\u012bbu speci\u0101lists<\/span><\/strong><\/p>\n<p><strong>Ar Eiropas Re\u0123ion\u0101l\u0101s att\u012bst\u012bbas fonda atbalstu Al\u016bksnes augstienes augst\u0101kaj\u0101 punkt\u0101 \u2013 D\u0113li\u0146kaln\u0101, p\u0113c tehnolo\u0123isk\u0101 p\u0101rtraukuma turpin\u0101s skatu tor\u0146a izb\u016bves darbi.<\/strong><\/p>\n<p>Sp\u012bt\u0113jot slapjajam laikam, b\u016bvnieki sp\u0113ju\u0161i D\u0113li\u0146kalna virsotn\u0113 nog\u0101d\u0101t visu nepiecie\u0161amo tehniku sekm\u012bgai un kvalitat\u012bvai tor\u0146a izb\u016bvei. \u0160obr\u012bd izb\u016bv\u0113tas un nostiprin\u0101tas tor\u0146a galven\u0101s konstrukcijas.<\/p>\n<p>Jau \u0161obr\u012bd D\u0113li\u0146kalna skatu tornis slejas 27 metru augstum\u0101, un t\u0101 virsotn\u0113 saska\u0146\u0101 ar projektu izb\u016bv\u0113ta skatu platforma, kuru pl\u0101nots apr\u012bkot ar binokli. Projekta ietvaros pie jaunizb\u016bv\u0113t\u0101 skatu tor\u0146a uzst\u0101d\u012bs ar\u012b apmekl\u0113t\u0101ju monitoringa ier\u012bci, kas \u013caus uzskait\u012bt tor\u0146a apmekl\u0113t\u0101ju skaitu.<\/p>\n<p>Skatu tor\u0146a celtniec\u012bba norit saska\u0146\u0101 ar aizsarg\u0101jamo ainavu apvidus \u201cVeclaicene\u201d dabas aizsardz\u012bbas pl\u0101nu 2016.-2028. gadam.<\/p>\n<p>Darbus objekt\u0101 saska\u0146\u0101 ar iepirkumu proced\u016bras rezult\u0101tiem veic uz\u0146\u0113mumi SIA \u201cSmart Energy\u201d un SIA \u201cLivland Group\u201d. B\u016bvdarbu izmaksas sast\u0101da 258 421,24 bez PVN.<\/p>\n<p>B\u016bvniec\u012bbas darbi notiek projekta \u201cAizsarg\u0101jamo ainavu apvidus \u201cVeclaicene\u201d infrastrukt\u016bras uzlabo\u0161ana antropog\u0113n\u0101s slodzes mazin\u0101\u0161anai un pieejam\u012bbas nodro\u0161in\u0101\u0161anai\u201d ietvaros.<\/p>\n<p>FOTO: Druvis MUCENIEKS<\/p>\n<hr \/>\n<p>&nbsp;<\/p>\n","protected":false},"excerpt":{"rendered":"<p>&nbsp; \u00a0 \u201cAizsarg\u0101jamo ainavu apvidus \u201cVeclaicene\u201d infrastrukt\u016bras uzlabo\u0161ana antropog\u0113n\u0101s slodzes mazin\u0101\u0161anai un pieejam\u012bbas nodro\u0161in\u0101\u0161anai\u201d &nbsp; Specifisk\u0101 atbalsta m\u0113r\u0137a 5.4.1. projekts \u201cAizsarg\u0101jamo ainavu apvidus \u201cVeclaicene\u201d infrastrukt\u016bras uzlabo\u0161ana antropog\u0113n\u0101s slodzes mazin\u0101\u0161anai un pieejam\u012bbas nodro\u0161in\u0101\u0161anai\u201d. Projekta m\u0113r\u0137is: uzlabot eso\u0161o un izveidot jaunu kvalitat\u012bvu&#8230;<br \/><a class=\"read-more-button\" href=\"https:\/\/aluksne.lv\/projektiwp\/?p=52\">Las\u012bt visu<\/a><\/p>\n","protected":false},"author":1,"featured_media":0,"comment_status":"closed","ping_status":"closed","sticky":false,"template":"","format":"standard","meta":{"footnotes":""},"categories":[6],"tags":[],"class_list":["post-52","post","type-post","status-publish","format-standard","hentry","category-2020-gada-realizetie-projekti"],"yoast_head":"<!-- This site is optimized with the Yoast SEO plugin v27.3 - https:\/\/yoast.com\/product\/yoast-seo-wordpress\/ -->\n<title>\u201cAizsarg\u0101jamo ainavu apvidus \u201cVeclaicene\u201d infrastrukt\u016bras uzlabo\u0161ana antropog\u0113n\u0101s slodzes mazin\u0101\u0161anai un pieejam\u012bbas nodro\u0161in\u0101\u0161anai\u201d -<\/title>\n<meta name=\"robots\" content=\"index, follow, max-snippet:-1, max-image-preview:large, max-video-preview:-1\" \/>\n<link rel=\"canonical\" href=\"https:\/\/aluksne.lv\/projektiwp\/?p=52\" \/>\n<meta property=\"og:locale\" content=\"lv_LV\" \/>\n<meta property=\"og:type\" content=\"article\" \/>\n<meta property=\"og:title\" content=\"\u201cAizsarg\u0101jamo ainavu apvidus \u201cVeclaicene\u201d infrastrukt\u016bras uzlabo\u0161ana antropog\u0113n\u0101s slodzes mazin\u0101\u0161anai un pieejam\u012bbas nodro\u0161in\u0101\u0161anai\u201d -\" \/>\n<meta property=\"og:description\" content=\"&nbsp; \u00a0 \u201cAizsarg\u0101jamo ainavu apvidus \u201cVeclaicene\u201d infrastrukt\u016bras uzlabo\u0161ana antropog\u0113n\u0101s slodzes mazin\u0101\u0161anai un pieejam\u012bbas nodro\u0161in\u0101\u0161anai\u201d &nbsp; Specifisk\u0101 atbalsta m\u0113r\u0137a 5.4.1. projekts \u201cAizsarg\u0101jamo ainavu apvidus \u201cVeclaicene\u201d infrastrukt\u016bras uzlabo\u0161ana antropog\u0113n\u0101s slodzes mazin\u0101\u0161anai un pieejam\u012bbas nodro\u0161in\u0101\u0161anai\u201d. Projekta m\u0113r\u0137is: uzlabot eso\u0161o un izveidot jaunu kvalitat\u012bvu...Las\u012bt visu\" \/>\n<meta property=\"og:url\" content=\"https:\/\/aluksne.lv\/projektiwp\/?p=52\" \/>\n<meta property=\"article:published_time\" content=\"2018-03-07T09:32:10+00:00\" \/>\n<meta property=\"article:modified_time\" content=\"2020-06-16T05:06:13+00:00\" \/>\n<meta property=\"og:image\" content=\"http:\/\/aluksne.lv\/projektiwp\/wp-content\/uploads\/2018\/03\/proj.jpg\" \/>\n<meta name=\"author\" content=\"admin\" \/>\n<meta name=\"twitter:card\" content=\"summary_large_image\" \/>\n<meta name=\"twitter:label1\" content=\"Written by\" \/>\n\t<meta name=\"twitter:data1\" content=\"admin\" \/>\n\t<meta name=\"twitter:label2\" content=\"Est. reading time\" \/>\n\t<meta name=\"twitter:data2\" content=\"22 min\u016btes\" \/>\n<script type=\"application\/ld+json\" class=\"yoast-schema-graph\">{\"@context\":\"https:\\\/\\\/schema.org\",\"@graph\":[{\"@type\":\"Article\",\"@id\":\"https:\\\/\\\/aluksne.lv\\\/projektiwp\\\/?p=52#article\",\"isPartOf\":{\"@id\":\"https:\\\/\\\/aluksne.lv\\\/projektiwp\\\/?p=52\"},\"author\":{\"name\":\"admin\",\"@id\":\"https:\\\/\\\/aluksne.lv\\\/projektiwp\\\/#\\\/schema\\\/person\\\/5bbfe6f0339075c2564deee576ae358e\"},\"headline\":\"\u201cAizsarg\u0101jamo ainavu apvidus \u201cVeclaicene\u201d infrastrukt\u016bras uzlabo\u0161ana antropog\u0113n\u0101s slodzes mazin\u0101\u0161anai un pieejam\u012bbas nodro\u0161in\u0101\u0161anai\u201d\",\"datePublished\":\"2018-03-07T09:32:10+00:00\",\"dateModified\":\"2020-06-16T05:06:13+00:00\",\"mainEntityOfPage\":{\"@id\":\"https:\\\/\\\/aluksne.lv\\\/projektiwp\\\/?p=52\"},\"wordCount\":4381,\"image\":{\"@id\":\"https:\\\/\\\/aluksne.lv\\\/projektiwp\\\/?p=52#primaryimage\"},\"thumbnailUrl\":\"http:\\\/\\\/aluksne.lv\\\/projektiwp\\\/wp-content\\\/uploads\\\/2018\\\/03\\\/proj.jpg\",\"articleSection\":[\"2020. gad\u0101 realiz\u0113tie projekti\"],\"inLanguage\":\"lv-LV\"},{\"@type\":\"WebPage\",\"@id\":\"https:\\\/\\\/aluksne.lv\\\/projektiwp\\\/?p=52\",\"url\":\"https:\\\/\\\/aluksne.lv\\\/projektiwp\\\/?p=52\",\"name\":\"\u201cAizsarg\u0101jamo ainavu apvidus \u201cVeclaicene\u201d infrastrukt\u016bras uzlabo\u0161ana antropog\u0113n\u0101s slodzes mazin\u0101\u0161anai un pieejam\u012bbas nodro\u0161in\u0101\u0161anai\u201d -\",\"isPartOf\":{\"@id\":\"https:\\\/\\\/aluksne.lv\\\/projektiwp\\\/#website\"},\"primaryImageOfPage\":{\"@id\":\"https:\\\/\\\/aluksne.lv\\\/projektiwp\\\/?p=52#primaryimage\"},\"image\":{\"@id\":\"https:\\\/\\\/aluksne.lv\\\/projektiwp\\\/?p=52#primaryimage\"},\"thumbnailUrl\":\"http:\\\/\\\/aluksne.lv\\\/projektiwp\\\/wp-content\\\/uploads\\\/2018\\\/03\\\/proj.jpg\",\"datePublished\":\"2018-03-07T09:32:10+00:00\",\"dateModified\":\"2020-06-16T05:06:13+00:00\",\"author\":{\"@id\":\"https:\\\/\\\/aluksne.lv\\\/projektiwp\\\/#\\\/schema\\\/person\\\/5bbfe6f0339075c2564deee576ae358e\"},\"breadcrumb\":{\"@id\":\"https:\\\/\\\/aluksne.lv\\\/projektiwp\\\/?p=52#breadcrumb\"},\"inLanguage\":\"lv-LV\",\"potentialAction\":[{\"@type\":\"ReadAction\",\"target\":[\"https:\\\/\\\/aluksne.lv\\\/projektiwp\\\/?p=52\"]}]},{\"@type\":\"ImageObject\",\"inLanguage\":\"lv-LV\",\"@id\":\"https:\\\/\\\/aluksne.lv\\\/projektiwp\\\/?p=52#primaryimage\",\"url\":\"https:\\\/\\\/aluksne.lv\\\/projektiwp\\\/wp-content\\\/uploads\\\/2018\\\/03\\\/proj.jpg\",\"contentUrl\":\"https:\\\/\\\/aluksne.lv\\\/projektiwp\\\/wp-content\\\/uploads\\\/2018\\\/03\\\/proj.jpg\",\"width\":842,\"height\":218},{\"@type\":\"BreadcrumbList\",\"@id\":\"https:\\\/\\\/aluksne.lv\\\/projektiwp\\\/?p=52#breadcrumb\",\"itemListElement\":[{\"@type\":\"ListItem\",\"position\":1,\"name\":\"Home\",\"item\":\"https:\\\/\\\/aluksne.lv\\\/projektiwp\"},{\"@type\":\"ListItem\",\"position\":2,\"name\":\"\u201cAizsarg\u0101jamo ainavu apvidus \u201cVeclaicene\u201d infrastrukt\u016bras uzlabo\u0161ana antropog\u0113n\u0101s slodzes mazin\u0101\u0161anai un pieejam\u012bbas nodro\u0161in\u0101\u0161anai\u201d\"}]},{\"@type\":\"WebSite\",\"@id\":\"https:\\\/\\\/aluksne.lv\\\/projektiwp\\\/#website\",\"url\":\"https:\\\/\\\/aluksne.lv\\\/projektiwp\\\/\",\"name\":\"\",\"description\":\"\",\"potentialAction\":[{\"@type\":\"SearchAction\",\"target\":{\"@type\":\"EntryPoint\",\"urlTemplate\":\"https:\\\/\\\/aluksne.lv\\\/projektiwp\\\/?s={search_term_string}\"},\"query-input\":{\"@type\":\"PropertyValueSpecification\",\"valueRequired\":true,\"valueName\":\"search_term_string\"}}],\"inLanguage\":\"lv-LV\"},{\"@type\":\"Person\",\"@id\":\"https:\\\/\\\/aluksne.lv\\\/projektiwp\\\/#\\\/schema\\\/person\\\/5bbfe6f0339075c2564deee576ae358e\",\"name\":\"admin\",\"image\":{\"@type\":\"ImageObject\",\"inLanguage\":\"lv-LV\",\"@id\":\"https:\\\/\\\/secure.gravatar.com\\\/avatar\\\/5dccc4acb9c1301b6606b051bf996820a712ba76471b8877da24e59a7e551703?s=96&d=mm&r=g\",\"url\":\"https:\\\/\\\/secure.gravatar.com\\\/avatar\\\/5dccc4acb9c1301b6606b051bf996820a712ba76471b8877da24e59a7e551703?s=96&d=mm&r=g\",\"contentUrl\":\"https:\\\/\\\/secure.gravatar.com\\\/avatar\\\/5dccc4acb9c1301b6606b051bf996820a712ba76471b8877da24e59a7e551703?s=96&d=mm&r=g\",\"caption\":\"admin\"},\"url\":\"https:\\\/\\\/aluksne.lv\\\/projektiwp\\\/?author=1\"}]}<\/script>\n<!-- \/ Yoast SEO plugin. -->","yoast_head_json":{"title":"\u201cAizsarg\u0101jamo ainavu apvidus \u201cVeclaicene\u201d infrastrukt\u016bras uzlabo\u0161ana antropog\u0113n\u0101s slodzes mazin\u0101\u0161anai un pieejam\u012bbas nodro\u0161in\u0101\u0161anai\u201d -","robots":{"index":"index","follow":"follow","max-snippet":"max-snippet:-1","max-image-preview":"max-image-preview:large","max-video-preview":"max-video-preview:-1"},"canonical":"https:\/\/aluksne.lv\/projektiwp\/?p=52","og_locale":"lv_LV","og_type":"article","og_title":"\u201cAizsarg\u0101jamo ainavu apvidus \u201cVeclaicene\u201d infrastrukt\u016bras uzlabo\u0161ana antropog\u0113n\u0101s slodzes mazin\u0101\u0161anai un pieejam\u012bbas nodro\u0161in\u0101\u0161anai\u201d -","og_description":"&nbsp; \u00a0 \u201cAizsarg\u0101jamo ainavu apvidus \u201cVeclaicene\u201d infrastrukt\u016bras uzlabo\u0161ana antropog\u0113n\u0101s slodzes mazin\u0101\u0161anai un pieejam\u012bbas nodro\u0161in\u0101\u0161anai\u201d &nbsp; Specifisk\u0101 atbalsta m\u0113r\u0137a 5.4.1. projekts \u201cAizsarg\u0101jamo ainavu apvidus \u201cVeclaicene\u201d infrastrukt\u016bras uzlabo\u0161ana antropog\u0113n\u0101s slodzes mazin\u0101\u0161anai un pieejam\u012bbas nodro\u0161in\u0101\u0161anai\u201d. Projekta m\u0113r\u0137is: uzlabot eso\u0161o un izveidot jaunu kvalitat\u012bvu...Las\u012bt visu","og_url":"https:\/\/aluksne.lv\/projektiwp\/?p=52","article_published_time":"2018-03-07T09:32:10+00:00","article_modified_time":"2020-06-16T05:06:13+00:00","og_image":[{"url":"http:\/\/aluksne.lv\/projektiwp\/wp-content\/uploads\/2018\/03\/proj.jpg","type":"","width":"","height":""}],"author":"admin","twitter_card":"summary_large_image","twitter_misc":{"Written by":"admin","Est. reading time":"22 min\u016btes"},"schema":{"@context":"https:\/\/schema.org","@graph":[{"@type":"Article","@id":"https:\/\/aluksne.lv\/projektiwp\/?p=52#article","isPartOf":{"@id":"https:\/\/aluksne.lv\/projektiwp\/?p=52"},"author":{"name":"admin","@id":"https:\/\/aluksne.lv\/projektiwp\/#\/schema\/person\/5bbfe6f0339075c2564deee576ae358e"},"headline":"\u201cAizsarg\u0101jamo ainavu apvidus \u201cVeclaicene\u201d infrastrukt\u016bras uzlabo\u0161ana antropog\u0113n\u0101s slodzes mazin\u0101\u0161anai un pieejam\u012bbas nodro\u0161in\u0101\u0161anai\u201d","datePublished":"2018-03-07T09:32:10+00:00","dateModified":"2020-06-16T05:06:13+00:00","mainEntityOfPage":{"@id":"https:\/\/aluksne.lv\/projektiwp\/?p=52"},"wordCount":4381,"image":{"@id":"https:\/\/aluksne.lv\/projektiwp\/?p=52#primaryimage"},"thumbnailUrl":"http:\/\/aluksne.lv\/projektiwp\/wp-content\/uploads\/2018\/03\/proj.jpg","articleSection":["2020. gad\u0101 realiz\u0113tie projekti"],"inLanguage":"lv-LV"},{"@type":"WebPage","@id":"https:\/\/aluksne.lv\/projektiwp\/?p=52","url":"https:\/\/aluksne.lv\/projektiwp\/?p=52","name":"\u201cAizsarg\u0101jamo ainavu apvidus \u201cVeclaicene\u201d infrastrukt\u016bras uzlabo\u0161ana antropog\u0113n\u0101s slodzes mazin\u0101\u0161anai un pieejam\u012bbas nodro\u0161in\u0101\u0161anai\u201d -","isPartOf":{"@id":"https:\/\/aluksne.lv\/projektiwp\/#website"},"primaryImageOfPage":{"@id":"https:\/\/aluksne.lv\/projektiwp\/?p=52#primaryimage"},"image":{"@id":"https:\/\/aluksne.lv\/projektiwp\/?p=52#primaryimage"},"thumbnailUrl":"http:\/\/aluksne.lv\/projektiwp\/wp-content\/uploads\/2018\/03\/proj.jpg","datePublished":"2018-03-07T09:32:10+00:00","dateModified":"2020-06-16T05:06:13+00:00","author":{"@id":"https:\/\/aluksne.lv\/projektiwp\/#\/schema\/person\/5bbfe6f0339075c2564deee576ae358e"},"breadcrumb":{"@id":"https:\/\/aluksne.lv\/projektiwp\/?p=52#breadcrumb"},"inLanguage":"lv-LV","potentialAction":[{"@type":"ReadAction","target":["https:\/\/aluksne.lv\/projektiwp\/?p=52"]}]},{"@type":"ImageObject","inLanguage":"lv-LV","@id":"https:\/\/aluksne.lv\/projektiwp\/?p=52#primaryimage","url":"https:\/\/aluksne.lv\/projektiwp\/wp-content\/uploads\/2018\/03\/proj.jpg","contentUrl":"https:\/\/aluksne.lv\/projektiwp\/wp-content\/uploads\/2018\/03\/proj.jpg","width":842,"height":218},{"@type":"BreadcrumbList","@id":"https:\/\/aluksne.lv\/projektiwp\/?p=52#breadcrumb","itemListElement":[{"@type":"ListItem","position":1,"name":"Home","item":"https:\/\/aluksne.lv\/projektiwp"},{"@type":"ListItem","position":2,"name":"\u201cAizsarg\u0101jamo ainavu apvidus \u201cVeclaicene\u201d infrastrukt\u016bras uzlabo\u0161ana antropog\u0113n\u0101s slodzes mazin\u0101\u0161anai un pieejam\u012bbas nodro\u0161in\u0101\u0161anai\u201d"}]},{"@type":"WebSite","@id":"https:\/\/aluksne.lv\/projektiwp\/#website","url":"https:\/\/aluksne.lv\/projektiwp\/","name":"","description":"","potentialAction":[{"@type":"SearchAction","target":{"@type":"EntryPoint","urlTemplate":"https:\/\/aluksne.lv\/projektiwp\/?s={search_term_string}"},"query-input":{"@type":"PropertyValueSpecification","valueRequired":true,"valueName":"search_term_string"}}],"inLanguage":"lv-LV"},{"@type":"Person","@id":"https:\/\/aluksne.lv\/projektiwp\/#\/schema\/person\/5bbfe6f0339075c2564deee576ae358e","name":"admin","image":{"@type":"ImageObject","inLanguage":"lv-LV","@id":"https:\/\/secure.gravatar.com\/avatar\/5dccc4acb9c1301b6606b051bf996820a712ba76471b8877da24e59a7e551703?s=96&d=mm&r=g","url":"https:\/\/secure.gravatar.com\/avatar\/5dccc4acb9c1301b6606b051bf996820a712ba76471b8877da24e59a7e551703?s=96&d=mm&r=g","contentUrl":"https:\/\/secure.gravatar.com\/avatar\/5dccc4acb9c1301b6606b051bf996820a712ba76471b8877da24e59a7e551703?s=96&d=mm&r=g","caption":"admin"},"url":"https:\/\/aluksne.lv\/projektiwp\/?author=1"}]}},"_links":{"self":[{"href":"https:\/\/aluksne.lv\/projektiwp\/index.php?rest_route=\/wp\/v2\/posts\/52","targetHints":{"allow":["GET"]}}],"collection":[{"href":"https:\/\/aluksne.lv\/projektiwp\/index.php?rest_route=\/wp\/v2\/posts"}],"about":[{"href":"https:\/\/aluksne.lv\/projektiwp\/index.php?rest_route=\/wp\/v2\/types\/post"}],"author":[{"embeddable":true,"href":"https:\/\/aluksne.lv\/projektiwp\/index.php?rest_route=\/wp\/v2\/users\/1"}],"replies":[{"embeddable":true,"href":"https:\/\/aluksne.lv\/projektiwp\/index.php?rest_route=%2Fwp%2Fv2%2Fcomments&post=52"}],"version-history":[{"count":20,"href":"https:\/\/aluksne.lv\/projektiwp\/index.php?rest_route=\/wp\/v2\/posts\/52\/revisions"}],"predecessor-version":[{"id":627,"href":"https:\/\/aluksne.lv\/projektiwp\/index.php?rest_route=\/wp\/v2\/posts\/52\/revisions\/627"}],"wp:attachment":[{"href":"https:\/\/aluksne.lv\/projektiwp\/index.php?rest_route=%2Fwp%2Fv2%2Fmedia&parent=52"}],"wp:term":[{"taxonomy":"category","embeddable":true,"href":"https:\/\/aluksne.lv\/projektiwp\/index.php?rest_route=%2Fwp%2Fv2%2Fcategories&post=52"},{"taxonomy":"post_tag","embeddable":true,"href":"https:\/\/aluksne.lv\/projektiwp\/index.php?rest_route=%2Fwp%2Fv2%2Ftags&post=52"}],"curies":[{"name":"wp","href":"https:\/\/api.w.org\/{rel}","templated":true}]}}